{"id":8856,"date":"2026-01-17T11:20:29","date_gmt":"2026-01-17T11:20:29","guid":{"rendered":"https:\/\/www.rengoenlanoticia.cl\/prensa\/?p=8856"},"modified":"2026-01-17T11:20:30","modified_gmt":"2026-01-17T11:20:30","slug":"13-trabajadores-y-trabajadoras-de-ohiggins-se-certifican-como-supervisores-de-albanileria-para-fortalecer-el-sector-construccion","status":"publish","type":"post","link":"https:\/\/www.rengoenlanoticia.cl\/prensa\/2026\/01\/17\/13-trabajadores-y-trabajadoras-de-ohiggins-se-certifican-como-supervisores-de-albanileria-para-fortalecer-el-sector-construccion\/","title":{"rendered":"13 trabajadores y trabajadoras de O\u2019Higgins se certifican como supervisores de alba\u00f1iler\u00eda para fortalecer el sector construcci\u00f3n"},"content":{"rendered":"\n<p>Gracias al programa Becas Laborales de Sence por medio del trabajo del Consejo Regional de Capacitaci\u00f3n, es que estos nuevos y nuevas profesionales acceden a una nueva etapa profesional con una alta probabilidad de empleabilidad.<\/p>\n\n\n\n<p>En una emotiva ceremonia realizada en las dependencias del Obispado de Rancagua, 13 alumnos y alumnas recibieron sus diplomas tras aprobar con \u00e9xito el curso \u201cSupervisi\u00f3n de Labores de Alba\u00f1iler\u00eda\u201d. La iniciativa, impulsada por el Servicio Nacional de Capacitaci\u00f3n y Empleo (Sence) a trav\u00e9s de su programa Becas Laborales, busca profesionalizar la mano de obra local en un rubro clave para la econom\u00eda regional.<\/p>\n\n\n\n<p>El acto cont\u00f3 con la participaci\u00f3n del Seremi del Trabajo y Previsi\u00f3n Social, Jaime Chamorro Galdames, y la Directora Regional (s) de Sence O&#8217;Higgins, Marcela Contreras, quienes destac\u00f3 el origen de este curso, explicando que: \u201choy asistimos al cierre de un proceso de capacitaci\u00f3n cuyo requerimiento parti\u00f3 en la mesa Mujer y Construcci\u00f3n (compuesta por entidades p\u00fablicas y privadas), el cual acogi\u00f3 el Consejo Regional de Capacitaci\u00f3n de Sence a trav\u00e9s del programa de becas laborales\u201d.<\/p>\n\n\n\n<p>La representante del servicio tambi\u00e9n agreg\u00f3 que: \u201cesperamos que este curso sea una herramienta que permita tanto a las mujeres como a los varones que participaron, mejorar su empleabilidad en el sector construcci\u00f3n u otra \u00e1rea donde puedan aplicar el conocimiento adquirido y adem\u00e1s les invitamos a visitar las Omil donde podr\u00e1n encontrar orientaci\u00f3n laboral, oportunidades de empleo y otros servicios en el marco del convenio que estas poseen con SENCE\u201d puntualiz\u00f3.<\/p>\n\n\n\n<p><strong>ESPECIALIZACI\u00d3N Y SEGURIDAD<\/strong><\/p>\n\n\n\n<p>El curso, ejecutado por el organismo Formaci\u00f3n y Capacitaci\u00f3n Laboral Spa, entreg\u00f3 herramientas avanzadas para que los egresados puedan desempe\u00f1arse como Maestros Mayores. Entre los m\u00f3dulos cursados destacan el control de actividades de alba\u00f1iler\u00eda, aplicaci\u00f3n de estucos y enchapes, y un fuerte \u00e9nfasis en el traslado seguro y prevenci\u00f3n de riesgos en faenas de construcci\u00f3n.<\/p>\n\n\n\n<p>Al respecto, el Seremi Jaime Chamorro se\u00f1al\u00f3 que \u201c\u201cEn este 2026 seguimos con la labor de SENCE de capacitar para el empleo formal conforme al Trabajo Decente. En esta oportunidad, nos convoca una ceremonia de certificaci\u00f3n de Supervisi\u00f3n de Labores de Alba\u00f1iler\u00eda en Rancagua del programa Becas Laborales; continuamos brindando a las vecinas y vecinos de O\u00b4Higgins cursos con pertinencia territorial que permiten a sus beneficiarios acceder a m\u00e1s y mejores oportunidades laborales\u201d.<\/p>\n\n\n\n<figure class=\"wp-block-image size-large\"><img loading=\"lazy\" decoding=\"async\" width=\"1024\" height=\"473\" src=\"https:\/\/www.rengoenlanoticia.cl\/prensa\/wp-content\/uploads\/2026\/01\/WhatsApp-Image-2026-01-16-at-10.47.12-1-1024x473.jpeg\" alt=\"\" class=\"wp-image-8867\" srcset=\"https:\/\/www.rengoenlanoticia.cl\/prensa\/wp-content\/uploads\/2026\/01\/WhatsApp-Image-2026-01-16-at-10.47.12-1-1024x473.jpeg 1024w, https:\/\/www.rengoenlanoticia.cl\/prensa\/wp-content\/uploads\/2026\/01\/WhatsApp-Image-2026-01-16-at-10.47.12-1-300x139.jpeg 300w, https:\/\/www.rengoenlanoticia.cl\/prensa\/wp-content\/uploads\/2026\/01\/WhatsApp-Image-2026-01-16-at-10.47.12-1-768x355.jpeg 768w, https:\/\/www.rengoenlanoticia.cl\/prensa\/wp-content\/uploads\/2026\/01\/WhatsApp-Image-2026-01-16-at-10.47.12-1-1536x710.jpeg 1536w, https:\/\/www.rengoenlanoticia.cl\/prensa\/wp-content\/uploads\/2026\/01\/WhatsApp-Image-2026-01-16-at-10.47.12-1-2048x946.jpeg 2048w, https:\/\/www.rengoenlanoticia.cl\/prensa\/wp-content\/uploads\/2026\/01\/WhatsApp-Image-2026-01-16-at-10.47.12-1-110x51.jpeg 110w, https:\/\/www.rengoenlanoticia.cl\/prensa\/wp-content\/uploads\/2026\/01\/WhatsApp-Image-2026-01-16-at-10.47.12-1-200x92.jpeg 200w, https:\/\/www.rengoenlanoticia.cl\/prensa\/wp-content\/uploads\/2026\/01\/WhatsApp-Image-2026-01-16-at-10.47.12-1-380x176.jpeg 380w, https:\/\/www.rengoenlanoticia.cl\/prensa\/wp-content\/uploads\/2026\/01\/WhatsApp-Image-2026-01-16-at-10.47.12-1-255x118.jpeg 255w, https:\/\/www.rengoenlanoticia.cl\/prensa\/wp-content\/uploads\/2026\/01\/WhatsApp-Image-2026-01-16-at-10.47.12-1-550x254.jpeg 550w, https:\/\/www.rengoenlanoticia.cl\/prensa\/wp-content\/uploads\/2026\/01\/WhatsApp-Image-2026-01-16-at-10.47.12-1-800x370.jpeg 800w, https:\/\/www.rengoenlanoticia.cl\/prensa\/wp-content\/uploads\/2026\/01\/WhatsApp-Image-2026-01-16-at-10.47.12-1-1160x536.jpeg 1160w, https:\/\/www.rengoenlanoticia.cl\/prensa\/wp-content\/uploads\/2026\/01\/WhatsApp-Image-2026-01-16-at-10.47.12-1-scaled.jpeg 2560w\" sizes=\"auto, (max-width: 1024px) 100vw, 1024px\" \/><\/figure>\n\n\n\n<p><strong>PROYECCI\u00d3N LABORAL<\/strong><\/p>\n\n\n\n<p>Los nuevos supervisores quedaron habilitados para desempe\u00f1arse en diversos contextos, tales como: Edificaci\u00f3n en altura y viviendas en extensi\u00f3n, Montajes industriales y obras hidr\u00e1ulicas, Construcci\u00f3n de caminos, carreteras y obras portuarias.<\/p>\n\n\n\n<p>La ceremonia concluy\u00f3 con la entrega de certificados y el reconocimiento a la Federaci\u00f3n Sindical Fetracich por facilitar el espacio para este proceso formativo que hoy entrega nuevos especialistas al servicio de la Regi\u00f3n de O\u2019Higgins.<\/p>\n","protected":false},"excerpt":{"rendered":"Gracias al programa Becas Laborales de Sence por medio del trabajo del Consejo Regional de Capacitaci\u00f3n, es que&hellip;\n","protected":false},"author":1,"featured_media":8868,"comment_status":"open","ping_status":"open","sticky":false,"template":"","format":"standard","meta":{"_monsterinsights_skip_tracking":false,"_monsterinsights_sitenote_active":false,"_monsterinsights_sitenote_note":"","_monsterinsights_sitenote_category":0,"footnotes":""},"categories":[8],"tags":[],"class_list":{"0":"post-8856","1":"post","2":"type-post","3":"status-publish","4":"format-standard","5":"has-post-thumbnail","7":"category-portada"},"aioseo_notices":[],"_links":{"self":[{"href":"https:\/\/www.rengoenlanoticia.cl\/prensa\/wp-json\/wp\/v2\/posts\/8856","targetHints":{"allow":["GET"]}}],"collection":[{"href":"https:\/\/www.rengoenlanoticia.cl\/prensa\/wp-json\/wp\/v2\/posts"}],"about":[{"href":"https:\/\/www.rengoenlanoticia.cl\/prensa\/wp-json\/wp\/v2\/types\/post"}],"author":[{"embeddable":true,"href":"https:\/\/www.rengoenlanoticia.cl\/prensa\/wp-json\/wp\/v2\/users\/1"}],"replies":[{"embeddable":true,"href":"https:\/\/www.rengoenlanoticia.cl\/prensa\/wp-json\/wp\/v2\/comments?post=8856"}],"version-history":[{"count":3,"href":"https:\/\/www.rengoenlanoticia.cl\/prensa\/wp-json\/wp\/v2\/posts\/8856\/revisions"}],"predecessor-version":[{"id":8880,"href":"https:\/\/www.rengoenlanoticia.cl\/prensa\/wp-json\/wp\/v2\/posts\/8856\/revisions\/8880"}],"wp:featuredmedia":[{"embeddable":true,"href":"https:\/\/www.rengoenlanoticia.cl\/prensa\/wp-json\/wp\/v2\/media\/8868"}],"wp:attachment":[{"href":"https:\/\/www.rengoenlanoticia.cl\/prensa\/wp-json\/wp\/v2\/media?parent=8856"}],"wp:term":[{"taxonomy":"category","embeddable":true,"href":"https:\/\/www.rengoenlanoticia.cl\/prensa\/wp-json\/wp\/v2\/categories?post=8856"},{"taxonomy":"post_tag","embeddable":true,"href":"https:\/\/www.rengoenlanoticia.cl\/prensa\/wp-json\/wp\/v2\/tags?post=8856"}],"curies":[{"name":"wp","href":"https:\/\/api.w.org\/{rel}","templated":true}]}}