{"id":8855,"date":"2026-01-17T11:20:33","date_gmt":"2026-01-17T11:20:33","guid":{"rendered":"https:\/\/www.rengoenlanoticia.cl\/prensa\/?p=8855"},"modified":"2026-01-17T11:20:34","modified_gmt":"2026-01-17T11:20:34","slug":"sistema-nacional-de-cuidados-senador-juan-luis-castro-resalta-aprobacion-historica-de-ley-que-reconoce-el-derecho-a-cuidar","status":"publish","type":"post","link":"https:\/\/www.rengoenlanoticia.cl\/prensa\/2026\/01\/17\/sistema-nacional-de-cuidados-senador-juan-luis-castro-resalta-aprobacion-historica-de-ley-que-reconoce-el-derecho-a-cuidar\/","title":{"rendered":"Sistema Nacional de Cuidados: Senador Juan Luis Castro resalta aprobaci\u00f3n hist\u00f3rica de ley que reconoce el derecho a cuidar"},"content":{"rendered":"\n<p>El parlamentario subray\u00f3 que la nueva norma deja de tratar el cuidado como un problema privado y lo transforma en una responsabilidad del Estado, beneficiando a personas mayores, con discapacidad, en situaci\u00f3n de dependencia y a quienes cumplen esta tarea sin remuneraci\u00f3n.<\/p>\n\n\n\n<p>Como un paso hist\u00f3rico en materia de justicia social calific\u00f3 el senador por la regi\u00f3n de O\u2019Higgins, Juan Luis Castro, la aprobaci\u00f3n en el Senado del proyecto de ley que reconoce el derecho al cuidado y crea el Sistema Nacional de Apoyos y Cuidados, iniciativa que qued\u00f3 en condiciones de convertirse en ley de la Rep\u00fablica.<\/p>\n\n\n\n<p>Durante su intervenci\u00f3n en sala, el parlamentario enfatiz\u00f3 que el cuidado \u201csostiene la vida cotidiana de miles de familias, pero por a\u00f1os ha sido invisible\u201d, recordando que en Chile m\u00e1s de un mill\u00f3n de personas cuidan a otras, en su mayor\u00eda mujeres, sin remuneraci\u00f3n, sin redes de apoyo y muchas veces postergando su propio desarrollo personal y laboral.<\/p>\n\n\n\n<p>Castro explic\u00f3 que la nueva ley cumple tres objetivos centrales: reconocer el cuidado como un derecho social, ordenar y coordinar la oferta p\u00fablica existente mediante un sistema nacional, y poner en el centro a las personas cuidadoras, reconociendo su labor como trabajo socialmente relevante. \u201cCuidar deja de ser solo un problema privado y pasa a ser una responsabilidad que el Estado debe asumir, organizar y acompa\u00f1ar\u201d, sostuvo.<\/p>\n\n\n\n<p>El senador tambi\u00e9n fue enf\u00e1tico en aclarar que la norma no crea bonos ni pagos autom\u00e1ticos, pero s\u00ed establece el marco legal e institucional indispensable para avanzar en pol\u00edticas p\u00fablicas reales y sostenidas en el tiempo. \u201cSin esta ley no hay sistema, sin sistema no hay pol\u00edtica p\u00fablica en cuidados, y sin pol\u00edtica p\u00fablica las cuidadoras siguen solas\u201d, advirti\u00f3.<\/p>\n\n\n\n<p>Finalmente, Juan Luis Castro se\u00f1al\u00f3 que esta ley permitir\u00e1 avanzar hacia una nueva organizaci\u00f3n social del cuidado, reduciendo la carga que hist\u00f3ricamente ha reca\u00eddo en las mujeres y fortaleciendo el rol del Estado, los municipios y las comunidades. \u201cAprobar este proyecto es decir que el cuidado importa y que quienes cuidan no est\u00e1n invisibles. Es un acto de justicia social y un avance concreto hacia un Chile m\u00e1s justo\u201d, concluy\u00f3.<\/p>\n","protected":false},"excerpt":{"rendered":"El parlamentario subray\u00f3 que la nueva norma deja de tratar el cuidado como un problema privado y lo&hellip;\n","protected":false},"author":1,"featured_media":8871,"comment_status":"open","ping_status":"open","sticky":false,"template":"","format":"standard","meta":{"_monsterinsights_skip_tracking":false,"_monsterinsights_sitenote_active":false,"_monsterinsights_sitenote_note":"","_monsterinsights_sitenote_category":0,"footnotes":""},"categories":[8],"tags":[],"class_list":{"0":"post-8855","1":"post","2":"type-post","3":"status-publish","4":"format-standard","5":"has-post-thumbnail","7":"category-portada"},"aioseo_notices":[],"_links":{"self":[{"href":"https:\/\/www.rengoenlanoticia.cl\/prensa\/wp-json\/wp\/v2\/posts\/8855","targetHints":{"allow":["GET"]}}],"collection":[{"href":"https:\/\/www.rengoenlanoticia.cl\/prensa\/wp-json\/wp\/v2\/posts"}],"about":[{"href":"https:\/\/www.rengoenlanoticia.cl\/prensa\/wp-json\/wp\/v2\/types\/post"}],"author":[{"embeddable":true,"href":"https:\/\/www.rengoenlanoticia.cl\/prensa\/wp-json\/wp\/v2\/users\/1"}],"replies":[{"embeddable":true,"href":"https:\/\/www.rengoenlanoticia.cl\/prensa\/wp-json\/wp\/v2\/comments?post=8855"}],"version-history":[{"count":3,"href":"https:\/\/www.rengoenlanoticia.cl\/prensa\/wp-json\/wp\/v2\/posts\/8855\/revisions"}],"predecessor-version":[{"id":8881,"href":"https:\/\/www.rengoenlanoticia.cl\/prensa\/wp-json\/wp\/v2\/posts\/8855\/revisions\/8881"}],"wp:featuredmedia":[{"embeddable":true,"href":"https:\/\/www.rengoenlanoticia.cl\/prensa\/wp-json\/wp\/v2\/media\/8871"}],"wp:attachment":[{"href":"https:\/\/www.rengoenlanoticia.cl\/prensa\/wp-json\/wp\/v2\/media?parent=8855"}],"wp:term":[{"taxonomy":"category","embeddable":true,"href":"https:\/\/www.rengoenlanoticia.cl\/prensa\/wp-json\/wp\/v2\/categories?post=8855"},{"taxonomy":"post_tag","embeddable":true,"href":"https:\/\/www.rengoenlanoticia.cl\/prensa\/wp-json\/wp\/v2\/tags?post=8855"}],"curies":[{"name":"wp","href":"https:\/\/api.w.org\/{rel}","templated":true}]}}