{"id":8854,"date":"2026-01-17T11:32:19","date_gmt":"2026-01-17T11:32:19","guid":{"rendered":"https:\/\/www.rengoenlanoticia.cl\/prensa\/?p=8854"},"modified":"2026-01-17T11:32:21","modified_gmt":"2026-01-17T11:32:21","slug":"embalse-bollenar-da-su-primer-paso-clave-con-amplia-coordinacion-interinstitucional","status":"publish","type":"post","link":"https:\/\/www.rengoenlanoticia.cl\/prensa\/2026\/01\/17\/embalse-bollenar-da-su-primer-paso-clave-con-amplia-coordinacion-interinstitucional\/","title":{"rendered":"Embalse Bollenar da su primer paso clave\u00a0con amplia coordinaci\u00f3n interinstitucional"},"content":{"rendered":"\n<p>&nbsp;Servicios p\u00fablicos, autoridades locales y organizaciones de regantes participaron en el primer encuentro del estudio a nivel de dise\u00f1o del Embalse Bollenar,&nbsp;instancia convocada por el Ministerio de Obras P\u00fablicas para informar alcances,&nbsp;beneficios y etapas del proyecto.<\/p>\n\n\n\n<p>En Rancagua se desarroll\u00f3 el primer encuentro interinstitucional del Dise\u00f1o del Embalse Bollenar, una reuni\u00f3n informativa convocada por el Ministerio de Obras P\u00fablicas (MOP), que reuni\u00f3 a diversos servicios p\u00fablicos y actores estrat\u00e9gicos del territorio vinculados a la gesti\u00f3n h\u00eddrica.<\/p>\n\n\n\n<p>En la jornada participaron representantes de la Municipalidad de Rengo, la Seremi de Obras P\u00fablicas, la Direcci\u00f3n de Obras Hidr\u00e1ulicas (DOH), la Comisi\u00f3n Nacional de Riego (CNR), INDAP, SAG, CONAF, organizaciones de regantes, servicios sanitarios rurales, adem\u00e1s de equipos t\u00e9cnicos del \u00e1mbito h\u00eddrico, entre otros organismos del Estado.<\/p>\n\n\n\n<figure class=\"wp-block-image size-full\"><img loading=\"lazy\" decoding=\"async\" width=\"960\" height=\"640\" src=\"https:\/\/www.rengoenlanoticia.cl\/prensa\/wp-content\/uploads\/2026\/01\/Participacion-ciudadana.jpg\" alt=\"\" class=\"wp-image-8882\" srcset=\"https:\/\/www.rengoenlanoticia.cl\/prensa\/wp-content\/uploads\/2026\/01\/Participacion-ciudadana.jpg 960w, https:\/\/www.rengoenlanoticia.cl\/prensa\/wp-content\/uploads\/2026\/01\/Participacion-ciudadana-300x200.jpg 300w, https:\/\/www.rengoenlanoticia.cl\/prensa\/wp-content\/uploads\/2026\/01\/Participacion-ciudadana-768x512.jpg 768w, https:\/\/www.rengoenlanoticia.cl\/prensa\/wp-content\/uploads\/2026\/01\/Participacion-ciudadana-110x73.jpg 110w, https:\/\/www.rengoenlanoticia.cl\/prensa\/wp-content\/uploads\/2026\/01\/Participacion-ciudadana-200x133.jpg 200w, https:\/\/www.rengoenlanoticia.cl\/prensa\/wp-content\/uploads\/2026\/01\/Participacion-ciudadana-380x253.jpg 380w, https:\/\/www.rengoenlanoticia.cl\/prensa\/wp-content\/uploads\/2026\/01\/Participacion-ciudadana-255x170.jpg 255w, https:\/\/www.rengoenlanoticia.cl\/prensa\/wp-content\/uploads\/2026\/01\/Participacion-ciudadana-550x367.jpg 550w, https:\/\/www.rengoenlanoticia.cl\/prensa\/wp-content\/uploads\/2026\/01\/Participacion-ciudadana-800x533.jpg 800w\" sizes=\"auto, (max-width: 960px) 100vw, 960px\" \/><\/figure>\n\n\n\n<p>Durante el encuentro se presentaron los principales beneficios del Embalse Bollenar, concebido como una infraestructura multiprop\u00f3sito. La iniciativa permitir\u00e1 fortalecer el riego agr\u00edcola, controlar crecidas invernales, respaldar los sistemas de Agua Potable Rural (APR) y sanitarias, apoyar el combate de incendios forestales, y promover el desarrollo local, el empleo y el turismo.<\/p>\n\n\n\n<p>El inspector fiscal titular del estudio de dise\u00f1o, Jimmi Jorquera, destac\u00f3 que \u201cesta primera instancia resulta clave para recoger observaciones desde el inicio del proceso, generando un espacio de participaci\u00f3n y di\u00e1logo integral entre los distintos servicios, interesados en conocer tanto los beneficios como los impactos potenciales del proyecto\u201d.<\/p>\n\n\n\n<p><strong>M\u00e1s superficie regada y mayor seguridad h\u00eddrica<\/strong><strong><\/strong><\/p>\n\n\n\n<p>Actualmente, el valle riega cerca de 5.700 hect\u00e1reas, principalmente con aguas del r\u00edo Claro. Con la construcci\u00f3n del embalse, cuya capacidad se estima en aproximadamente 59 hect\u00f3metros c\u00fabicos (HM\u00b3), esta superficie podr\u00eda aumentar hasta 9.000 hect\u00e1reas, entregando mayor seguridad h\u00eddrica y estabilidad productiva al territorio.<\/p>\n\n\n\n<p>En materia ambiental, Jorquera explic\u00f3 que el proyecto contempla un enfoque gradual y responsable. Si bien el estudio de impacto ambiental se desarrollar\u00e1 una vez concluido el dise\u00f1o, ya se considera un an\u00e1lisis ambiental preliminar y una incorporaci\u00f3n temprana de las comunidades y actores potencialmente afectados, incluso frente a impactos indirectos como el aumento del tr\u00e1nsito vehicular.<\/p>\n\n\n\n<p>El contrato de dise\u00f1o tiene una duraci\u00f3n programada de dos a\u00f1os, con posibilidad de extensi\u00f3n. De cumplirse los plazos, el dise\u00f1o podr\u00eda finalizar durante 2028, dando paso al proceso de evaluaci\u00f3n ambiental, estimado entre uno y dos a\u00f1os. De esta forma, el estudio podr\u00eda contar con Resoluci\u00f3n de Calificaci\u00f3n Ambiental (RCA) hacia fines de 2029, para luego iniciar la etapa de construcci\u00f3n, que normalmente se extiende por cerca de cinco a\u00f1os.<\/p>\n\n\n\n<p><strong>Respaldo municipal y visi\u00f3n de largo plazo<\/strong><strong><\/strong><\/p>\n\n\n\n<p>El alcalde de Rengo, Enrique del Barrio, valor\u00f3 la iniciativa y reafirm\u00f3 el compromiso del municipio con el proyecto, se\u00f1alando que \u201cel embalse ser\u00e1 un apoyo fundamental tanto para la agricultura como para los sistemas de APR, considerando el impacto directo que la escasez h\u00eddrica tiene en la comuna\u201d. Asimismo, destac\u00f3 que, pese a las leg\u00edtimas preocupaciones ambientales, se trata de una obra necesaria que tambi\u00e9n genera empleo y desarrollo local.<\/p>\n\n\n\n<figure class=\"wp-block-image size-full\"><img loading=\"lazy\" decoding=\"async\" width=\"960\" height=\"640\" src=\"https:\/\/www.rengoenlanoticia.cl\/prensa\/wp-content\/uploads\/2026\/01\/Servicios-publicos-y-empresa-Typsa-por-Embalse-Bollenar.jpg\" alt=\"\" class=\"wp-image-8884\" srcset=\"https:\/\/www.rengoenlanoticia.cl\/prensa\/wp-content\/uploads\/2026\/01\/Servicios-publicos-y-empresa-Typsa-por-Embalse-Bollenar.jpg 960w, https:\/\/www.rengoenlanoticia.cl\/prensa\/wp-content\/uploads\/2026\/01\/Servicios-publicos-y-empresa-Typsa-por-Embalse-Bollenar-300x200.jpg 300w, https:\/\/www.rengoenlanoticia.cl\/prensa\/wp-content\/uploads\/2026\/01\/Servicios-publicos-y-empresa-Typsa-por-Embalse-Bollenar-768x512.jpg 768w, https:\/\/www.rengoenlanoticia.cl\/prensa\/wp-content\/uploads\/2026\/01\/Servicios-publicos-y-empresa-Typsa-por-Embalse-Bollenar-110x73.jpg 110w, https:\/\/www.rengoenlanoticia.cl\/prensa\/wp-content\/uploads\/2026\/01\/Servicios-publicos-y-empresa-Typsa-por-Embalse-Bollenar-200x133.jpg 200w, https:\/\/www.rengoenlanoticia.cl\/prensa\/wp-content\/uploads\/2026\/01\/Servicios-publicos-y-empresa-Typsa-por-Embalse-Bollenar-380x253.jpg 380w, https:\/\/www.rengoenlanoticia.cl\/prensa\/wp-content\/uploads\/2026\/01\/Servicios-publicos-y-empresa-Typsa-por-Embalse-Bollenar-255x170.jpg 255w, https:\/\/www.rengoenlanoticia.cl\/prensa\/wp-content\/uploads\/2026\/01\/Servicios-publicos-y-empresa-Typsa-por-Embalse-Bollenar-550x367.jpg 550w, https:\/\/www.rengoenlanoticia.cl\/prensa\/wp-content\/uploads\/2026\/01\/Servicios-publicos-y-empresa-Typsa-por-Embalse-Bollenar-800x533.jpg 800w\" sizes=\"auto, (max-width: 960px) 100vw, 960px\" \/><\/figure>\n\n\n\n<p>Desde las organizaciones de regantes, el presidente de la Junta de Vigilancia de Rengo, \u00c1lvaro Paredes, advirti\u00f3 sobre la compleja situaci\u00f3n h\u00eddrica actual, marcada por deshielos adelantados y una oferta de agua cada vez m\u00e1s delicada. En ese contexto, el Embalse Bollenar se proyecta como una obra estrat\u00e9gica para asegurar el riego, el consumo humano y mitigar los efectos de crecidas invernales, como las registradas en 2023.<\/p>\n\n\n\n<p>Por su parte, el vicepresidente de la organizaci\u00f3n de regantes, Carlos Ortiz, resalt\u00f3 el car\u00e1cter participativo del proceso impulsado desde la licitaci\u00f3n adjudicada a la empresa Typsa, destacando el trabajo con APR, establecimientos educacionales y la ciudadan\u00eda para informar, acompa\u00f1ar y generar conciencia sobre el uso responsable del recurso h\u00eddrico.<\/p>\n\n\n\n<p>Finalmente, los equipos t\u00e9cnicos valoraron el clima constructivo de la reuni\u00f3n, destacando que ya se definieron pr\u00f3ximos trabajos en terreno y el inicio de acciones preliminares. Coincidieron en que los objetivos del embalse \u2014riego, seguridad de agua potable, control de crecidas, apoyo ante incendios forestales y desarrollo tur\u00edstico\u2014 cuentan con una visi\u00f3n compartida entre las instituciones y organizaciones involucradas.<\/p>\n","protected":false},"excerpt":{"rendered":"&nbsp;Servicios p\u00fablicos, autoridades locales y organizaciones de regantes participaron en el primer encuentro del estudio a nivel de&hellip;\n","protected":false},"author":1,"featured_media":8883,"comment_status":"open","ping_status":"open","sticky":false,"template":"","format":"standard","meta":{"_monsterinsights_skip_tracking":false,"_monsterinsights_sitenote_active":false,"_monsterinsights_sitenote_note":"","_monsterinsights_sitenote_category":0,"footnotes":""},"categories":[8],"tags":[],"class_list":{"0":"post-8854","1":"post","2":"type-post","3":"status-publish","4":"format-standard","5":"has-post-thumbnail","7":"category-portada"},"aioseo_notices":[],"_links":{"self":[{"href":"https:\/\/www.rengoenlanoticia.cl\/prensa\/wp-json\/wp\/v2\/posts\/8854","targetHints":{"allow":["GET"]}}],"collection":[{"href":"https:\/\/www.rengoenlanoticia.cl\/prensa\/wp-json\/wp\/v2\/posts"}],"about":[{"href":"https:\/\/www.rengoenlanoticia.cl\/prensa\/wp-json\/wp\/v2\/types\/post"}],"author":[{"embeddable":true,"href":"https:\/\/www.rengoenlanoticia.cl\/prensa\/wp-json\/wp\/v2\/users\/1"}],"replies":[{"embeddable":true,"href":"https:\/\/www.rengoenlanoticia.cl\/prensa\/wp-json\/wp\/v2\/comments?post=8854"}],"version-history":[{"count":3,"href":"https:\/\/www.rengoenlanoticia.cl\/prensa\/wp-json\/wp\/v2\/posts\/8854\/revisions"}],"predecessor-version":[{"id":8887,"href":"https:\/\/www.rengoenlanoticia.cl\/prensa\/wp-json\/wp\/v2\/posts\/8854\/revisions\/8887"}],"wp:featuredmedia":[{"embeddable":true,"href":"https:\/\/www.rengoenlanoticia.cl\/prensa\/wp-json\/wp\/v2\/media\/8883"}],"wp:attachment":[{"href":"https:\/\/www.rengoenlanoticia.cl\/prensa\/wp-json\/wp\/v2\/media?parent=8854"}],"wp:term":[{"taxonomy":"category","embeddable":true,"href":"https:\/\/www.rengoenlanoticia.cl\/prensa\/wp-json\/wp\/v2\/categories?post=8854"},{"taxonomy":"post_tag","embeddable":true,"href":"https:\/\/www.rengoenlanoticia.cl\/prensa\/wp-json\/wp\/v2\/tags?post=8854"}],"curies":[{"name":"wp","href":"https:\/\/api.w.org\/{rel}","templated":true}]}}