{"id":8835,"date":"2026-01-15T04:40:55","date_gmt":"2026-01-15T04:40:55","guid":{"rendered":"https:\/\/www.rengoenlanoticia.cl\/prensa\/?p=8835"},"modified":"2026-01-15T04:41:46","modified_gmt":"2026-01-15T04:41:46","slug":"entregan-8-camionetas-4x4-a-la-policia-de-investigaciones","status":"publish","type":"post","link":"https:\/\/www.rengoenlanoticia.cl\/prensa\/2026\/01\/15\/entregan-8-camionetas-4x4-a-la-policia-de-investigaciones\/","title":{"rendered":"Entregan 8 camionetas 4&#215;4 a la Polic\u00eda de Investigaciones"},"content":{"rendered":"\n<p>El Gobierno Regional de O\u00b4Higgins invirti\u00f3 407 millones de pesos en la compra de estos veh\u00edculos. \u201cUna de nuestras ocupaciones, yo dir\u00eda que la principal, es reforzar el trabajo que hacen las polic\u00edas, as\u00ed como la Fiscal\u00eda\u201d, asegur\u00f3 el Gobernador Regional Pablo Silva Amaya.<\/p>\n\n\n\n<p> El Gobierno Regional y su Consejo Regional (CORE) concretaron la entrega de ocho camionetas 4&#215;4 a la Polic\u00eda de Investigaciones (PDI), esto como parte de un ambicioso proyecto que contempla la compra de un total de 34 m\u00f3viles, cuyo fin es modernizar la flota de veh\u00edculos de esta instituci\u00f3n y as\u00ed fortalecer su trabajo investigativo y operativo en la regi\u00f3n.<\/p>\n\n\n\n<p>Gracias a estas nuevas patrullas, los detectives podr\u00e1n llegar a lugares de dif\u00edcil acceso, permitiendo -por ejemplo- reforzar la presencia policial en sectores rurales y apartados de O\u00b4Higgins. \u201cLa adquisici\u00f3n de estos veh\u00edculos policiales representa nuestra preocupaci\u00f3n por la seguridad p\u00fablica de la regi\u00f3n\u201d, asegur\u00f3 el Gobernador Regional Pablo Silva Amaya.<\/p>\n\n\n\n<figure class=\"wp-block-image size-large\"><img loading=\"lazy\" decoding=\"async\" width=\"1024\" height=\"683\" src=\"https:\/\/www.rengoenlanoticia.cl\/prensa\/wp-content\/uploads\/2026\/01\/WhatsApp-Image-2026-01-14-at-17.32.31-1-1024x683.jpeg\" alt=\"\" class=\"wp-image-8836\" srcset=\"https:\/\/www.rengoenlanoticia.cl\/prensa\/wp-content\/uploads\/2026\/01\/WhatsApp-Image-2026-01-14-at-17.32.31-1-1024x683.jpeg 1024w, https:\/\/www.rengoenlanoticia.cl\/prensa\/wp-content\/uploads\/2026\/01\/WhatsApp-Image-2026-01-14-at-17.32.31-1-300x200.jpeg 300w, https:\/\/www.rengoenlanoticia.cl\/prensa\/wp-content\/uploads\/2026\/01\/WhatsApp-Image-2026-01-14-at-17.32.31-1-768x512.jpeg 768w, https:\/\/www.rengoenlanoticia.cl\/prensa\/wp-content\/uploads\/2026\/01\/WhatsApp-Image-2026-01-14-at-17.32.31-1-110x73.jpeg 110w, https:\/\/www.rengoenlanoticia.cl\/prensa\/wp-content\/uploads\/2026\/01\/WhatsApp-Image-2026-01-14-at-17.32.31-1-200x133.jpeg 200w, https:\/\/www.rengoenlanoticia.cl\/prensa\/wp-content\/uploads\/2026\/01\/WhatsApp-Image-2026-01-14-at-17.32.31-1-380x254.jpeg 380w, https:\/\/www.rengoenlanoticia.cl\/prensa\/wp-content\/uploads\/2026\/01\/WhatsApp-Image-2026-01-14-at-17.32.31-1-255x170.jpeg 255w, https:\/\/www.rengoenlanoticia.cl\/prensa\/wp-content\/uploads\/2026\/01\/WhatsApp-Image-2026-01-14-at-17.32.31-1-550x367.jpeg 550w, https:\/\/www.rengoenlanoticia.cl\/prensa\/wp-content\/uploads\/2026\/01\/WhatsApp-Image-2026-01-14-at-17.32.31-1-800x534.jpeg 800w, https:\/\/www.rengoenlanoticia.cl\/prensa\/wp-content\/uploads\/2026\/01\/WhatsApp-Image-2026-01-14-at-17.32.31-1-1160x774.jpeg 1160w, https:\/\/www.rengoenlanoticia.cl\/prensa\/wp-content\/uploads\/2026\/01\/WhatsApp-Image-2026-01-14-at-17.32.31-1.jpeg 1280w\" sizes=\"auto, (max-width: 1024px) 100vw, 1024px\" \/><\/figure>\n\n\n\n<p>Asimismo, la primera autoridad regional agreg\u00f3 que \u201cpara nosotros -como Gobierno Regional- la seguridad p\u00fablica en la regi\u00f3n es muy, pero muy importante, es parte de lo que estamos haciendo, con inversi\u00f3n tambi\u00e9n en cuarteles de Carabineros, patrullas, motos, tecnolog\u00eda de punta y, con esta entrega, ahora estamos dando un paso importante con la renovaci\u00f3n de 34 veh\u00edculos\u201d.<\/p>\n\n\n\n<p>Las nuevas unidades son 4&#215;4, doble cabina, cuenta con equipamiento especial y ser\u00e1n distribuidas en las comunas de Rancagua, Rengo, San Fernando, Santa Cruz y Pichilemu. Al respecto, el jefe regional de la PDI, Prefecto Inspector Julio Caro, afirm\u00f3 que \u201cesto viene a fortalecer nuestro trabajo investigativo (\u2026) son camionetas con especificaciones t\u00e9cnicas, indicados por nuestra instituci\u00f3n, para poder realizar nuestro trabajo en terreno\u201d.<\/p>\n\n\n\n<figure class=\"wp-block-image size-large\"><img loading=\"lazy\" decoding=\"async\" width=\"1024\" height=\"683\" src=\"https:\/\/www.rengoenlanoticia.cl\/prensa\/wp-content\/uploads\/2026\/01\/WhatsApp-Image-2026-01-14-at-17.32.31-1024x683.jpeg\" alt=\"\" class=\"wp-image-8837\" srcset=\"https:\/\/www.rengoenlanoticia.cl\/prensa\/wp-content\/uploads\/2026\/01\/WhatsApp-Image-2026-01-14-at-17.32.31-1024x683.jpeg 1024w, https:\/\/www.rengoenlanoticia.cl\/prensa\/wp-content\/uploads\/2026\/01\/WhatsApp-Image-2026-01-14-at-17.32.31-300x200.jpeg 300w, https:\/\/www.rengoenlanoticia.cl\/prensa\/wp-content\/uploads\/2026\/01\/WhatsApp-Image-2026-01-14-at-17.32.31-768x512.jpeg 768w, https:\/\/www.rengoenlanoticia.cl\/prensa\/wp-content\/uploads\/2026\/01\/WhatsApp-Image-2026-01-14-at-17.32.31-110x73.jpeg 110w, https:\/\/www.rengoenlanoticia.cl\/prensa\/wp-content\/uploads\/2026\/01\/WhatsApp-Image-2026-01-14-at-17.32.31-200x133.jpeg 200w, https:\/\/www.rengoenlanoticia.cl\/prensa\/wp-content\/uploads\/2026\/01\/WhatsApp-Image-2026-01-14-at-17.32.31-380x254.jpeg 380w, https:\/\/www.rengoenlanoticia.cl\/prensa\/wp-content\/uploads\/2026\/01\/WhatsApp-Image-2026-01-14-at-17.32.31-255x170.jpeg 255w, https:\/\/www.rengoenlanoticia.cl\/prensa\/wp-content\/uploads\/2026\/01\/WhatsApp-Image-2026-01-14-at-17.32.31-550x367.jpeg 550w, https:\/\/www.rengoenlanoticia.cl\/prensa\/wp-content\/uploads\/2026\/01\/WhatsApp-Image-2026-01-14-at-17.32.31-800x534.jpeg 800w, https:\/\/www.rengoenlanoticia.cl\/prensa\/wp-content\/uploads\/2026\/01\/WhatsApp-Image-2026-01-14-at-17.32.31-1160x774.jpeg 1160w, https:\/\/www.rengoenlanoticia.cl\/prensa\/wp-content\/uploads\/2026\/01\/WhatsApp-Image-2026-01-14-at-17.32.31.jpeg 1280w\" sizes=\"auto, (max-width: 1024px) 100vw, 1024px\" \/><\/figure>\n\n\n\n<p>Tras hacer entrega de las llaves, el Gobernador Regional Pablo Silva Amaya tuvo palabras de agradecimientos para los consejeros regionales que apoyaron la iniciativa y, al mismo tiempo, remarc\u00f3 que \u201cuna de nuestras ocupaciones, yo dir\u00eda que la principal, es reforzar el trabajo que hacen las polic\u00edas, as\u00ed como la Fiscal\u00eda\u201d.<\/p>\n\n\n\n<figure class=\"wp-block-image size-large\"><img loading=\"lazy\" decoding=\"async\" width=\"1024\" height=\"683\" src=\"https:\/\/www.rengoenlanoticia.cl\/prensa\/wp-content\/uploads\/2026\/01\/WhatsApp-Image-2026-01-14-at-17.32.33-1024x683.jpeg\" alt=\"\" class=\"wp-image-8839\" srcset=\"https:\/\/www.rengoenlanoticia.cl\/prensa\/wp-content\/uploads\/2026\/01\/WhatsApp-Image-2026-01-14-at-17.32.33-1024x683.jpeg 1024w, https:\/\/www.rengoenlanoticia.cl\/prensa\/wp-content\/uploads\/2026\/01\/WhatsApp-Image-2026-01-14-at-17.32.33-300x200.jpeg 300w, https:\/\/www.rengoenlanoticia.cl\/prensa\/wp-content\/uploads\/2026\/01\/WhatsApp-Image-2026-01-14-at-17.32.33-768x512.jpeg 768w, https:\/\/www.rengoenlanoticia.cl\/prensa\/wp-content\/uploads\/2026\/01\/WhatsApp-Image-2026-01-14-at-17.32.33-110x73.jpeg 110w, https:\/\/www.rengoenlanoticia.cl\/prensa\/wp-content\/uploads\/2026\/01\/WhatsApp-Image-2026-01-14-at-17.32.33-200x133.jpeg 200w, https:\/\/www.rengoenlanoticia.cl\/prensa\/wp-content\/uploads\/2026\/01\/WhatsApp-Image-2026-01-14-at-17.32.33-380x254.jpeg 380w, https:\/\/www.rengoenlanoticia.cl\/prensa\/wp-content\/uploads\/2026\/01\/WhatsApp-Image-2026-01-14-at-17.32.33-255x170.jpeg 255w, https:\/\/www.rengoenlanoticia.cl\/prensa\/wp-content\/uploads\/2026\/01\/WhatsApp-Image-2026-01-14-at-17.32.33-550x367.jpeg 550w, https:\/\/www.rengoenlanoticia.cl\/prensa\/wp-content\/uploads\/2026\/01\/WhatsApp-Image-2026-01-14-at-17.32.33-800x534.jpeg 800w, https:\/\/www.rengoenlanoticia.cl\/prensa\/wp-content\/uploads\/2026\/01\/WhatsApp-Image-2026-01-14-at-17.32.33-1160x774.jpeg 1160w, https:\/\/www.rengoenlanoticia.cl\/prensa\/wp-content\/uploads\/2026\/01\/WhatsApp-Image-2026-01-14-at-17.32.33.jpeg 1280w\" sizes=\"auto, (max-width: 1024px) 100vw, 1024px\" \/><\/figure>\n","protected":false},"excerpt":{"rendered":"El Gobierno Regional de O\u00b4Higgins invirti\u00f3 407 millones de pesos en la compra de estos veh\u00edculos. \u201cUna de&hellip;\n","protected":false},"author":1,"featured_media":8840,"comment_status":"open","ping_status":"open","sticky":false,"template":"","format":"standard","meta":{"_monsterinsights_skip_tracking":false,"_monsterinsights_sitenote_active":false,"_monsterinsights_sitenote_note":"","_monsterinsights_sitenote_category":0,"footnotes":""},"categories":[8],"tags":[],"class_list":{"0":"post-8835","1":"post","2":"type-post","3":"status-publish","4":"format-standard","5":"has-post-thumbnail","7":"category-portada"},"aioseo_notices":[],"_links":{"self":[{"href":"https:\/\/www.rengoenlanoticia.cl\/prensa\/wp-json\/wp\/v2\/posts\/8835","targetHints":{"allow":["GET"]}}],"collection":[{"href":"https:\/\/www.rengoenlanoticia.cl\/prensa\/wp-json\/wp\/v2\/posts"}],"about":[{"href":"https:\/\/www.rengoenlanoticia.cl\/prensa\/wp-json\/wp\/v2\/types\/post"}],"author":[{"embeddable":true,"href":"https:\/\/www.rengoenlanoticia.cl\/prensa\/wp-json\/wp\/v2\/users\/1"}],"replies":[{"embeddable":true,"href":"https:\/\/www.rengoenlanoticia.cl\/prensa\/wp-json\/wp\/v2\/comments?post=8835"}],"version-history":[{"count":1,"href":"https:\/\/www.rengoenlanoticia.cl\/prensa\/wp-json\/wp\/v2\/posts\/8835\/revisions"}],"predecessor-version":[{"id":8844,"href":"https:\/\/www.rengoenlanoticia.cl\/prensa\/wp-json\/wp\/v2\/posts\/8835\/revisions\/8844"}],"wp:featuredmedia":[{"embeddable":true,"href":"https:\/\/www.rengoenlanoticia.cl\/prensa\/wp-json\/wp\/v2\/media\/8840"}],"wp:attachment":[{"href":"https:\/\/www.rengoenlanoticia.cl\/prensa\/wp-json\/wp\/v2\/media?parent=8835"}],"wp:term":[{"taxonomy":"category","embeddable":true,"href":"https:\/\/www.rengoenlanoticia.cl\/prensa\/wp-json\/wp\/v2\/categories?post=8835"},{"taxonomy":"post_tag","embeddable":true,"href":"https:\/\/www.rengoenlanoticia.cl\/prensa\/wp-json\/wp\/v2\/tags?post=8835"}],"curies":[{"name":"wp","href":"https:\/\/api.w.org\/{rel}","templated":true}]}}