{"id":8832,"date":"2026-01-15T04:40:49","date_gmt":"2026-01-15T04:40:49","guid":{"rendered":"https:\/\/www.rengoenlanoticia.cl\/prensa\/?p=8832"},"modified":"2026-01-15T04:40:50","modified_gmt":"2026-01-15T04:40:50","slug":"seis-anos-de-carcel-efectiva-para-autor-de-violento-robo-en-vivienda-habitada-en-marchigue","status":"publish","type":"post","link":"https:\/\/www.rengoenlanoticia.cl\/prensa\/2026\/01\/15\/seis-anos-de-carcel-efectiva-para-autor-de-violento-robo-en-vivienda-habitada-en-marchigue\/","title":{"rendered":"Seis a\u00f1os de c\u00e1rcel efectiva para autor de violento robo en vivienda habitada en Marchig\u00fce"},"content":{"rendered":"\n<p>El Tribunal de Juicio Oral en lo Penal (TOP) de Santa Cruz conden\u00f3 a <strong>Rolando Hugo Jos\u00e9 Valenzuela Ortiz<\/strong> a la pena de <strong>6 a\u00f1os de presidio efectivo<\/strong>, en calidad de <strong>autor del delito consumado de robo en lugar habitado<\/strong>, il\u00edcito perpetrado en la comuna de <strong>Marchig\u00fce en abril de 2025<\/strong>.<\/p>\n\n\n\n<p>La sentencia incluye, adem\u00e1s, las <strong>accesorias legales de inhabilitaci\u00f3n absoluta perpetua para cargos y oficios p\u00fablicos y derechos pol\u00edticos<\/strong>, as\u00ed como la <strong>inhabilitaci\u00f3n absoluta para ejercer profesiones titulares mientras dure la condena<\/strong>.<\/p>\n\n\n\n<p>En un <strong>fallo un\u00e1nime<\/strong> (causa rol N\u00b0 217-2025), el tribunal \u2014integrado por las magistradas <strong>Gricelda Valenzuela Rodr\u00edguez<\/strong> (presidenta), <strong>Mar\u00eda Ang\u00e9lica Mulatti Oyarzo<\/strong> y el juez <strong>Nicol\u00e1s Flores Campos<\/strong> (redactor)\u2014 dio por acreditado, <strong>m\u00e1s all\u00e1 de toda duda razonable<\/strong>, la responsabilidad penal del condenado en los hechos.<\/p>\n\n\n\n<p>Seg\u00fan se estableci\u00f3 durante el juicio, <strong>alrededor de las 03:00 horas del 24 de abril de 2025<\/strong>, Rolando Valenzuela Ortiz, acompa\u00f1ado de <strong>Tania Lobos Fuentes y Jairo Rosa Becerra<\/strong> \u2014ambos condenados previamente mediante procedimiento abreviado\u2014, lleg\u00f3 a bordo de un <strong>veh\u00edculo Kia Sephia<\/strong> hasta un inmueble ubicado en la comuna de Marchig\u00fce, <strong>donde resid\u00eda la v\u00edctima identificada con las iniciales G.R.L.C. junto a su grupo familiar<\/strong>.<\/p>\n\n\n\n<p>Una vez en el lugar, los imputados <strong>escalaron el cierre perimetral del domicilio<\/strong>, cortando la <strong>cadena con candado<\/strong> que aseguraba la reja de acceso. Posteriormente, <strong>forzaron la puerta principal del inmueble<\/strong>, logrando ingresar a su interior.<\/p>\n\n\n\n<p>Dentro de la vivienda, espec\u00edficamente en el sector del <strong>living-comedor<\/strong>, los sujetos sustrajeron <strong>un notebook y un tel\u00e9fono celular, ambos marca Samsung<\/strong>. Acto seguido, se dirigieron al \u00e1rea de estacionamientos del predio, desde donde robaron diversas especies, entre ellas <strong>una hidrolavadora marca Karcher, una aspiradora marca Somela, una sierra circular y otras herramientas<\/strong>, todas de propiedad de la v\u00edctima.<\/p>\n\n\n\n<p>Tras concretar el il\u00edcito, los imputados <strong>huyeron del lugar en el mismo veh\u00edculo<\/strong>, cargando las especies sustra\u00eddas.<\/p>\n\n\n\n<p>Con esta sentencia, el tribunal reafirma la <strong>gravedad del delito de robo en lugar habitado<\/strong>, especialmente por el riesgo que implica para la seguridad de las personas y sus familias, imponiendo una <strong>pena de cumplimiento efectivo<\/strong> al autor del hecho.<\/p>\n","protected":false},"excerpt":{"rendered":"El Tribunal de Juicio Oral en lo Penal (TOP) de Santa Cruz conden\u00f3 a Rolando Hugo Jos\u00e9 Valenzuela&hellip;\n","protected":false},"author":2,"featured_media":8833,"comment_status":"open","ping_status":"open","sticky":false,"template":"","format":"standard","meta":{"_monsterinsights_skip_tracking":false,"_monsterinsights_sitenote_active":false,"_monsterinsights_sitenote_note":"","_monsterinsights_sitenote_category":0,"footnotes":""},"categories":[5,8],"tags":[],"class_list":{"0":"post-8832","1":"post","2":"type-post","3":"status-publish","4":"format-standard","5":"has-post-thumbnail","7":"category-policial","8":"category-portada"},"aioseo_notices":[],"_links":{"self":[{"href":"https:\/\/www.rengoenlanoticia.cl\/prensa\/wp-json\/wp\/v2\/posts\/8832","targetHints":{"allow":["GET"]}}],"collection":[{"href":"https:\/\/www.rengoenlanoticia.cl\/prensa\/wp-json\/wp\/v2\/posts"}],"about":[{"href":"https:\/\/www.rengoenlanoticia.cl\/prensa\/wp-json\/wp\/v2\/types\/post"}],"author":[{"embeddable":true,"href":"https:\/\/www.rengoenlanoticia.cl\/prensa\/wp-json\/wp\/v2\/users\/2"}],"replies":[{"embeddable":true,"href":"https:\/\/www.rengoenlanoticia.cl\/prensa\/wp-json\/wp\/v2\/comments?post=8832"}],"version-history":[{"count":3,"href":"https:\/\/www.rengoenlanoticia.cl\/prensa\/wp-json\/wp\/v2\/posts\/8832\/revisions"}],"predecessor-version":[{"id":8848,"href":"https:\/\/www.rengoenlanoticia.cl\/prensa\/wp-json\/wp\/v2\/posts\/8832\/revisions\/8848"}],"wp:featuredmedia":[{"embeddable":true,"href":"https:\/\/www.rengoenlanoticia.cl\/prensa\/wp-json\/wp\/v2\/media\/8833"}],"wp:attachment":[{"href":"https:\/\/www.rengoenlanoticia.cl\/prensa\/wp-json\/wp\/v2\/media?parent=8832"}],"wp:term":[{"taxonomy":"category","embeddable":true,"href":"https:\/\/www.rengoenlanoticia.cl\/prensa\/wp-json\/wp\/v2\/categories?post=8832"},{"taxonomy":"post_tag","embeddable":true,"href":"https:\/\/www.rengoenlanoticia.cl\/prensa\/wp-json\/wp\/v2\/tags?post=8832"}],"curies":[{"name":"wp","href":"https:\/\/api.w.org\/{rel}","templated":true}]}}