{"id":8817,"date":"2026-01-15T04:40:43","date_gmt":"2026-01-15T04:40:43","guid":{"rendered":"https:\/\/www.rengoenlanoticia.cl\/prensa\/?p=8817"},"modified":"2026-01-15T04:43:44","modified_gmt":"2026-01-15T04:43:44","slug":"accidente-con-volcamiento-en-ruta-bypass-deja-una-persona-fallecida-y-dos-lesionados","status":"publish","type":"post","link":"https:\/\/www.rengoenlanoticia.cl\/prensa\/2026\/01\/15\/accidente-con-volcamiento-en-ruta-bypass-deja-una-persona-fallecida-y-dos-lesionados\/","title":{"rendered":"Accidente con volcamiento en Ruta Bypass deja una persona fallecida y dos lesionados"},"content":{"rendered":"\n<p>Un grave accidente de tr\u00e1nsito se registr\u00f3 pasadas las 14:00 horas de este martes en la Ruta Bypass, a la altura del kil\u00f3metro 76,9, donde un veh\u00edculo protagoniz\u00f3 un volcamiento por causas que se investigan.<\/p>\n\n\n\n<p>A ra\u00edz del siniestro, lamentablemente se confirm\u00f3 el fallecimiento de una persona en el lugar. Adem\u00e1s, un adulto result\u00f3 con lesiones de car\u00e1cter grave, aunque sin riesgo vital, mientras que un menor de dos a\u00f1os involucrado en el accidente se encontrar\u00eda, preliminarmente, sin lesiones aparentes.<\/p>\n\n\n\n<p>Tanto el lesionado grave como el menor fueron atendidos en el sitio del suceso por personal del Servicio de Atenci\u00f3n M\u00e9dica de Urgencia (SAMU) y posteriormente trasladados hasta un centro asistencial para su evaluaci\u00f3n y atenci\u00f3n m\u00e9dica.<\/p>\n\n\n\n<p>Por instrucci\u00f3n del fiscal de turno, personal de la Secci\u00f3n de Investigaci\u00f3n de Accidentes de Tr\u00e1nsito (SIAT) de Carabineros se constituy\u00f3 en el lugar para realizar las pericias correspondientes y establecer la din\u00e1mica y causas del accidente. Asimismo, se dispuso la concurrencia del Servicio M\u00e9dico Legal (SML).<\/p>\n\n\n\n<p>Debido al procedimiento en desarrollo, se mantiene habilitada solo una pista de circulaci\u00f3n en ambos sentidos, tanto en direcci\u00f3n norte como sur, por lo que se solicita a los conductores transitar con precauci\u00f3n y respetar las indicaciones del personal policial presente en el sector.<\/p>\n","protected":false},"excerpt":{"rendered":"Un grave accidente de tr\u00e1nsito se registr\u00f3 pasadas las 14:00 horas de este martes en la Ruta Bypass,&hellip;\n","protected":false},"author":2,"featured_media":8828,"comment_status":"open","ping_status":"open","sticky":false,"template":"","format":"standard","meta":{"_monsterinsights_skip_tracking":false,"_monsterinsights_sitenote_active":false,"_monsterinsights_sitenote_note":"","_monsterinsights_sitenote_category":0,"footnotes":""},"categories":[5,8],"tags":[],"class_list":{"0":"post-8817","1":"post","2":"type-post","3":"status-publish","4":"format-standard","5":"has-post-thumbnail","7":"category-policial","8":"category-portada"},"aioseo_notices":[],"_links":{"self":[{"href":"https:\/\/www.rengoenlanoticia.cl\/prensa\/wp-json\/wp\/v2\/posts\/8817","targetHints":{"allow":["GET"]}}],"collection":[{"href":"https:\/\/www.rengoenlanoticia.cl\/prensa\/wp-json\/wp\/v2\/posts"}],"about":[{"href":"https:\/\/www.rengoenlanoticia.cl\/prensa\/wp-json\/wp\/v2\/types\/post"}],"author":[{"embeddable":true,"href":"https:\/\/www.rengoenlanoticia.cl\/prensa\/wp-json\/wp\/v2\/users\/2"}],"replies":[{"embeddable":true,"href":"https:\/\/www.rengoenlanoticia.cl\/prensa\/wp-json\/wp\/v2\/comments?post=8817"}],"version-history":[{"count":2,"href":"https:\/\/www.rengoenlanoticia.cl\/prensa\/wp-json\/wp\/v2\/posts\/8817\/revisions"}],"predecessor-version":[{"id":8842,"href":"https:\/\/www.rengoenlanoticia.cl\/prensa\/wp-json\/wp\/v2\/posts\/8817\/revisions\/8842"}],"wp:featuredmedia":[{"embeddable":true,"href":"https:\/\/www.rengoenlanoticia.cl\/prensa\/wp-json\/wp\/v2\/media\/8828"}],"wp:attachment":[{"href":"https:\/\/www.rengoenlanoticia.cl\/prensa\/wp-json\/wp\/v2\/media?parent=8817"}],"wp:term":[{"taxonomy":"category","embeddable":true,"href":"https:\/\/www.rengoenlanoticia.cl\/prensa\/wp-json\/wp\/v2\/categories?post=8817"},{"taxonomy":"post_tag","embeddable":true,"href":"https:\/\/www.rengoenlanoticia.cl\/prensa\/wp-json\/wp\/v2\/tags?post=8817"}],"curies":[{"name":"wp","href":"https:\/\/api.w.org\/{rel}","templated":true}]}}