{"id":8816,"date":"2026-01-15T04:40:39","date_gmt":"2026-01-15T04:40:39","guid":{"rendered":"https:\/\/www.rengoenlanoticia.cl\/prensa\/?p=8816"},"modified":"2026-01-15T04:42:17","modified_gmt":"2026-01-15T04:42:17","slug":"carabineros-detiene-a-5-sujetos-durante-fiscalizaciones-en-plan-somos-barrios","status":"publish","type":"post","link":"https:\/\/www.rengoenlanoticia.cl\/prensa\/2026\/01\/15\/carabineros-detiene-a-5-sujetos-durante-fiscalizaciones-en-plan-somos-barrios\/","title":{"rendered":"Carabineros detiene a 5 sujetos durante fiscalizaciones en Plan \u201cSomos Barrios\u201d"},"content":{"rendered":"\n<p>Tres de los aprehendidos mantienen \u00f3rdenes vigentes por diferentes delitos, mientras que los otros dos fueron detenidos por microtr\u00e1fico y por ilegal de arma de fuego.<\/p>\n\n\n\n<p>La presencia permanente y activa de Carabineros de la Subcomisar\u00eda Diego Portales en puntos focalizados y georreferenciados, a ra\u00edz de los \u00edndices de incivilidades y hechos delictuales en el sector oriente de Rancagua, permiti\u00f3 durante la jornada del martes la detenci\u00f3n de 5 personas en tres procedimientos diferentes, como parte del Plan \u201cSomos Barrio\u201d.<br>El capit\u00e1n Emilio Pacheco, Subcomisario de la Diego Portales, explic\u00f3 que \u201ctres de los detenidos durante los controles preventivos a personas, manten\u00edan ordenes vigentes por los delitos de lesiones menos graves, robo en lugar no habitado y microtrafico, por lo que fueron derivados inmediatamente al Ministerio P\u00fablico\u201d.<br>Tras estas detenciones, el operativo de control de identidad y fiscalizaciones vehiculares preventivos e investigativos continuaron, copando pasajes focalizados de inter\u00e9s policial. Fue en esa din\u00e1mica que se logr\u00f3 la detenci\u00f3n de una persona identificada como A.P.A.S., de 18 a\u00f1os sin antecedentes policiales, por el delito de microtr\u00e1fico. En su poder se encontraron 11 envoltorios de ketamina, marihuana y dinero en efectivo.<br>Un tercer sujeto, de 17 a\u00f1os de edad, con antecedentes policiales, nada vigente, fue aprehendido por el porte ilegal de arma de fuego: al realizarle un control de identidad se le encontr\u00f3 entre sus pertenencias un arma, que seg\u00fan los peritos de Labocar corresponde a un arma tipo pistola a fogueo adaptada para el disparo.<br>Todos los detenidos pasaron a control de detenci\u00f3n durante la ma\u00f1ana del mi\u00e9rcoles 14 de enero.<br>Desde Carabineros enfatizaron que se continuar\u00e1n realizando patrullajes y copamientos en puntos focalizados del sector oriente para entregar m\u00e1s seguridad a la comunidad y detectar posible il\u00edcitos.<\/p>\n","protected":false},"excerpt":{"rendered":"Tres de los aprehendidos mantienen \u00f3rdenes vigentes por diferentes delitos, mientras que los otros dos fueron detenidos por&hellip;\n","protected":false},"author":1,"featured_media":8827,"comment_status":"open","ping_status":"open","sticky":false,"template":"","format":"standard","meta":{"_monsterinsights_skip_tracking":false,"_monsterinsights_sitenote_active":false,"_monsterinsights_sitenote_note":"","_monsterinsights_sitenote_category":0,"footnotes":""},"categories":[5,8],"tags":[],"class_list":{"0":"post-8816","1":"post","2":"type-post","3":"status-publish","4":"format-standard","5":"has-post-thumbnail","7":"category-policial","8":"category-portada"},"aioseo_notices":[],"_links":{"self":[{"href":"https:\/\/www.rengoenlanoticia.cl\/prensa\/wp-json\/wp\/v2\/posts\/8816","targetHints":{"allow":["GET"]}}],"collection":[{"href":"https:\/\/www.rengoenlanoticia.cl\/prensa\/wp-json\/wp\/v2\/posts"}],"about":[{"href":"https:\/\/www.rengoenlanoticia.cl\/prensa\/wp-json\/wp\/v2\/types\/post"}],"author":[{"embeddable":true,"href":"https:\/\/www.rengoenlanoticia.cl\/prensa\/wp-json\/wp\/v2\/users\/1"}],"replies":[{"embeddable":true,"href":"https:\/\/www.rengoenlanoticia.cl\/prensa\/wp-json\/wp\/v2\/comments?post=8816"}],"version-history":[{"count":2,"href":"https:\/\/www.rengoenlanoticia.cl\/prensa\/wp-json\/wp\/v2\/posts\/8816\/revisions"}],"predecessor-version":[{"id":8841,"href":"https:\/\/www.rengoenlanoticia.cl\/prensa\/wp-json\/wp\/v2\/posts\/8816\/revisions\/8841"}],"wp:featuredmedia":[{"embeddable":true,"href":"https:\/\/www.rengoenlanoticia.cl\/prensa\/wp-json\/wp\/v2\/media\/8827"}],"wp:attachment":[{"href":"https:\/\/www.rengoenlanoticia.cl\/prensa\/wp-json\/wp\/v2\/media?parent=8816"}],"wp:term":[{"taxonomy":"category","embeddable":true,"href":"https:\/\/www.rengoenlanoticia.cl\/prensa\/wp-json\/wp\/v2\/categories?post=8816"},{"taxonomy":"post_tag","embeddable":true,"href":"https:\/\/www.rengoenlanoticia.cl\/prensa\/wp-json\/wp\/v2\/tags?post=8816"}],"curies":[{"name":"wp","href":"https:\/\/api.w.org\/{rel}","templated":true}]}}