{"id":8815,"date":"2026-01-15T04:05:59","date_gmt":"2026-01-15T04:05:59","guid":{"rendered":"https:\/\/www.rengoenlanoticia.cl\/prensa\/?p=8815"},"modified":"2026-01-15T04:10:40","modified_gmt":"2026-01-15T04:10:40","slug":"fundacion-gantz-cierra-2025-con-historias-de-superacion-y-esperanza-mas-sonrisas-y-atencion-integral-pese-a-un-ano-desafiante","status":"publish","type":"post","link":"https:\/\/www.rengoenlanoticia.cl\/prensa\/2026\/01\/15\/fundacion-gantz-cierra-2025-con-historias-de-superacion-y-esperanza-mas-sonrisas-y-atencion-integral-pese-a-un-ano-desafiante\/","title":{"rendered":"Fundaci\u00f3n Gantz cierra 2025 con historias de superaci\u00f3n y esperanza: m\u00e1s sonrisas y atenci\u00f3n integral pese a un a\u00f1o desafiante"},"content":{"rendered":"\n<p><br>Con avances concretos, emotivas historias y sonrisas que reflejan esfuerzo y compromiso, la Fundaci\u00f3n Gantz realiz\u00f3 el balance del per\u00edodo octubre\u2013diciembre de 2025, destacando el impacto de su labor en un a\u00f1o marcado por importantes desaf\u00edos sociales y sanitarios.<\/p>\n\n\n\n<p>El 2025 fue un a\u00f1o especialmente complejo, que exigi\u00f3 resiliencia, compromiso y un trabajo en equipo constante. En ese contexto, cada aporte y colaboraci\u00f3n recibida adquiri\u00f3 un valor a\u00fan m\u00e1s significativo, permitiendo a la fundaci\u00f3n mantener su misi\u00f3n de acompa\u00f1ar y entregar atenci\u00f3n integral a ni\u00f1os, ni\u00f1as, j\u00f3venes y adultos con fisura labiopalatina en distintas etapas de su tratamiento.<\/p>\n\n\n\n<p>Gracias al apoyo de la comunidad, profesionales de la salud, voluntarios y aliados estrat\u00e9gicos, Fundaci\u00f3n Gantz logr\u00f3 dar continuidad a sus programas cl\u00ednicos, terap\u00e9uticos y de acompa\u00f1amiento psicosocial, impactando positivamente en la calidad de vida de cientos de personas y sus familias. Cada historia atendida durante el \u00faltimo trimestre del a\u00f1o refleja no solo avances m\u00e9dicos, sino tambi\u00e9n procesos de inclusi\u00f3n, autoestima y desarrollo personal.<\/p>\n\n\n\n<p>Desde la instituci\u00f3n valoraron profundamente el respaldo recibido durante este per\u00edodo, subrayando que el trabajo colaborativo ha sido clave para enfrentar las dificultades y seguir transformando vidas a trav\u00e9s de una atenci\u00f3n especializada, humana y de calidad, manifest\u00f3 la directora ejecutiva de la fundaci\u00f3n,  Ximena Ovalle.<\/p>\n\n\n<div class=\"wp-block-image\">\n<figure class=\"aligncenter size-full\"><img loading=\"lazy\" decoding=\"async\" width=\"480\" height=\"480\" src=\"https:\/\/www.rengoenlanoticia.cl\/prensa\/wp-content\/uploads\/2026\/01\/images.jpg\" alt=\"\" class=\"wp-image-8821\" srcset=\"https:\/\/www.rengoenlanoticia.cl\/prensa\/wp-content\/uploads\/2026\/01\/images.jpg 480w, https:\/\/www.rengoenlanoticia.cl\/prensa\/wp-content\/uploads\/2026\/01\/images-300x300.jpg 300w, https:\/\/www.rengoenlanoticia.cl\/prensa\/wp-content\/uploads\/2026\/01\/images-150x150.jpg 150w, https:\/\/www.rengoenlanoticia.cl\/prensa\/wp-content\/uploads\/2026\/01\/images-80x80.jpg 80w, https:\/\/www.rengoenlanoticia.cl\/prensa\/wp-content\/uploads\/2026\/01\/images-110x110.jpg 110w, https:\/\/www.rengoenlanoticia.cl\/prensa\/wp-content\/uploads\/2026\/01\/images-200x200.jpg 200w, https:\/\/www.rengoenlanoticia.cl\/prensa\/wp-content\/uploads\/2026\/01\/images-380x380.jpg 380w, https:\/\/www.rengoenlanoticia.cl\/prensa\/wp-content\/uploads\/2026\/01\/images-255x255.jpg 255w\" sizes=\"auto, (max-width: 480px) 100vw, 480px\" \/><\/figure><\/div>\n\n\n<p>Con la mirada puesta en el 2026, Fundaci\u00f3n Gantz proyecta el nuevo a\u00f1o con esperanza y convicci\u00f3n, reafirmando su compromiso de fortalecer sus programas, ampliar su alcance y continuar generando sonrisas y oportunidades para quienes viven con fisura labiopalatina. \u201cSeguiremos avanzando junto a nuestra comunidad, convencidos de que cada esfuerzo suma y cada historia importa\u201d, destacaron desde la fundaci\u00f3n.<\/p>\n","protected":false},"excerpt":{"rendered":"Con avances concretos, emotivas historias y sonrisas que reflejan esfuerzo y compromiso, la Fundaci\u00f3n Gantz realiz\u00f3 el balance&hellip;\n","protected":false},"author":2,"featured_media":8819,"comment_status":"open","ping_status":"open","sticky":false,"template":"","format":"standard","meta":{"_monsterinsights_skip_tracking":false,"_monsterinsights_sitenote_active":false,"_monsterinsights_sitenote_note":"","_monsterinsights_sitenote_category":0,"footnotes":""},"categories":[8],"tags":[],"class_list":{"0":"post-8815","1":"post","2":"type-post","3":"status-publish","4":"format-standard","5":"has-post-thumbnail","7":"category-portada"},"aioseo_notices":[],"_links":{"self":[{"href":"https:\/\/www.rengoenlanoticia.cl\/prensa\/wp-json\/wp\/v2\/posts\/8815","targetHints":{"allow":["GET"]}}],"collection":[{"href":"https:\/\/www.rengoenlanoticia.cl\/prensa\/wp-json\/wp\/v2\/posts"}],"about":[{"href":"https:\/\/www.rengoenlanoticia.cl\/prensa\/wp-json\/wp\/v2\/types\/post"}],"author":[{"embeddable":true,"href":"https:\/\/www.rengoenlanoticia.cl\/prensa\/wp-json\/wp\/v2\/users\/2"}],"replies":[{"embeddable":true,"href":"https:\/\/www.rengoenlanoticia.cl\/prensa\/wp-json\/wp\/v2\/comments?post=8815"}],"version-history":[{"count":4,"href":"https:\/\/www.rengoenlanoticia.cl\/prensa\/wp-json\/wp\/v2\/posts\/8815\/revisions"}],"predecessor-version":[{"id":8826,"href":"https:\/\/www.rengoenlanoticia.cl\/prensa\/wp-json\/wp\/v2\/posts\/8815\/revisions\/8826"}],"wp:featuredmedia":[{"embeddable":true,"href":"https:\/\/www.rengoenlanoticia.cl\/prensa\/wp-json\/wp\/v2\/media\/8819"}],"wp:attachment":[{"href":"https:\/\/www.rengoenlanoticia.cl\/prensa\/wp-json\/wp\/v2\/media?parent=8815"}],"wp:term":[{"taxonomy":"category","embeddable":true,"href":"https:\/\/www.rengoenlanoticia.cl\/prensa\/wp-json\/wp\/v2\/categories?post=8815"},{"taxonomy":"post_tag","embeddable":true,"href":"https:\/\/www.rengoenlanoticia.cl\/prensa\/wp-json\/wp\/v2\/tags?post=8815"}],"curies":[{"name":"wp","href":"https:\/\/api.w.org\/{rel}","templated":true}]}}