{"id":8786,"date":"2026-01-15T03:50:33","date_gmt":"2026-01-15T03:50:33","guid":{"rendered":"https:\/\/www.rengoenlanoticia.cl\/prensa\/?p=8786"},"modified":"2026-01-15T03:50:34","modified_gmt":"2026-01-15T03:50:34","slug":"hospital-de-rengo-realiza-jornada-sobre-indicadores-de-gestion-hospitalaria","status":"publish","type":"post","link":"https:\/\/www.rengoenlanoticia.cl\/prensa\/2026\/01\/15\/hospital-de-rengo-realiza-jornada-sobre-indicadores-de-gestion-hospitalaria\/","title":{"rendered":"Hospital de Rengo realiza jornada sobre Indicadores de Gesti\u00f3n Hospitalaria"},"content":{"rendered":"\n<p>\u00a0\u00a0<strong><em>Capacitando a 46 funcionarios y funcionarias del Hospital Ricardo Valenzuela S\u00e1ez, entregando herramientas clave para la toma de decisiones y la mejora continua.<\/em><\/strong><\/p>\n\n\n\n<p>\u00a0Conocer la importancia de los indicadores de salud y su impacto en la gesti\u00f3n, fue el objetivo de la Capacitaci\u00f3n Interna: \u201cNuevo Paradigma en la Monitorizaci\u00f3n de Indicadores de Gesti\u00f3n Hospitalaria\u201d, efectuada durante dos jornadas y que fue dirigida a las funcionarias y funcionarios del Hospital Ricardo Valenzuela S\u00e1ez de Rengo, fortaleciendo el an\u00e1lisis y uso estrat\u00e9gico de los indicadores como herramienta clave para la toma de decisiones y la mejora continua.<\/p>\n\n\n\n<p>Sobre la capacitaci\u00f3n, la directora (s) del Hospital de Rengo, Dra. Valeria Olavarr\u00eda valor\u00f3 la iniciativa, se\u00f1alando que \u201ceste tipo de jornadas son una instancia enriquecedora que permite ampliar conocimientos y favorecer la gesti\u00f3n hospitalaria, ya que finalmente toda nuestra actividad impacta en los usuarios, lo que nos conduce por el camino correcto avanzando hacia una gesti\u00f3n m\u00e1s eficiente, oportuna y centrada en las personas\u201d.<\/p>\n\n\n\n<figure class=\"wp-block-image size-large\"><img loading=\"lazy\" decoding=\"async\" width=\"1024\" height=\"576\" src=\"https:\/\/www.rengoenlanoticia.cl\/prensa\/wp-content\/uploads\/2026\/01\/indicadores-salud-3-1024x576.jpg\" alt=\"\" class=\"wp-image-8803\" srcset=\"https:\/\/www.rengoenlanoticia.cl\/prensa\/wp-content\/uploads\/2026\/01\/indicadores-salud-3-1024x576.jpg 1024w, https:\/\/www.rengoenlanoticia.cl\/prensa\/wp-content\/uploads\/2026\/01\/indicadores-salud-3-300x169.jpg 300w, https:\/\/www.rengoenlanoticia.cl\/prensa\/wp-content\/uploads\/2026\/01\/indicadores-salud-3-768x432.jpg 768w, https:\/\/www.rengoenlanoticia.cl\/prensa\/wp-content\/uploads\/2026\/01\/indicadores-salud-3-1536x864.jpg 1536w, https:\/\/www.rengoenlanoticia.cl\/prensa\/wp-content\/uploads\/2026\/01\/indicadores-salud-3-110x62.jpg 110w, https:\/\/www.rengoenlanoticia.cl\/prensa\/wp-content\/uploads\/2026\/01\/indicadores-salud-3-200x113.jpg 200w, https:\/\/www.rengoenlanoticia.cl\/prensa\/wp-content\/uploads\/2026\/01\/indicadores-salud-3-380x214.jpg 380w, https:\/\/www.rengoenlanoticia.cl\/prensa\/wp-content\/uploads\/2026\/01\/indicadores-salud-3-255x143.jpg 255w, https:\/\/www.rengoenlanoticia.cl\/prensa\/wp-content\/uploads\/2026\/01\/indicadores-salud-3-550x309.jpg 550w, https:\/\/www.rengoenlanoticia.cl\/prensa\/wp-content\/uploads\/2026\/01\/indicadores-salud-3-800x450.jpg 800w, https:\/\/www.rengoenlanoticia.cl\/prensa\/wp-content\/uploads\/2026\/01\/indicadores-salud-3-1160x653.jpg 1160w, https:\/\/www.rengoenlanoticia.cl\/prensa\/wp-content\/uploads\/2026\/01\/indicadores-salud-3.jpg 2048w\" sizes=\"auto, (max-width: 1024px) 100vw, 1024px\" \/><\/figure>\n\n\n\n<p>Al respecto, la Jefa de la Unidad de Control de Gesti\u00f3n del Hospital Ricardo Valenzuela S\u00e1ez de Rengo y exponente, Camila Vega explic\u00f3 que \u201cesta capacitaci\u00f3n fue organizada y ejecutada como PAC Interno con apoyo del Departamento de Control de Gesti\u00f3n del Servicio de Salud O\u2019Higgins y &nbsp;la Unidad de Comunicaciones de nuestro hospital, desarrollando din\u00e1micas que nos permitieron ampliar la mirada con respecto a la importancia de los indicadores en salud, dando a conocer su alcance y utilidad con la perspectiva de mejora continua\u201d.<\/p>\n\n\n\n<p>En este sentido, la referente de BSC (Balance Score Card) del Hospital de Rengo y exponente del curso Ver\u00f3nica S\u00e1nchez manifest\u00f3 que \u201cfue una excelente experiencia, donde los funcionarios y funcionarias participaron activamente, tanto as\u00ed, que surgi\u00f3 la inquietud de parte de ellos, de poder ejecutar esta misma capacitaci\u00f3n durante el a\u00f1o, abarcando m\u00e1s personal para que todos estemos en la misma sinton\u00eda, fomentando el trabajo en equipo\u201d.<\/p>\n\n\n\n<p>Finalmente, los indicadores en salud, son herramientas de gesti\u00f3n que permiten, por ejemplo: instaurar mejoras y hacer m\u00e1s eficientes los distintos procesos hospitalarios.&nbsp; &nbsp;<\/p>\n","protected":false},"excerpt":{"rendered":"\u00a0\u00a0Capacitando a 46 funcionarios y funcionarias del Hospital Ricardo Valenzuela S\u00e1ez, entregando herramientas clave para la toma de&hellip;\n","protected":false},"author":1,"featured_media":8802,"comment_status":"open","ping_status":"open","sticky":false,"template":"","format":"standard","meta":{"_monsterinsights_skip_tracking":false,"_monsterinsights_sitenote_active":false,"_monsterinsights_sitenote_note":"","_monsterinsights_sitenote_category":0,"footnotes":""},"categories":[8],"tags":[],"class_list":{"0":"post-8786","1":"post","2":"type-post","3":"status-publish","4":"format-standard","5":"has-post-thumbnail","7":"category-portada"},"aioseo_notices":[],"_links":{"self":[{"href":"https:\/\/www.rengoenlanoticia.cl\/prensa\/wp-json\/wp\/v2\/posts\/8786","targetHints":{"allow":["GET"]}}],"collection":[{"href":"https:\/\/www.rengoenlanoticia.cl\/prensa\/wp-json\/wp\/v2\/posts"}],"about":[{"href":"https:\/\/www.rengoenlanoticia.cl\/prensa\/wp-json\/wp\/v2\/types\/post"}],"author":[{"embeddable":true,"href":"https:\/\/www.rengoenlanoticia.cl\/prensa\/wp-json\/wp\/v2\/users\/1"}],"replies":[{"embeddable":true,"href":"https:\/\/www.rengoenlanoticia.cl\/prensa\/wp-json\/wp\/v2\/comments?post=8786"}],"version-history":[{"count":3,"href":"https:\/\/www.rengoenlanoticia.cl\/prensa\/wp-json\/wp\/v2\/posts\/8786\/revisions"}],"predecessor-version":[{"id":8814,"href":"https:\/\/www.rengoenlanoticia.cl\/prensa\/wp-json\/wp\/v2\/posts\/8786\/revisions\/8814"}],"wp:featuredmedia":[{"embeddable":true,"href":"https:\/\/www.rengoenlanoticia.cl\/prensa\/wp-json\/wp\/v2\/media\/8802"}],"wp:attachment":[{"href":"https:\/\/www.rengoenlanoticia.cl\/prensa\/wp-json\/wp\/v2\/media?parent=8786"}],"wp:term":[{"taxonomy":"category","embeddable":true,"href":"https:\/\/www.rengoenlanoticia.cl\/prensa\/wp-json\/wp\/v2\/categories?post=8786"},{"taxonomy":"post_tag","embeddable":true,"href":"https:\/\/www.rengoenlanoticia.cl\/prensa\/wp-json\/wp\/v2\/tags?post=8786"}],"curies":[{"name":"wp","href":"https:\/\/api.w.org\/{rel}","templated":true}]}}