{"id":8785,"date":"2026-01-15T03:46:35","date_gmt":"2026-01-15T03:46:35","guid":{"rendered":"https:\/\/www.rengoenlanoticia.cl\/prensa\/?p=8785"},"modified":"2026-01-15T03:50:26","modified_gmt":"2026-01-15T03:50:26","slug":"seremi-de-salud-activa-protocolos-sanitarios-por-presunta-eta-en-masivo-encuentro-scout-en-graneros","status":"publish","type":"post","link":"https:\/\/www.rengoenlanoticia.cl\/prensa\/2026\/01\/15\/seremi-de-salud-activa-protocolos-sanitarios-por-presunta-eta-en-masivo-encuentro-scout-en-graneros\/","title":{"rendered":"Seremi de Salud activa protocolos sanitarios por presunta ETA en masivo encuentro scout en Graneros"},"content":{"rendered":"\n<p><strong>Once personas presentan s\u00edntomas durante actividad que re\u00fane a m\u00e1s de dos mil asistentes<\/strong><\/p>\n\n\n\n<p>La Seremi de Salud de la Regi\u00f3n de O\u2019Higgins se encuentra desarrollando una investigaci\u00f3n epidemiol\u00f3gica tras la notificaci\u00f3n de un grupo de ni\u00f1os y adultos con s\u00edntomas compatibles con una posible Enfermedad Transmitida por Alimentos (ETA), en el marco del Encuentro Scout Regional Paxt\u00fa 2026, que se realiza en el Parque Callejones, comuna de Graneros, y que congrega a m\u00e1s de dos mil ni\u00f1os, ni\u00f1as y j\u00f3venes provenientes de distintos puntos del pa\u00eds.<\/p>\n\n\n\n<p>Inicialmente, se report\u00f3 la afectaci\u00f3n de cinco ni\u00f1os; no obstante, la cifra fue actualizada a once personas, correspondientes a ocho ni\u00f1os y tres adultos. Desde que se tom\u00f3 conocimiento de la situaci\u00f3n, la Autoridad Sanitaria regional activ\u00f3 de inmediato los protocolos correspondientes con el fin de resguardar la salud de todos los asistentes al evento.<\/p>\n\n\n\n<p>Equipos de fiscalizaci\u00f3n de la Seremi de Salud se trasladaron hasta el lugar para verificar las condiciones sanitarias del encuentro, poniendo especial \u00e9nfasis en los procesos de preparaci\u00f3n, manipulaci\u00f3n y almacenamiento de alimentos, as\u00ed como en la calidad y estado del agua utilizada en el campamento.<\/p>\n\n\n\n<p>Al respecto, la Dra. B\u00e1rbara Rosas, encargada de la Unidad de Inocuidad de los Alimentos, se\u00f1al\u00f3 que \u201cnos encontramos en el sector de Callejones, donde se desarrolla un evento con un gran n\u00famero de ni\u00f1os y adultos. Vinimos a verificar las condiciones sanitarias, principalmente en el almacenamiento de alimentos, ya que se registr\u00f3 una intoxicaci\u00f3n en un grupo reducido de participantes\u201d.<\/p>\n\n\n\n<p>La profesional explic\u00f3 que durante la fiscalizaci\u00f3n se detectaron aspectos a mejorar relacionados con las temperaturas de conservaci\u00f3n de los alimentos, el manejo del agua y las condiciones propias de un campamento, especialmente considerando las altas temperaturas registradas. Estas observaciones fueron informadas a la organizaci\u00f3n del evento, la cual ya se encuentra implementando las medidas correctivas correspondientes.<\/p>\n\n\n\n<p>Por su parte, Mar\u00eda Fernanda Berr\u00edos, encargada (s) de la Unidad de Epidemiolog\u00eda, indic\u00f3 que \u201cnuestro principal objetivo es proteger la salud de los ni\u00f1os, ni\u00f1as y j\u00f3venes que participan en esta actividad. Estamos verificando los alimentos consumidos, los tiempos de ingesta y las condiciones de almacenamiento\u201d.<\/p>\n\n\n\n<p>Finalmente, desde la Autoridad Sanitaria se\u00f1alaron que no se descarta que el origen de los s\u00edntomas sea de car\u00e1cter viral y no necesariamente asociado al consumo de alimentos, situaci\u00f3n que contin\u00faa siendo evaluada en el marco de la investigaci\u00f3n en curso.<\/p>\n","protected":false},"excerpt":{"rendered":"Once personas presentan s\u00edntomas durante actividad que re\u00fane a m\u00e1s de dos mil asistentes La Seremi de Salud&hellip;\n","protected":false},"author":2,"featured_media":8799,"comment_status":"open","ping_status":"open","sticky":false,"template":"","format":"standard","meta":{"_monsterinsights_skip_tracking":false,"_monsterinsights_sitenote_active":false,"_monsterinsights_sitenote_note":"","_monsterinsights_sitenote_category":0,"footnotes":""},"categories":[8],"tags":[],"class_list":{"0":"post-8785","1":"post","2":"type-post","3":"status-publish","4":"format-standard","5":"has-post-thumbnail","7":"category-portada"},"aioseo_notices":[],"_links":{"self":[{"href":"https:\/\/www.rengoenlanoticia.cl\/prensa\/wp-json\/wp\/v2\/posts\/8785","targetHints":{"allow":["GET"]}}],"collection":[{"href":"https:\/\/www.rengoenlanoticia.cl\/prensa\/wp-json\/wp\/v2\/posts"}],"about":[{"href":"https:\/\/www.rengoenlanoticia.cl\/prensa\/wp-json\/wp\/v2\/types\/post"}],"author":[{"embeddable":true,"href":"https:\/\/www.rengoenlanoticia.cl\/prensa\/wp-json\/wp\/v2\/users\/2"}],"replies":[{"embeddable":true,"href":"https:\/\/www.rengoenlanoticia.cl\/prensa\/wp-json\/wp\/v2\/comments?post=8785"}],"version-history":[{"count":3,"href":"https:\/\/www.rengoenlanoticia.cl\/prensa\/wp-json\/wp\/v2\/posts\/8785\/revisions"}],"predecessor-version":[{"id":8812,"href":"https:\/\/www.rengoenlanoticia.cl\/prensa\/wp-json\/wp\/v2\/posts\/8785\/revisions\/8812"}],"wp:featuredmedia":[{"embeddable":true,"href":"https:\/\/www.rengoenlanoticia.cl\/prensa\/wp-json\/wp\/v2\/media\/8799"}],"wp:attachment":[{"href":"https:\/\/www.rengoenlanoticia.cl\/prensa\/wp-json\/wp\/v2\/media?parent=8785"}],"wp:term":[{"taxonomy":"category","embeddable":true,"href":"https:\/\/www.rengoenlanoticia.cl\/prensa\/wp-json\/wp\/v2\/categories?post=8785"},{"taxonomy":"post_tag","embeddable":true,"href":"https:\/\/www.rengoenlanoticia.cl\/prensa\/wp-json\/wp\/v2\/tags?post=8785"}],"curies":[{"name":"wp","href":"https:\/\/api.w.org\/{rel}","templated":true}]}}