{"id":8784,"date":"2026-01-15T03:50:17","date_gmt":"2026-01-15T03:50:17","guid":{"rendered":"https:\/\/www.rengoenlanoticia.cl\/prensa\/?p=8784"},"modified":"2026-01-15T04:12:11","modified_gmt":"2026-01-15T04:12:11","slug":"decomisan-mas-de-500-colados-infantiles-con-fechas-adulteradas-en-san-fernando","status":"publish","type":"post","link":"https:\/\/www.rengoenlanoticia.cl\/prensa\/2026\/01\/15\/decomisan-mas-de-500-colados-infantiles-con-fechas-adulteradas-en-san-fernando\/","title":{"rendered":"Decomisan m\u00e1s de 500 colados infantiles con fechas adulteradas en San Fernando"},"content":{"rendered":"\n<p><strong>Productos eran comercializados ilegalmente desde una vivienda particular de la comuna<\/strong><\/p>\n\n\n\n<p>Gracias a un r\u00e1pido y oportuno operativo, fiscalizadores de la Seremi de Salud de O\u2019Higgins lograron el decomiso de m\u00e1s de 500 colados infantiles que eran vendidos de manera irregular desde una casa particular en la comuna de San Fernando.<\/p>\n\n\n\n<p>La acci\u00f3n fue desarrollada por funcionarios de la Oficina de Acci\u00f3n Sanitaria de San Fernando, luego de detectar la comercializaci\u00f3n de alimentos sin contar con la correspondiente resoluci\u00f3n sanitaria. Durante la fiscalizaci\u00f3n, se constat\u00f3 que los productos se encontraban almacenados en el patio trasero del inmueble, en condiciones que no cumpl\u00edan con la normativa sanitaria vigente.<\/p>\n\n\n\n<p>Asimismo, se verific\u00f3 que los colados \u2014de marca Nestl\u00e9\u2014 hab\u00edan sido adquiridos en una feria del Valle de Pe\u00f1alol\u00e9n, en la Regi\u00f3n Metropolitana, y que presentaban alteraciones en su rotulado, espec\u00edficamente en las fechas de elaboraci\u00f3n y vencimiento.<\/p>\n\n\n\n<p>Al respecto, el jefe de Acci\u00f3n Sanitaria de la Seremi de Salud de O\u2019Higgins, Esteban Contreras, se\u00f1al\u00f3 que \u201cse pudo constatar el almacenamiento y comercializaci\u00f3n de alimentos infantiles con una fecha de elaboraci\u00f3n ficticia, la cual no corresponde a la informaci\u00f3n oficial entregada por la empresa respecto a los lotes encontrados. Esta situaci\u00f3n constituye una adulteraci\u00f3n del rotulado, lo que motiv\u00f3 el decomiso y destrucci\u00f3n de los productos, adem\u00e1s del inicio de un sumario sanitario\u201d.<\/p>\n\n\n\n<p>Desde la Seremi de Salud reiteraron el llamado a la comunidad a adquirir alimentos \u00fanicamente en establecimientos autorizados, revisar cuidadosamente el rotulado y denunciar la venta informal de productos alimenticios, especialmente aquellos destinados a lactantes y ni\u00f1os, con el fin de resguardar la salud p\u00fablica.<\/p>\n","protected":false},"excerpt":{"rendered":"Productos eran comercializados ilegalmente desde una vivienda particular de la comuna Gracias a un r\u00e1pido y oportuno operativo,&hellip;\n","protected":false},"author":2,"featured_media":8797,"comment_status":"open","ping_status":"open","sticky":false,"template":"","format":"standard","meta":{"_monsterinsights_skip_tracking":false,"_monsterinsights_sitenote_active":false,"_monsterinsights_sitenote_note":"","_monsterinsights_sitenote_category":0,"footnotes":""},"categories":[8],"tags":[],"class_list":{"0":"post-8784","1":"post","2":"type-post","3":"status-publish","4":"format-standard","5":"has-post-thumbnail","7":"category-portada"},"aioseo_notices":[],"_links":{"self":[{"href":"https:\/\/www.rengoenlanoticia.cl\/prensa\/wp-json\/wp\/v2\/posts\/8784","targetHints":{"allow":["GET"]}}],"collection":[{"href":"https:\/\/www.rengoenlanoticia.cl\/prensa\/wp-json\/wp\/v2\/posts"}],"about":[{"href":"https:\/\/www.rengoenlanoticia.cl\/prensa\/wp-json\/wp\/v2\/types\/post"}],"author":[{"embeddable":true,"href":"https:\/\/www.rengoenlanoticia.cl\/prensa\/wp-json\/wp\/v2\/users\/2"}],"replies":[{"embeddable":true,"href":"https:\/\/www.rengoenlanoticia.cl\/prensa\/wp-json\/wp\/v2\/comments?post=8784"}],"version-history":[{"count":2,"href":"https:\/\/www.rengoenlanoticia.cl\/prensa\/wp-json\/wp\/v2\/posts\/8784\/revisions"}],"predecessor-version":[{"id":8810,"href":"https:\/\/www.rengoenlanoticia.cl\/prensa\/wp-json\/wp\/v2\/posts\/8784\/revisions\/8810"}],"wp:featuredmedia":[{"embeddable":true,"href":"https:\/\/www.rengoenlanoticia.cl\/prensa\/wp-json\/wp\/v2\/media\/8797"}],"wp:attachment":[{"href":"https:\/\/www.rengoenlanoticia.cl\/prensa\/wp-json\/wp\/v2\/media?parent=8784"}],"wp:term":[{"taxonomy":"category","embeddable":true,"href":"https:\/\/www.rengoenlanoticia.cl\/prensa\/wp-json\/wp\/v2\/categories?post=8784"},{"taxonomy":"post_tag","embeddable":true,"href":"https:\/\/www.rengoenlanoticia.cl\/prensa\/wp-json\/wp\/v2\/tags?post=8784"}],"curies":[{"name":"wp","href":"https:\/\/api.w.org\/{rel}","templated":true}]}}