{"id":8783,"date":"2026-01-15T03:50:11","date_gmt":"2026-01-15T03:50:11","guid":{"rendered":"https:\/\/www.rengoenlanoticia.cl\/prensa\/?p=8783"},"modified":"2026-01-15T03:50:13","modified_gmt":"2026-01-15T03:50:13","slug":"servicio-de-salud-fortalece-seguridad-del-personal-samu-con-entrega-de-equipamiento","status":"publish","type":"post","link":"https:\/\/www.rengoenlanoticia.cl\/prensa\/2026\/01\/15\/servicio-de-salud-fortalece-seguridad-del-personal-samu-con-entrega-de-equipamiento\/","title":{"rendered":"Servicio de Salud fortalece seguridad del personal SAMU con entrega de\u00a0equipamiento"},"content":{"rendered":"\n<p>\u00b7\u00a0\u00a0La iniciativa considera la entrega de ropa de trabajo y cascos de seguridad por m\u00e1s de 80 millones de pesos, reforzando las condiciones laborales y operativas del personal de emergencia en la regi\u00f3n de O\u2019Higgins.<\/p>\n\n\n\n<p>Con el objetivo de reforzar la seguridad laboral, el desempe\u00f1o operativo y la formaci\u00f3n continua del personal de emergencia, el Servicio de Salud O\u2019Higgins realiz\u00f3 la entrega de ropa de trabajo y cascos de seguridad a funcionarios del SAMU O\u2019Higgins.<\/p>\n\n\n\n<p>En la actividad, desarrollada en la Base SAMU de Santa Cruz, la directora (s) del Servicio de Salud, Margarita Yercic, se\u00f1al\u00f3 que \u201cesta entrega refleja un compromiso concreto con la seguridad, la dignidad y la preparaci\u00f3n de nuestros equipos SAMU. No solo estamos invirtiendo recursos, sino tambi\u00e9n reconociendo el rol fundamental que cumplen d\u00eda a d\u00eda en la protecci\u00f3n de la vida, muchas veces en condiciones de alto riesgo\u201d.<\/p>\n\n\n\n<figure class=\"wp-block-image size-full\"><img loading=\"lazy\" decoding=\"async\" width=\"1024\" height=\"768\" src=\"https:\/\/www.rengoenlanoticia.cl\/prensa\/wp-content\/uploads\/2026\/01\/ceremonia_SAMU-2.jpeg\" alt=\"\" class=\"wp-image-8793\" srcset=\"https:\/\/www.rengoenlanoticia.cl\/prensa\/wp-content\/uploads\/2026\/01\/ceremonia_SAMU-2.jpeg 1024w, https:\/\/www.rengoenlanoticia.cl\/prensa\/wp-content\/uploads\/2026\/01\/ceremonia_SAMU-2-300x225.jpeg 300w, https:\/\/www.rengoenlanoticia.cl\/prensa\/wp-content\/uploads\/2026\/01\/ceremonia_SAMU-2-768x576.jpeg 768w, https:\/\/www.rengoenlanoticia.cl\/prensa\/wp-content\/uploads\/2026\/01\/ceremonia_SAMU-2-110x83.jpeg 110w, https:\/\/www.rengoenlanoticia.cl\/prensa\/wp-content\/uploads\/2026\/01\/ceremonia_SAMU-2-200x150.jpeg 200w, https:\/\/www.rengoenlanoticia.cl\/prensa\/wp-content\/uploads\/2026\/01\/ceremonia_SAMU-2-380x285.jpeg 380w, https:\/\/www.rengoenlanoticia.cl\/prensa\/wp-content\/uploads\/2026\/01\/ceremonia_SAMU-2-255x191.jpeg 255w, https:\/\/www.rengoenlanoticia.cl\/prensa\/wp-content\/uploads\/2026\/01\/ceremonia_SAMU-2-550x413.jpeg 550w, https:\/\/www.rengoenlanoticia.cl\/prensa\/wp-content\/uploads\/2026\/01\/ceremonia_SAMU-2-800x600.jpeg 800w\" sizes=\"auto, (max-width: 1024px) 100vw, 1024px\" \/><\/figure>\n\n\n\n<p>Los uniformes entregados est\u00e1n destinados a funcionarios del \u00c1rea de Intervenci\u00f3n (tripulaciones de ambulancia), \u00c1rea Centro Regulador y \u00c1rea Administrativa, permitiendo estandarizar y mejorar las condiciones laborales en todas las \u00e1reas del servicio. Junto a ello, se concret\u00f3 la entrega de cascos de seguridad a los equipos interventores SAMU O\u2019Higgins. Estos cascos cuentan con protecci\u00f3n craneal y ocular (antiparras) y son ampliamente utilizados a nivel internacional en labores de rescate y atenci\u00f3n prehospitalaria.<\/p>\n\n\n\n<p>En este contexto, la autoridad resalt\u00f3 que se trata de una inversi\u00f3n que supera los 80 millones de pesos, en elementos de protecci\u00f3n personal, \u201cy como Servicio de Salud estamos muy contentos de entregar este equipamiento de vestir, ya que permite proteger a nuestros funcionarios y entregarles las condiciones necesarias para que puedan desarrollar su labor de la forma m\u00e1s segura posible. Es un orgullo contar con los equipos que hoy tenemos en SAMU, por su vocaci\u00f3n de servicio p\u00fablico y su compromiso permanente con la comunidad\u201d, indic\u00f3 Margarita Yercic.<\/p>\n\n\n\n<p>Asimismo, explic\u00f3 que durante el a\u00f1o 2026 se trabajar\u00e1 en estandarizar las bases SAMU, avanzando no solo en mejores condiciones para los funcionarios, sino tambi\u00e9n en infraestructura, almacenamiento de insumos cl\u00ednicos y dependencias necesarias para una atenci\u00f3n oportuna y eficiente. \u201cEste es un compromiso prioritario del Servicio de Salud para este a\u00f1o\u201d, puntualiz\u00f3.<\/p>\n\n\n\n<figure class=\"wp-block-image size-full\"><img loading=\"lazy\" decoding=\"async\" width=\"1024\" height=\"768\" src=\"https:\/\/www.rengoenlanoticia.cl\/prensa\/wp-content\/uploads\/2026\/01\/ceremonia_SAMU-3.jpeg\" alt=\"\" class=\"wp-image-8794\" srcset=\"https:\/\/www.rengoenlanoticia.cl\/prensa\/wp-content\/uploads\/2026\/01\/ceremonia_SAMU-3.jpeg 1024w, https:\/\/www.rengoenlanoticia.cl\/prensa\/wp-content\/uploads\/2026\/01\/ceremonia_SAMU-3-300x225.jpeg 300w, https:\/\/www.rengoenlanoticia.cl\/prensa\/wp-content\/uploads\/2026\/01\/ceremonia_SAMU-3-768x576.jpeg 768w, https:\/\/www.rengoenlanoticia.cl\/prensa\/wp-content\/uploads\/2026\/01\/ceremonia_SAMU-3-110x83.jpeg 110w, https:\/\/www.rengoenlanoticia.cl\/prensa\/wp-content\/uploads\/2026\/01\/ceremonia_SAMU-3-200x150.jpeg 200w, https:\/\/www.rengoenlanoticia.cl\/prensa\/wp-content\/uploads\/2026\/01\/ceremonia_SAMU-3-380x285.jpeg 380w, https:\/\/www.rengoenlanoticia.cl\/prensa\/wp-content\/uploads\/2026\/01\/ceremonia_SAMU-3-255x191.jpeg 255w, https:\/\/www.rengoenlanoticia.cl\/prensa\/wp-content\/uploads\/2026\/01\/ceremonia_SAMU-3-550x413.jpeg 550w, https:\/\/www.rengoenlanoticia.cl\/prensa\/wp-content\/uploads\/2026\/01\/ceremonia_SAMU-3-800x600.jpeg 800w\" sizes=\"auto, (max-width: 1024px) 100vw, 1024px\" \/><\/figure>\n\n\n\n<p>En el mismo tenor, el director de SAMU O\u2019Higgins, Osvaldo Pontigo, destac\u00f3 que este equipamiento es clave para enfrentar rescates en accidentes de tr\u00e1nsito, incendios, zonas agrestes, eventos masivos y emergencias de gran magnitud. \u201cHoy con esta visita no solo estamos avanzando en la entrega de estos equipos de trabajo tan necesarios, sino que se dio la instancia para evaluar necesidades de infraestructura y mejoramiento del recinto, y de otras bases SAMU. Por ejemplo, hoy la directora del Servicio nos inform\u00f3 la pronta puesta en marcha de una ambulancia adicional para la comuna de Pichilemu, especialmente para enfrentar el aumento de demanda durante el periodo estival y la temporada de incendios forestales, permitiendo reducir los tiempos de respuesta\u201d.<\/p>\n\n\n\n<p>A nombre de los trabajadores, la dirigente gremial de Fenats Nacional SAMU SAR, Patricia Parra, valor\u00f3 la medida, se\u00f1alando que \u201cesta entrega responde a una demanda hist\u00f3rica de los equipos interventores. La seguridad no es un lujo, es una necesidad, y contar con estos elementos mejora tanto las condiciones laborales como la calidad de la atenci\u00f3n que entregamos a la comunidad\u201d.<\/p>\n\n\n\n<p>\u201cPara nosotros esto es fundamental, ya que fue un compromiso de nuestra organizaci\u00f3n gremial desde 2018. El trabajo prehospitalario se desarrolla en la calle, en condiciones muy distintas al \u00e1mbito hospitalario, por lo que se requiere ropa de seguridad adecuada. Hoy vemos c\u00f3mo este compromiso se ha ido concretando a\u00f1o a a\u00f1o, y eso nos llena de orgullo como organizaci\u00f3n\u201d, puntualiz\u00f3 Patricia Parra.<\/p>\n\n\n\n<p><strong>Certificaci\u00f3n en Transporte A\u00e9reo Sanitario<\/strong><\/p>\n\n\n\n<p>Junto con la entrega de la indumentaria, se realiz\u00f3 la entrega de diplomas a cuatro profesionales de SAMU que aprobaron el Curso de Transporte A\u00e9reo Sanitario (T.A.S.), instancia formativa que se enmarca en la alianza estrat\u00e9gica entre el Ej\u00e9rcito de Chile, a trav\u00e9s de la Comandancia de la Macrozona de Salud, y SAMU O\u2019Higgins.<\/p>\n\n\n\n<p>El curso, que contribuye al fortalecimiento de competencias especializadas para enfrentar escenarios de alta complejidad propios de la atenci\u00f3n prehospitalaria, fue aprobado por los TENS Base Santa Cruz: Jos\u00e9 Vergara, Francisca N\u00fa\u00f1ez y Joel Valenzuela, y el reanimador Base Pichilemu, Cristian Abarca.&nbsp;<\/p>\n","protected":false},"excerpt":{"rendered":"\u00b7\u00a0\u00a0La iniciativa considera la entrega de ropa de trabajo y cascos de seguridad por m\u00e1s de 80 millones&hellip;\n","protected":false},"author":1,"featured_media":8792,"comment_status":"open","ping_status":"open","sticky":false,"template":"","format":"standard","meta":{"_monsterinsights_skip_tracking":false,"_monsterinsights_sitenote_active":false,"_monsterinsights_sitenote_note":"","_monsterinsights_sitenote_category":0,"footnotes":""},"categories":[8],"tags":[],"class_list":{"0":"post-8783","1":"post","2":"type-post","3":"status-publish","4":"format-standard","5":"has-post-thumbnail","7":"category-portada"},"aioseo_notices":[],"_links":{"self":[{"href":"https:\/\/www.rengoenlanoticia.cl\/prensa\/wp-json\/wp\/v2\/posts\/8783","targetHints":{"allow":["GET"]}}],"collection":[{"href":"https:\/\/www.rengoenlanoticia.cl\/prensa\/wp-json\/wp\/v2\/posts"}],"about":[{"href":"https:\/\/www.rengoenlanoticia.cl\/prensa\/wp-json\/wp\/v2\/types\/post"}],"author":[{"embeddable":true,"href":"https:\/\/www.rengoenlanoticia.cl\/prensa\/wp-json\/wp\/v2\/users\/1"}],"replies":[{"embeddable":true,"href":"https:\/\/www.rengoenlanoticia.cl\/prensa\/wp-json\/wp\/v2\/comments?post=8783"}],"version-history":[{"count":3,"href":"https:\/\/www.rengoenlanoticia.cl\/prensa\/wp-json\/wp\/v2\/posts\/8783\/revisions"}],"predecessor-version":[{"id":8811,"href":"https:\/\/www.rengoenlanoticia.cl\/prensa\/wp-json\/wp\/v2\/posts\/8783\/revisions\/8811"}],"wp:featuredmedia":[{"embeddable":true,"href":"https:\/\/www.rengoenlanoticia.cl\/prensa\/wp-json\/wp\/v2\/media\/8792"}],"wp:attachment":[{"href":"https:\/\/www.rengoenlanoticia.cl\/prensa\/wp-json\/wp\/v2\/media?parent=8783"}],"wp:term":[{"taxonomy":"category","embeddable":true,"href":"https:\/\/www.rengoenlanoticia.cl\/prensa\/wp-json\/wp\/v2\/categories?post=8783"},{"taxonomy":"post_tag","embeddable":true,"href":"https:\/\/www.rengoenlanoticia.cl\/prensa\/wp-json\/wp\/v2\/tags?post=8783"}],"curies":[{"name":"wp","href":"https:\/\/api.w.org\/{rel}","templated":true}]}}