{"id":8782,"date":"2026-01-15T03:50:06","date_gmt":"2026-01-15T03:50:06","guid":{"rendered":"https:\/\/www.rengoenlanoticia.cl\/prensa\/?p=8782"},"modified":"2026-01-15T03:50:08","modified_gmt":"2026-01-15T03:50:08","slug":"cge-y-universidad-de-chile-sellan-historico-convenio-para-fortalecer-la-investigacion-y-formacion-en-energia","status":"publish","type":"post","link":"https:\/\/www.rengoenlanoticia.cl\/prensa\/2026\/01\/15\/cge-y-universidad-de-chile-sellan-historico-convenio-para-fortalecer-la-investigacion-y-formacion-en-energia\/","title":{"rendered":"CGE y Universidad de Chile sellan hist\u00f3rico convenio para fortalecer la investigaci\u00f3n y formaci\u00f3n en energ\u00eda"},"content":{"rendered":"\n<p>La compa\u00f1\u00eda distribuidora el\u00e9ctrica CGE y la Universidad de Chile concretaron un importante convenio de colaboraci\u00f3n t\u00e9cnica y acad\u00e9mica, acuerdo que permitir\u00e1 estrechar la relaci\u00f3n entre el sector privado y la academia, impulsando el desarrollo de investigaci\u00f3n, innovaci\u00f3n y formaci\u00f3n profesional en \u00e1reas estrat\u00e9gicas.<\/p>\n\n\n\n<p>CGE, que entrega servicio a m\u00e1s de 3,3 millones de clientes entre las regiones de Arica y Parinacota y La Araucan\u00eda, destac\u00f3 que esta alianza busca potenciar iniciativas conjuntas en cooperaci\u00f3n t\u00e9cnica, asesor\u00edas especializadas y proyectos de Investigaci\u00f3n, Desarrollo e Innovaci\u00f3n (I+D+i). El convenio contempla, adem\u00e1s, la implementaci\u00f3n de programas de pr\u00e1cticas profesionales, becas y otras instancias de apoyo a estudiantes.<\/p>\n\n\n\n<p>El acuerdo tambi\u00e9n permitir\u00e1 la participaci\u00f3n de ejecutivos y profesionales de CGE en actividades acad\u00e9micas, como cursos, charlas y acciones docentes, mientras que la Universidad de Chile fortalecer\u00e1 su oferta formativa de pregrado, postgrado y post\u00edtulo. Asimismo, se desarrollar\u00e1n estudios e investigaciones vinculadas a la distribuci\u00f3n el\u00e9ctrica y a las tecnolog\u00edas de las comunicaciones, con foco en la innovaci\u00f3n y la transferencia tecnol\u00f3gica.<\/p>\n\n\n\n<figure class=\"wp-block-image size-large\"><img loading=\"lazy\" decoding=\"async\" width=\"1024\" height=\"683\" src=\"https:\/\/www.rengoenlanoticia.cl\/prensa\/wp-content\/uploads\/2026\/01\/FOTO-2-1024x683.jpg\" alt=\"\" class=\"wp-image-8790\" srcset=\"https:\/\/www.rengoenlanoticia.cl\/prensa\/wp-content\/uploads\/2026\/01\/FOTO-2-1024x683.jpg 1024w, https:\/\/www.rengoenlanoticia.cl\/prensa\/wp-content\/uploads\/2026\/01\/FOTO-2-300x200.jpg 300w, https:\/\/www.rengoenlanoticia.cl\/prensa\/wp-content\/uploads\/2026\/01\/FOTO-2-768x512.jpg 768w, https:\/\/www.rengoenlanoticia.cl\/prensa\/wp-content\/uploads\/2026\/01\/FOTO-2-1536x1024.jpg 1536w, https:\/\/www.rengoenlanoticia.cl\/prensa\/wp-content\/uploads\/2026\/01\/FOTO-2-2048x1365.jpg 2048w, https:\/\/www.rengoenlanoticia.cl\/prensa\/wp-content\/uploads\/2026\/01\/FOTO-2-110x73.jpg 110w, https:\/\/www.rengoenlanoticia.cl\/prensa\/wp-content\/uploads\/2026\/01\/FOTO-2-200x133.jpg 200w, https:\/\/www.rengoenlanoticia.cl\/prensa\/wp-content\/uploads\/2026\/01\/FOTO-2-380x253.jpg 380w, https:\/\/www.rengoenlanoticia.cl\/prensa\/wp-content\/uploads\/2026\/01\/FOTO-2-255x170.jpg 255w, https:\/\/www.rengoenlanoticia.cl\/prensa\/wp-content\/uploads\/2026\/01\/FOTO-2-550x367.jpg 550w, https:\/\/www.rengoenlanoticia.cl\/prensa\/wp-content\/uploads\/2026\/01\/FOTO-2-800x533.jpg 800w, https:\/\/www.rengoenlanoticia.cl\/prensa\/wp-content\/uploads\/2026\/01\/FOTO-2-1160x773.jpg 1160w, https:\/\/www.rengoenlanoticia.cl\/prensa\/wp-content\/uploads\/2026\/01\/FOTO-2-scaled.jpg 2560w\" sizes=\"auto, (max-width: 1024px) 100vw, 1024px\" \/><\/figure>\n\n\n\n<p>Estas acciones se enmarcan en la Pol\u00edtica de Responsabilidad Corporativa de CGE, orientada a establecer relaciones de confianza y beneficio mutuo con sus grupos de inter\u00e9s, contribuyendo al desarrollo econ\u00f3mico y social de las regiones donde la compa\u00f1\u00eda opera.<\/p>\n\n\n\n<p>La rectora de la Universidad de Chile, Rosa Dev\u00e9s, calific\u00f3 el acuerdo como el \u201cm\u00e1s amplio e integral\u201d que la casa de estudios ha suscrito con una empresa, ya que abarca la totalidad de las funciones universitarias. \u201cIncluye la formaci\u00f3n en todos sus niveles, la investigaci\u00f3n, la innovaci\u00f3n y el v\u00ednculo con el medio\u201d, se\u00f1al\u00f3.<\/p>\n\n\n\n<p>Dev\u00e9s agreg\u00f3 que si bien la investigaci\u00f3n es un eje central del quehacer universitario, el trabajo conjunto con el mundo empresarial resulta clave para ampliar capacidades. \u201cHa existido un trabajo acad\u00e9mico profundo y equilibrado entre ambas instituciones, donde ambas tienen algo que aportar y se respetan mutuamente\u201d, concluy\u00f3.<\/p>\n","protected":false},"excerpt":{"rendered":"La compa\u00f1\u00eda distribuidora el\u00e9ctrica CGE y la Universidad de Chile concretaron un importante convenio de colaboraci\u00f3n t\u00e9cnica y&hellip;\n","protected":false},"author":2,"featured_media":8789,"comment_status":"open","ping_status":"open","sticky":false,"template":"","format":"standard","meta":{"_monsterinsights_skip_tracking":false,"_monsterinsights_sitenote_active":false,"_monsterinsights_sitenote_note":"","_monsterinsights_sitenote_category":0,"footnotes":""},"categories":[8],"tags":[],"class_list":{"0":"post-8782","1":"post","2":"type-post","3":"status-publish","4":"format-standard","5":"has-post-thumbnail","7":"category-portada"},"aioseo_notices":[],"_links":{"self":[{"href":"https:\/\/www.rengoenlanoticia.cl\/prensa\/wp-json\/wp\/v2\/posts\/8782","targetHints":{"allow":["GET"]}}],"collection":[{"href":"https:\/\/www.rengoenlanoticia.cl\/prensa\/wp-json\/wp\/v2\/posts"}],"about":[{"href":"https:\/\/www.rengoenlanoticia.cl\/prensa\/wp-json\/wp\/v2\/types\/post"}],"author":[{"embeddable":true,"href":"https:\/\/www.rengoenlanoticia.cl\/prensa\/wp-json\/wp\/v2\/users\/2"}],"replies":[{"embeddable":true,"href":"https:\/\/www.rengoenlanoticia.cl\/prensa\/wp-json\/wp\/v2\/comments?post=8782"}],"version-history":[{"count":3,"href":"https:\/\/www.rengoenlanoticia.cl\/prensa\/wp-json\/wp\/v2\/posts\/8782\/revisions"}],"predecessor-version":[{"id":8808,"href":"https:\/\/www.rengoenlanoticia.cl\/prensa\/wp-json\/wp\/v2\/posts\/8782\/revisions\/8808"}],"wp:featuredmedia":[{"embeddable":true,"href":"https:\/\/www.rengoenlanoticia.cl\/prensa\/wp-json\/wp\/v2\/media\/8789"}],"wp:attachment":[{"href":"https:\/\/www.rengoenlanoticia.cl\/prensa\/wp-json\/wp\/v2\/media?parent=8782"}],"wp:term":[{"taxonomy":"category","embeddable":true,"href":"https:\/\/www.rengoenlanoticia.cl\/prensa\/wp-json\/wp\/v2\/categories?post=8782"},{"taxonomy":"post_tag","embeddable":true,"href":"https:\/\/www.rengoenlanoticia.cl\/prensa\/wp-json\/wp\/v2\/tags?post=8782"}],"curies":[{"name":"wp","href":"https:\/\/api.w.org\/{rel}","templated":true}]}}