{"id":8781,"date":"2026-01-15T03:50:01","date_gmt":"2026-01-15T03:50:01","guid":{"rendered":"https:\/\/www.rengoenlanoticia.cl\/prensa\/?p=8781"},"modified":"2026-01-15T03:50:03","modified_gmt":"2026-01-15T03:50:03","slug":"entra-en-vigencia-la-desnotarizacion-para-cooperativas-en-la-region-de-ohiggins","status":"publish","type":"post","link":"https:\/\/www.rengoenlanoticia.cl\/prensa\/2026\/01\/15\/entra-en-vigencia-la-desnotarizacion-para-cooperativas-en-la-region-de-ohiggins\/","title":{"rendered":"Entra en vigencia la desnotarizaci\u00f3n para cooperativas en la Regi\u00f3n de O\u2019Higgins"},"content":{"rendered":"\n<p>Desde el <strong>1 de enero de 2026<\/strong>, comenz\u00f3 a regir en la Regi\u00f3n de O\u2019Higgins la <strong>desnotarizaci\u00f3n de diversos tr\u00e1mites para las cooperativas<\/strong>, medida que busca reducir costos, agilizar procesos administrativos y modernizar la gesti\u00f3n del sector cooperativo.<\/p>\n\n\n\n<p>La iniciativa se enmarca en la <strong>Resoluci\u00f3n Administrativa RAE 1321<\/strong>, impulsada por el <strong>Ministerio de Econom\u00eda<\/strong>, la cual establece nuevas normas de car\u00e1cter societario, administrativo, financiero y contable para las cooperativas, en el contexto de la <strong>Ley de Desnotarizaci\u00f3n<\/strong>. Esta normativa se aplica a nivel nacional y beneficia directamente a las organizaciones cooperativas de la regi\u00f3n.<\/p>\n\n\n\n<p>Con la entrada en vigencia de esta resoluci\u00f3n, <strong>se elimina la obligatoriedad de realizar tr\u00e1mites notariales<\/strong> en documentos clave como el acta de Junta General de Socios, el acta del Consejo de Administraci\u00f3n, las actas de aceptaci\u00f3n o renuncia de consejeros, y la designaci\u00f3n o revocaci\u00f3n del gerente, lo que representa un avance significativo en la simplificaci\u00f3n de procesos internos.<\/p>\n\n\n\n<p>Asimismo, la normativa <strong>incorpora el uso de firma electr\u00f3nica avanzada<\/strong> en documentos relevantes, tales como tasaciones de cartera, tasaciones t\u00e9cnicas de ajustes a valor de mercado y antecedentes de fondos de estudio socioecon\u00f3mico para la conformaci\u00f3n de cooperativas de ahorro y cr\u00e9dito, fortaleciendo la digitalizaci\u00f3n y modernizaci\u00f3n del sector.<\/p>\n\n\n\n<p>El <strong>SEREMI de Econom\u00eda, Fomento y Turismo de la Regi\u00f3n de O\u2019Higgins<\/strong>, Dar\u00edo Garc\u00eda, valor\u00f3 la implementaci\u00f3n de esta medida y destac\u00f3 el compromiso del Gobierno con el desarrollo cooperativo. \u201cHemos sido el Gobierno de las Cooperativas, y este es un avance m\u00e1s dentro del proceso de modernizaci\u00f3n de la Divisi\u00f3n de Asociatividad y Cooperativas. Hemos trabajado de manera intersectorial para apoyar a las cooperativas, entendiendo sus problem\u00e1ticas tanto en su constituci\u00f3n como en su permanencia en el tiempo. Este paso implica un ahorro en recursos monetarios y en los tiempos necesarios para constituir una cooperativa\u201d, se\u00f1al\u00f3 la autoridad.<\/p>\n\n\n\n<p>La desnotarizaci\u00f3n tiene como objetivo <strong>equiparar las exigencias que enfrentan las cooperativas con otras personalidades jur\u00eddicas<\/strong>, simplificar tr\u00e1mites administrativos y contables, y disminuir los costos asociados a las obligaciones ante la <strong>Divisi\u00f3n de Asociatividad y Cooperativas (DAES)<\/strong> del Ministerio de Econom\u00eda.<\/p>\n\n\n\n<p>Esta medida forma parte del <strong>Plan de Modernizaci\u00f3n de la DAES<\/strong> y se complementa con herramientas como <strong>CoopDigital<\/strong>, plataforma que permite constituir y registrar cooperativas de manera online, facilitando la creaci\u00f3n y gesti\u00f3n de emprendimientos asociativos en la Regi\u00f3n de O\u2019Higgins.<\/p>\n\n\n\n<p>La normativa fue implementada conforme a lo establecido en la <strong>Ley N\u00b021.582 de Desnotarizaci\u00f3n<\/strong>, mediante la modificaci\u00f3n de la Resoluci\u00f3n Administrativa RAE 1321 a trav\u00e9s de la <strong>RAEX202502832<\/strong>, publicada en el Diario Oficial el <strong>30 de septiembre de 2025<\/strong>, cuyos efectos comenzaron a regir este 1 de enero de 2026.<\/p>\n","protected":false},"excerpt":{"rendered":"Desde el 1 de enero de 2026, comenz\u00f3 a regir en la Regi\u00f3n de O\u2019Higgins la desnotarizaci\u00f3n de&hellip;\n","protected":false},"author":2,"featured_media":8787,"comment_status":"open","ping_status":"open","sticky":false,"template":"","format":"standard","meta":{"_monsterinsights_skip_tracking":false,"_monsterinsights_sitenote_active":false,"_monsterinsights_sitenote_note":"","_monsterinsights_sitenote_category":0,"footnotes":""},"categories":[8],"tags":[],"class_list":{"0":"post-8781","1":"post","2":"type-post","3":"status-publish","4":"format-standard","5":"has-post-thumbnail","7":"category-portada"},"aioseo_notices":[],"_links":{"self":[{"href":"https:\/\/www.rengoenlanoticia.cl\/prensa\/wp-json\/wp\/v2\/posts\/8781","targetHints":{"allow":["GET"]}}],"collection":[{"href":"https:\/\/www.rengoenlanoticia.cl\/prensa\/wp-json\/wp\/v2\/posts"}],"about":[{"href":"https:\/\/www.rengoenlanoticia.cl\/prensa\/wp-json\/wp\/v2\/types\/post"}],"author":[{"embeddable":true,"href":"https:\/\/www.rengoenlanoticia.cl\/prensa\/wp-json\/wp\/v2\/users\/2"}],"replies":[{"embeddable":true,"href":"https:\/\/www.rengoenlanoticia.cl\/prensa\/wp-json\/wp\/v2\/comments?post=8781"}],"version-history":[{"count":3,"href":"https:\/\/www.rengoenlanoticia.cl\/prensa\/wp-json\/wp\/v2\/posts\/8781\/revisions"}],"predecessor-version":[{"id":8809,"href":"https:\/\/www.rengoenlanoticia.cl\/prensa\/wp-json\/wp\/v2\/posts\/8781\/revisions\/8809"}],"wp:featuredmedia":[{"embeddable":true,"href":"https:\/\/www.rengoenlanoticia.cl\/prensa\/wp-json\/wp\/v2\/media\/8787"}],"wp:attachment":[{"href":"https:\/\/www.rengoenlanoticia.cl\/prensa\/wp-json\/wp\/v2\/media?parent=8781"}],"wp:term":[{"taxonomy":"category","embeddable":true,"href":"https:\/\/www.rengoenlanoticia.cl\/prensa\/wp-json\/wp\/v2\/categories?post=8781"},{"taxonomy":"post_tag","embeddable":true,"href":"https:\/\/www.rengoenlanoticia.cl\/prensa\/wp-json\/wp\/v2\/tags?post=8781"}],"curies":[{"name":"wp","href":"https:\/\/api.w.org\/{rel}","templated":true}]}}