{"id":876,"date":"2025-01-10T01:17:28","date_gmt":"2025-01-10T01:17:28","guid":{"rendered":"https:\/\/www.rengoenlanoticia.cl\/prensa\/?p=876"},"modified":"2025-01-10T01:17:45","modified_gmt":"2025-01-10T01:17:45","slug":"region-de-ohiggins-se-prepara-ante-ola-de-calor-intensa","status":"publish","type":"post","link":"https:\/\/www.rengoenlanoticia.cl\/prensa\/2025\/01\/10\/region-de-ohiggins-se-prepara-ante-ola-de-calor-intensa\/","title":{"rendered":"Regi\u00f3n de O\u2019Higgins se prepara ante ola de calor intensa"},"content":{"rendered":"\n<p>\u2022 Con mesa t\u00e9cnica en Senapred donde participaron servicios p\u00fablicos y privados, coordin\u00e1ndose acciones frente al pron\u00f3stico de altas temperaturas extremas.<\/p>\n\n\n\n<p>\u00a0Abordando los alcances de la declaraci\u00f3n de Alerta Amarilla Regional por Calor Intenso, vigente desde el 9 de enero 2025, el Delegado Presidencial de O\u2019Higgins, Fabio L\u00f3pez, lider\u00f3 una Mesa T\u00e9cnica Regional, efectuada en dependencias de Senapred, donde participaron diversos servicios p\u00fablicos y privados que tienen relaci\u00f3n con las emergencias, como Carabineros, Conaf, Bomberos, Seremi Salud y Servicio de Salud, entre otros.<\/p>\n\n\n\n<p>Durante la reuni\u00f3n, el Delegado Presidencial coordin\u00f3 acciones frente al pron\u00f3stico de altas temperaturas extremas que afectar\u00e1 a seis regiones del pa\u00eds, incluida O\u2019Higgins, distribuyendo tareas locales que tendr\u00e1n a su cargo los distintos servicios. A su vez, socializ\u00f3 algunas de las medidas, entre ellas que Bomberos va a movilizar fuerzas de tarea a puntos espec\u00edficos durante estos d\u00edas con la finalidad de ahorrar tiempos importantes en los desplazamientos en caso de la ocurrencia de incendios.<br>En la misma l\u00ednea, inform\u00f3 que CONAF traslad\u00f3 una aeronave para estar cercana a los sectores donde podr\u00edan tener mayor ocurrencia de incendios, ya que de acuerdo a lo anunciado por la Direcci\u00f3n Meteorol\u00f3gica de Chile (DMC), existe un aviso por altas temperaturas m\u00e1ximas que podr\u00edan llegar a los 39 grados. Esta alerta abarca desde Coquimbo al Biob\u00edo, y est\u00e1 vigente desde hoy y hasta el lunes 13 de enero, en los sectores precordilleranos, valles y la cordillera de la costa.<\/p>\n\n\n\n<p>Finalmente, se resalt\u00f3 que existen 22 comunas que tienen declaraci\u00f3n de Bot\u00f3n Rojo de Conaf, que son San Vicente, Las Cabras, Ch\u00e9pica, Santa Cruz, Pichidegua, Peralillo, Palmilla, Mostazal, Peumo, Marchigue, Lolol, La Estrella, Coltauco, Nancagua, Quinta de Tilcoco, San Fernando, Pumanque, Mostazal, Placilla, Malloa, Coinco y Graneros.<\/p>\n\n\n\n<p>\u201cLlamamos a nuestros vecinos y vecinas a mantenerse informados sobre las condiciones meteorol\u00f3gicas a trav\u00e9s de los canales oficiales y a tomar todas las medidas preventivas, porque la mejor forma de evitar una tragedia, es la prevenci\u00f3n, por ello les pedimos hacer caso a las recomendaciones e instrucciones de las autoridades, que lo hacen por el bien y la seguridad de la poblaci\u00f3n\u201d, resalt\u00f3 el delegado Fabio L\u00f3pez.<\/p>\n","protected":false},"excerpt":{"rendered":"\u2022 Con mesa t\u00e9cnica en Senapred donde participaron servicios p\u00fablicos y privados, coordin\u00e1ndose acciones frente al pron\u00f3stico de&hellip;\n","protected":false},"author":1,"featured_media":0,"comment_status":"open","ping_status":"open","sticky":false,"template":"","format":"standard","meta":{"_monsterinsights_skip_tracking":false,"_monsterinsights_sitenote_active":false,"_monsterinsights_sitenote_note":"","_monsterinsights_sitenote_category":0,"footnotes":""},"categories":[8],"tags":[],"class_list":{"0":"post-876","1":"post","2":"type-post","3":"status-publish","4":"format-standard","6":"category-portada"},"aioseo_notices":[],"_links":{"self":[{"href":"https:\/\/www.rengoenlanoticia.cl\/prensa\/wp-json\/wp\/v2\/posts\/876","targetHints":{"allow":["GET"]}}],"collection":[{"href":"https:\/\/www.rengoenlanoticia.cl\/prensa\/wp-json\/wp\/v2\/posts"}],"about":[{"href":"https:\/\/www.rengoenlanoticia.cl\/prensa\/wp-json\/wp\/v2\/types\/post"}],"author":[{"embeddable":true,"href":"https:\/\/www.rengoenlanoticia.cl\/prensa\/wp-json\/wp\/v2\/users\/1"}],"replies":[{"embeddable":true,"href":"https:\/\/www.rengoenlanoticia.cl\/prensa\/wp-json\/wp\/v2\/comments?post=876"}],"version-history":[{"count":2,"href":"https:\/\/www.rengoenlanoticia.cl\/prensa\/wp-json\/wp\/v2\/posts\/876\/revisions"}],"predecessor-version":[{"id":890,"href":"https:\/\/www.rengoenlanoticia.cl\/prensa\/wp-json\/wp\/v2\/posts\/876\/revisions\/890"}],"wp:attachment":[{"href":"https:\/\/www.rengoenlanoticia.cl\/prensa\/wp-json\/wp\/v2\/media?parent=876"}],"wp:term":[{"taxonomy":"category","embeddable":true,"href":"https:\/\/www.rengoenlanoticia.cl\/prensa\/wp-json\/wp\/v2\/categories?post=876"},{"taxonomy":"post_tag","embeddable":true,"href":"https:\/\/www.rengoenlanoticia.cl\/prensa\/wp-json\/wp\/v2\/tags?post=876"}],"curies":[{"name":"wp","href":"https:\/\/api.w.org\/{rel}","templated":true}]}}