{"id":8749,"date":"2026-01-13T02:03:22","date_gmt":"2026-01-13T02:03:22","guid":{"rendered":"https:\/\/www.rengoenlanoticia.cl\/prensa\/?p=8749"},"modified":"2026-01-13T02:03:26","modified_gmt":"2026-01-13T02:03:26","slug":"primer-juzgado-de-letras-de-rengo-implementa-con-exito-el-protocolo-de-acceso-a-la-justicia-para-personas-mayores-del-poder-judicial","status":"publish","type":"post","link":"https:\/\/www.rengoenlanoticia.cl\/prensa\/2026\/01\/13\/primer-juzgado-de-letras-de-rengo-implementa-con-exito-el-protocolo-de-acceso-a-la-justicia-para-personas-mayores-del-poder-judicial\/","title":{"rendered":"Primer Juzgado de Letras de Rengo implementa con \u00e9xito el Protocolo de Acceso a la Justicia para Personas Mayores del Poder Judicial"},"content":{"rendered":"\n<p>Primer Juzgado de Letras de Rengo implementa con \u00e9xito el Protocolo de Acceso a la Justicia para Personas Mayores del Poder JudicialEn una ceremonia realizada en el Tercer Juzgado de Polic\u00eda Local de Maip\u00fa, la Corte Suprema distingui\u00f3 a diversas unidades judiciales con el Sello de Acceso a la Justicia de Personas Mayores, entre ellas el Primer Juzgado de Letras de Rengo, reconocimiento que acredita la implementaci\u00f3n efectiva de la Gu\u00eda Pr\u00e1ctica de Aplicaci\u00f3n del Protocolo de Acceso a la Justicia de Personas Mayores.<\/p>\n\n\n\n<p>La actividad fue encabezada por la ministra de la Corte Suprema Jessica Gonz\u00e1lez, encargada del Subcomit\u00e9 de Acceso a la Justicia de Personas y Grupos Vulnerables, instancia responsable de coordinar y supervisar la ejecuci\u00f3n de pol\u00edticas y lineamientos orientados a fortalecer el acceso a la justicia de grupos que enfrentan condiciones de especial vulnerabilidad.<\/p>\n\n\n\n<figure class=\"wp-block-image size-large\"><img loading=\"lazy\" decoding=\"async\" width=\"1024\" height=\"682\" src=\"https:\/\/www.rengoenlanoticia.cl\/prensa\/wp-content\/uploads\/2026\/01\/WhatsApp-Image-2026-01-12-at-13.31.58-2-1024x682.jpeg\" alt=\"\" class=\"wp-image-8777\" srcset=\"https:\/\/www.rengoenlanoticia.cl\/prensa\/wp-content\/uploads\/2026\/01\/WhatsApp-Image-2026-01-12-at-13.31.58-2-1024x682.jpeg 1024w, https:\/\/www.rengoenlanoticia.cl\/prensa\/wp-content\/uploads\/2026\/01\/WhatsApp-Image-2026-01-12-at-13.31.58-2-300x200.jpeg 300w, https:\/\/www.rengoenlanoticia.cl\/prensa\/wp-content\/uploads\/2026\/01\/WhatsApp-Image-2026-01-12-at-13.31.58-2-768x512.jpeg 768w, https:\/\/www.rengoenlanoticia.cl\/prensa\/wp-content\/uploads\/2026\/01\/WhatsApp-Image-2026-01-12-at-13.31.58-2-1536x1023.jpeg 1536w, https:\/\/www.rengoenlanoticia.cl\/prensa\/wp-content\/uploads\/2026\/01\/WhatsApp-Image-2026-01-12-at-13.31.58-2-110x73.jpeg 110w, https:\/\/www.rengoenlanoticia.cl\/prensa\/wp-content\/uploads\/2026\/01\/WhatsApp-Image-2026-01-12-at-13.31.58-2-200x133.jpeg 200w, https:\/\/www.rengoenlanoticia.cl\/prensa\/wp-content\/uploads\/2026\/01\/WhatsApp-Image-2026-01-12-at-13.31.58-2-380x253.jpeg 380w, https:\/\/www.rengoenlanoticia.cl\/prensa\/wp-content\/uploads\/2026\/01\/WhatsApp-Image-2026-01-12-at-13.31.58-2-255x170.jpeg 255w, https:\/\/www.rengoenlanoticia.cl\/prensa\/wp-content\/uploads\/2026\/01\/WhatsApp-Image-2026-01-12-at-13.31.58-2-550x366.jpeg 550w, https:\/\/www.rengoenlanoticia.cl\/prensa\/wp-content\/uploads\/2026\/01\/WhatsApp-Image-2026-01-12-at-13.31.58-2-800x533.jpeg 800w, https:\/\/www.rengoenlanoticia.cl\/prensa\/wp-content\/uploads\/2026\/01\/WhatsApp-Image-2026-01-12-at-13.31.58-2-1160x773.jpeg 1160w, https:\/\/www.rengoenlanoticia.cl\/prensa\/wp-content\/uploads\/2026\/01\/WhatsApp-Image-2026-01-12-at-13.31.58-2.jpeg 1600w\" sizes=\"auto, (max-width: 1024px) 100vw, 1024px\" \/><\/figure>\n\n\n\n<p>Esta iniciativa se enmarc\u00f3 en el compromiso del Poder Judicial con la promoci\u00f3n de un sistema de justicia inclusivo, siendo designado este a\u00f1o el Primer Juzgado de Letras de Rengo como tribunal piloto para la implementaci\u00f3n de la respectiva gu\u00eda, instrumento elaborado conforme a los est\u00e1ndares internacionales en derechos humanos de las personas mayores.<\/p>\n\n\n\n<p>La Direcci\u00f3n de Asuntos Internacionales y Derechos Humanos (DAIDH), que actu\u00f3 como secretar\u00eda t\u00e9cnica del proceso, acompa\u00f1\u00f3 el dise\u00f1o, la metodolog\u00eda y la evaluaci\u00f3n del trabajo realizado durante los \u00faltimos meses.<\/p>\n\n\n\n<p>La puesta en marcha de esta iniciativa en el Primer Juzgado de Letras de Rengo se llev\u00f3 a cabo mediante un plan de trabajo estructurado, que contempl\u00f3: la elaboraci\u00f3n de protocolos de atenci\u00f3n especializada; la adecuaci\u00f3n de espacios f\u00edsicos con zonas preferentes; la implementaci\u00f3n de se\u00f1al\u00e9tica y material informativo adaptado a las necesidades sensoriales y cognitivas del p\u00fablico mayor; la incorporaci\u00f3n obligatoria del glosario judicial y del lenguaje claro en resoluciones y sentencias; y la producci\u00f3n de fallos con inter\u00e9s jurisprudencial, interpretados a la luz de los instrumentos internacionales aplicables a esta poblaci\u00f3n.<\/p>\n\n\n\n<figure class=\"wp-block-image size-large\"><img loading=\"lazy\" decoding=\"async\" width=\"1024\" height=\"576\" src=\"https:\/\/www.rengoenlanoticia.cl\/prensa\/wp-content\/uploads\/2026\/01\/WhatsApp-Image-2026-01-12-at-13.31.58-1-1024x576.jpeg\" alt=\"\" class=\"wp-image-8778\" srcset=\"https:\/\/www.rengoenlanoticia.cl\/prensa\/wp-content\/uploads\/2026\/01\/WhatsApp-Image-2026-01-12-at-13.31.58-1-1024x576.jpeg 1024w, https:\/\/www.rengoenlanoticia.cl\/prensa\/wp-content\/uploads\/2026\/01\/WhatsApp-Image-2026-01-12-at-13.31.58-1-300x169.jpeg 300w, https:\/\/www.rengoenlanoticia.cl\/prensa\/wp-content\/uploads\/2026\/01\/WhatsApp-Image-2026-01-12-at-13.31.58-1-768x432.jpeg 768w, https:\/\/www.rengoenlanoticia.cl\/prensa\/wp-content\/uploads\/2026\/01\/WhatsApp-Image-2026-01-12-at-13.31.58-1-1536x864.jpeg 1536w, https:\/\/www.rengoenlanoticia.cl\/prensa\/wp-content\/uploads\/2026\/01\/WhatsApp-Image-2026-01-12-at-13.31.58-1-110x62.jpeg 110w, https:\/\/www.rengoenlanoticia.cl\/prensa\/wp-content\/uploads\/2026\/01\/WhatsApp-Image-2026-01-12-at-13.31.58-1-200x113.jpeg 200w, https:\/\/www.rengoenlanoticia.cl\/prensa\/wp-content\/uploads\/2026\/01\/WhatsApp-Image-2026-01-12-at-13.31.58-1-380x214.jpeg 380w, https:\/\/www.rengoenlanoticia.cl\/prensa\/wp-content\/uploads\/2026\/01\/WhatsApp-Image-2026-01-12-at-13.31.58-1-255x143.jpeg 255w, https:\/\/www.rengoenlanoticia.cl\/prensa\/wp-content\/uploads\/2026\/01\/WhatsApp-Image-2026-01-12-at-13.31.58-1-550x309.jpeg 550w, https:\/\/www.rengoenlanoticia.cl\/prensa\/wp-content\/uploads\/2026\/01\/WhatsApp-Image-2026-01-12-at-13.31.58-1-800x450.jpeg 800w, https:\/\/www.rengoenlanoticia.cl\/prensa\/wp-content\/uploads\/2026\/01\/WhatsApp-Image-2026-01-12-at-13.31.58-1-1160x653.jpeg 1160w, https:\/\/www.rengoenlanoticia.cl\/prensa\/wp-content\/uploads\/2026\/01\/WhatsApp-Image-2026-01-12-at-13.31.58-1.jpeg 1600w\" sizes=\"auto, (max-width: 1024px) 100vw, 1024px\" \/><\/figure>\n\n\n\n<p>Paralelamente, el tribunal fortaleci\u00f3 su v\u00ednculo con la comunidad mediante la articulaci\u00f3n con organizaciones de adultos mayores de su jurisdicci\u00f3n. En este contexto, se realiz\u00f3 una jornada de acercamiento con integrantes del club \u201cAmistad de Malloa\u201d, quienes participaron en una capacitaci\u00f3n sobre materias jur\u00eddicas de relevancia para su grupo etario \u2014tales como la interdicci\u00f3n y la normativa en arrendamiento\u2014 y presenciaron una audiencia judicial, lo que les permiti\u00f3 conocer de manera directa el funcionamiento del sistema de justicia en su territorio.<\/p>\n\n\n\n<p>La jueza presidenta del tribunal, Sandra Herrera, se\u00f1al\u00f3 que \u201cvaloramos profundamente la oportunidad de contribuir al fortalecimiento del acceso a la justicia para las personas mayores. Los avances logrados no solo transforman nuestra forma de trabajar, sino que permiten institucionalizar pr\u00e1cticas permanentes que aseguran el respeto, la dignidad y la efectiva protecci\u00f3n de los derechos de este grupo en el \u00e1mbito judicial\u201d.<\/p>\n\n\n\n<p>A la ceremonia asistieron en representaci\u00f3n del tribunal de Rengo el secretario subrogrante Edson Alvarado D\u00edaz; el jefe de unidad Jean Delso Madrid y la ayudante de servicios, Elena Montenegro Acu\u00f1a.<\/p>\n\n\n\n<p>Las unidades judiciales distinguidas con el sello fueron la Corte de Apelaciones de Santiago, el Primer y el Vig\u00e9simo Noveno Juzgado Civil de Santiago, el Primer Juzgado de Letras de Rengo, la Secretar\u00eda de la Corte Suprema y el Tercer Juzgado de Polic\u00eda Local de Maip\u00fa.<\/p>\n","protected":false},"excerpt":{"rendered":"Primer Juzgado de Letras de Rengo implementa con \u00e9xito el Protocolo de Acceso a la Justicia para Personas&hellip;\n","protected":false},"author":1,"featured_media":8776,"comment_status":"open","ping_status":"open","sticky":false,"template":"","format":"standard","meta":{"_monsterinsights_skip_tracking":false,"_monsterinsights_sitenote_active":false,"_monsterinsights_sitenote_note":"","_monsterinsights_sitenote_category":0,"footnotes":""},"categories":[8],"tags":[],"class_list":{"0":"post-8749","1":"post","2":"type-post","3":"status-publish","4":"format-standard","5":"has-post-thumbnail","7":"category-portada"},"aioseo_notices":[],"_links":{"self":[{"href":"https:\/\/www.rengoenlanoticia.cl\/prensa\/wp-json\/wp\/v2\/posts\/8749","targetHints":{"allow":["GET"]}}],"collection":[{"href":"https:\/\/www.rengoenlanoticia.cl\/prensa\/wp-json\/wp\/v2\/posts"}],"about":[{"href":"https:\/\/www.rengoenlanoticia.cl\/prensa\/wp-json\/wp\/v2\/types\/post"}],"author":[{"embeddable":true,"href":"https:\/\/www.rengoenlanoticia.cl\/prensa\/wp-json\/wp\/v2\/users\/1"}],"replies":[{"embeddable":true,"href":"https:\/\/www.rengoenlanoticia.cl\/prensa\/wp-json\/wp\/v2\/comments?post=8749"}],"version-history":[{"count":3,"href":"https:\/\/www.rengoenlanoticia.cl\/prensa\/wp-json\/wp\/v2\/posts\/8749\/revisions"}],"predecessor-version":[{"id":8780,"href":"https:\/\/www.rengoenlanoticia.cl\/prensa\/wp-json\/wp\/v2\/posts\/8749\/revisions\/8780"}],"wp:featuredmedia":[{"embeddable":true,"href":"https:\/\/www.rengoenlanoticia.cl\/prensa\/wp-json\/wp\/v2\/media\/8776"}],"wp:attachment":[{"href":"https:\/\/www.rengoenlanoticia.cl\/prensa\/wp-json\/wp\/v2\/media?parent=8749"}],"wp:term":[{"taxonomy":"category","embeddable":true,"href":"https:\/\/www.rengoenlanoticia.cl\/prensa\/wp-json\/wp\/v2\/categories?post=8749"},{"taxonomy":"post_tag","embeddable":true,"href":"https:\/\/www.rengoenlanoticia.cl\/prensa\/wp-json\/wp\/v2\/tags?post=8749"}],"curies":[{"name":"wp","href":"https:\/\/api.w.org\/{rel}","templated":true}]}}