{"id":8748,"date":"2026-01-13T00:51:11","date_gmt":"2026-01-13T00:51:11","guid":{"rendered":"https:\/\/www.rengoenlanoticia.cl\/prensa\/?p=8748"},"modified":"2026-01-13T01:59:05","modified_gmt":"2026-01-13T01:59:05","slug":"__trashed-6","status":"publish","type":"post","link":"https:\/\/www.rengoenlanoticia.cl\/prensa\/2026\/01\/13\/__trashed-6\/","title":{"rendered":"Hospital de Santa Cruz fortaleci\u00f3 su infraestructura y l\u00edneas de apoyo a pacientes y funcionarios"},"content":{"rendered":"\n<p>\u00b7\u00a0Durante 2025 se desarrollaron obras de mejoramiento en \u00e1reas cr\u00edticas, junto con iniciativas asistenciales que continuar\u00e1n este 2026, en beneficio de la comunidad usuaria.<\/p>\n\n\n\n<p>Con el objetivo de fortalecer la calidad de atenci\u00f3n a los usuarios y mejorar las condiciones laborales de sus funcionarios, el Hospital de Santa Cruz desarroll\u00f3 durante el a\u00f1o 2025 una serie de proyectos de infraestructura y apoyo asistencial, los que permitieron modernizar diversas \u00e1reas del establecimiento.<\/p>\n\n\n\n<p>Sobre lo anterior, el jefe del Departamento de Gesti\u00f3n Industrial del recinto hospitalario, Felipe Morales, resalt\u00f3 que \u201cdurante el a\u00f1o reci\u00e9n pasado, el hospital concret\u00f3 m\u00faltiples iniciativas enfocadas en el mejoramiento de espacios cl\u00ednicos y administrativos. Entre las principales obras destacan el cambio de pisos y mejoramiento de muros del tercer piso del \u00e1rea m\u00e9dico-quir\u00fargica, el mejoramiento de acceso al establecimiento y la instalaci\u00f3n de nuevas casetas para el personal de seguridad\u201d.<\/p>\n\n\n\n<p>Asimismo, resalt\u00f3 que se renovaron puertas de seguridad en el \u00e1rea de Urgencia, tanto pedi\u00e1trica como de adultos, se efectu\u00f3 el cambio de puertas en pabell\u00f3n y se realizaron mejoras en las puertas del servicio de imagenolog\u00eda, reforzando as\u00ed la seguridad y funcionalidad de estas \u00e1reas cr\u00edticas.<\/p>\n\n\n\n<p>En el \u00e1mbito administrativo, Felipe Morales destac\u00f3 el traslado del SOME, lista de espera y GES desde el cuarto al primer piso, \u201cespacio que hoy cuenta con una nueva infraestructura pensada para una mejor atenci\u00f3n a los usuarios\u201d. Paralelamente, se habilitaron nuevas oficinas en el cuarto piso destinadas a Gesti\u00f3n y Desarrollo de las Personas y Recursos Humanos, adem\u00e1s del recambio total de muebles del tercer piso por equipamiento nuevo.<\/p>\n\n\n\n<p>\u201cEstos proyectos forman parte del compromiso institucional del Hospital de Santa Cruz por mejorar tanto las condiciones de nuestros funcionarios como la experiencia de nuestros pacientes, fortaleciendo de manera concreta nuestra infraestructura\u201d, se\u00f1al\u00f3 Felipe Morales.<\/p>\n\n\n\n<p>Por su parte, el director del Hospital de Santa Cruz, Dr. Sebasti\u00e1n Urz\u00faa, valor\u00f3 el impacto de estas iniciativas y el trabajo realizado por los equipos del establecimiento.<\/p>\n\n\n\n<p>\u201cCada uno de estos proyectos responde a una planificaci\u00f3n estrat\u00e9gica orientada a dignificar los espacios de atenci\u00f3n y de trabajo. Mejorar nuestra infraestructura es una forma concreta de cuidar a nuestros funcionarios y de entregar una atenci\u00f3n m\u00e1s segura, oportuna y de calidad a nuestros usuarios\u201d, destac\u00f3 el directivo.<\/p>\n\n\n\n<p>Otro de los hitos relevantes iniciados en 2025 fue la implementaci\u00f3n de una iniciativa social, en conjunto con la asistente social del establecimiento y el programa de cuidados paliativos, orientada a facilitar catres cl\u00ednicos y gases de ox\u00edgeno a pacientes que lo requieren. Este beneficio continuar\u00e1 durante el a\u00f1o 2026, mediante una evaluaci\u00f3n caso a caso que permitir\u00e1 priorizar a quienes cumplan con los criterios establecidos.<\/p>\n\n\n\n<figure class=\"wp-block-image size-large\"><img loading=\"lazy\" decoding=\"async\" width=\"1024\" height=\"790\" src=\"https:\/\/www.rengoenlanoticia.cl\/prensa\/wp-content\/uploads\/2026\/01\/Inversiones-H.-Santa-Cruz-2-1024x790.jpeg\" alt=\"\" class=\"wp-image-8761\" srcset=\"https:\/\/www.rengoenlanoticia.cl\/prensa\/wp-content\/uploads\/2026\/01\/Inversiones-H.-Santa-Cruz-2-1024x790.jpeg 1024w, https:\/\/www.rengoenlanoticia.cl\/prensa\/wp-content\/uploads\/2026\/01\/Inversiones-H.-Santa-Cruz-2-300x232.jpeg 300w, https:\/\/www.rengoenlanoticia.cl\/prensa\/wp-content\/uploads\/2026\/01\/Inversiones-H.-Santa-Cruz-2-768x593.jpeg 768w, https:\/\/www.rengoenlanoticia.cl\/prensa\/wp-content\/uploads\/2026\/01\/Inversiones-H.-Santa-Cruz-2-110x85.jpeg 110w, https:\/\/www.rengoenlanoticia.cl\/prensa\/wp-content\/uploads\/2026\/01\/Inversiones-H.-Santa-Cruz-2-200x154.jpeg 200w, https:\/\/www.rengoenlanoticia.cl\/prensa\/wp-content\/uploads\/2026\/01\/Inversiones-H.-Santa-Cruz-2-380x293.jpeg 380w, https:\/\/www.rengoenlanoticia.cl\/prensa\/wp-content\/uploads\/2026\/01\/Inversiones-H.-Santa-Cruz-2-255x197.jpeg 255w, https:\/\/www.rengoenlanoticia.cl\/prensa\/wp-content\/uploads\/2026\/01\/Inversiones-H.-Santa-Cruz-2-550x424.jpeg 550w, https:\/\/www.rengoenlanoticia.cl\/prensa\/wp-content\/uploads\/2026\/01\/Inversiones-H.-Santa-Cruz-2-800x617.jpeg 800w, https:\/\/www.rengoenlanoticia.cl\/prensa\/wp-content\/uploads\/2026\/01\/Inversiones-H.-Santa-Cruz-2-1160x895.jpeg 1160w, https:\/\/www.rengoenlanoticia.cl\/prensa\/wp-content\/uploads\/2026\/01\/Inversiones-H.-Santa-Cruz-2.jpeg 1200w\" sizes=\"auto, (max-width: 1024px) 100vw, 1024px\" \/><\/figure>\n\n\n\n<p>Respecto a los desaf\u00edos para este a\u00f1o, el Dr. Urz\u00faa agreg\u00f3 que \u201cdurante 2026 queremos seguir avanzando en la misma l\u00ednea de mejoramiento continuo. Ya estamos trabajando en nuevos proyectos, entre ellos el cambio de piso de la Central de Alimentaci\u00f3n y la habilitaci\u00f3n de una guarder\u00eda, adem\u00e1s de otras iniciativas que buscan seguir elevando la calidad de vida de nuestros funcionarios y pacientes\u201d<\/p>\n\n\n\n<p>Tambi\u00e9n agradeci\u00f3 profundamente a todos los equipos de la subdirecci\u00f3n administrativa por este tremendo logro que es fruto del trabajo en conjunto y siempre con una mirada por el bien com\u00fan.<\/p>\n\n\n\n<p>La autoridad concluy\u00f3 que el Hospital de Santa Cruz avanza en el fortalecimiento de su infraestructura y en el desarrollo de m\u00faltiples l\u00edneas de trabajo, no solo en materia de inversi\u00f3n, sino tambi\u00e9n en \u00e1reas asistenciales y de apoyo, con el objetivo de mejorar de manera concreta la calidad de la atenci\u00f3n de salud que se entrega a la comunidad.<\/p>\n","protected":false},"excerpt":{"rendered":"\u00b7\u00a0Durante 2025 se desarrollaron obras de mejoramiento en \u00e1reas cr\u00edticas, junto con iniciativas asistenciales que continuar\u00e1n este 2026,&hellip;\n","protected":false},"author":1,"featured_media":8759,"comment_status":"open","ping_status":"open","sticky":false,"template":"","format":"standard","meta":{"_monsterinsights_skip_tracking":false,"_monsterinsights_sitenote_active":false,"_monsterinsights_sitenote_note":"","_monsterinsights_sitenote_category":0,"footnotes":""},"categories":[8],"tags":[],"class_list":{"0":"post-8748","1":"post","2":"type-post","3":"status-publish","4":"format-standard","5":"has-post-thumbnail","7":"category-portada"},"aioseo_notices":[],"_links":{"self":[{"href":"https:\/\/www.rengoenlanoticia.cl\/prensa\/wp-json\/wp\/v2\/posts\/8748","targetHints":{"allow":["GET"]}}],"collection":[{"href":"https:\/\/www.rengoenlanoticia.cl\/prensa\/wp-json\/wp\/v2\/posts"}],"about":[{"href":"https:\/\/www.rengoenlanoticia.cl\/prensa\/wp-json\/wp\/v2\/types\/post"}],"author":[{"embeddable":true,"href":"https:\/\/www.rengoenlanoticia.cl\/prensa\/wp-json\/wp\/v2\/users\/1"}],"replies":[{"embeddable":true,"href":"https:\/\/www.rengoenlanoticia.cl\/prensa\/wp-json\/wp\/v2\/comments?post=8748"}],"version-history":[{"count":3,"href":"https:\/\/www.rengoenlanoticia.cl\/prensa\/wp-json\/wp\/v2\/posts\/8748\/revisions"}],"predecessor-version":[{"id":8772,"href":"https:\/\/www.rengoenlanoticia.cl\/prensa\/wp-json\/wp\/v2\/posts\/8748\/revisions\/8772"}],"wp:featuredmedia":[{"embeddable":true,"href":"https:\/\/www.rengoenlanoticia.cl\/prensa\/wp-json\/wp\/v2\/media\/8759"}],"wp:attachment":[{"href":"https:\/\/www.rengoenlanoticia.cl\/prensa\/wp-json\/wp\/v2\/media?parent=8748"}],"wp:term":[{"taxonomy":"category","embeddable":true,"href":"https:\/\/www.rengoenlanoticia.cl\/prensa\/wp-json\/wp\/v2\/categories?post=8748"},{"taxonomy":"post_tag","embeddable":true,"href":"https:\/\/www.rengoenlanoticia.cl\/prensa\/wp-json\/wp\/v2\/tags?post=8748"}],"curies":[{"name":"wp","href":"https:\/\/api.w.org\/{rel}","templated":true}]}}