{"id":8747,"date":"2026-01-13T01:59:20","date_gmt":"2026-01-13T01:59:20","guid":{"rendered":"https:\/\/www.rengoenlanoticia.cl\/prensa\/?p=8747"},"modified":"2026-01-13T01:59:23","modified_gmt":"2026-01-13T01:59:23","slug":"mop-ohiggins-inaugura-obras-de-borde-costero-en-la-boca-de-rapel-en-navidad","status":"publish","type":"post","link":"https:\/\/www.rengoenlanoticia.cl\/prensa\/2026\/01\/13\/mop-ohiggins-inaugura-obras-de-borde-costero-en-la-boca-de-rapel-en-navidad\/","title":{"rendered":"MOP O\u2019Higgins inaugura obras de borde costero en La Boca de Rapel en Navidad"},"content":{"rendered":"\n<p><em>El anhelado proyecto impulsado por la Direcci\u00f3n regional de Obras Portuarias cont\u00f3 con una inversi\u00f3n superior a los $1.500 millones<\/em><\/p>\n\n\n\n<p>Con la presencia de autoridades regionales, locales y representantes de la comunidad, MOP O\u2019Higgins inaugur\u00f3 las obras de protecci\u00f3n de ribera y muelle tur\u00edstico del sector La Boca de Rapel, en la comuna de Navidad, marcando un hito para el desarrollo costero de la provincia Cardenal Caro.<\/p>\n\n\n\n<p>El proyecto consider\u00f3 una inversi\u00f3n total de $1.543.021.098 y contempl\u00f3 la ejecuci\u00f3n de obras de protecci\u00f3n de ribera mediante enrocado, la construcci\u00f3n de un muelle flotante de uso tur\u00edstico, una rampa para embarcaciones menores, adem\u00e1s de sombreaderos, luminarias solares y obras de accesibilidad universal, permitiendo recuperar y fortalecer un espacio estrat\u00e9gico para la comunidad.<\/p>\n\n\n\n<p>La iniciativa, ejecutada por el MOP O\u2019Higgins a trav\u00e9s de su Direcci\u00f3n de Obras Portuarias, responde a los severos da\u00f1os provocados por eventos clim\u00e1ticos extremos registrados durante los a\u00f1os 2023 y 2024, los que afectaron la infraestructura existente, erosionaron la ribera y pusieron en riesgo el camino de acceso, viviendas cercanas y actividades productivas como la pesca artesanal y el turismo local.<\/p>\n\n\n\n<figure class=\"wp-block-image size-large\"><img loading=\"lazy\" decoding=\"async\" width=\"1024\" height=\"683\" src=\"https:\/\/www.rengoenlanoticia.cl\/prensa\/wp-content\/uploads\/2026\/01\/WhatsApp-Image-2026-01-12-at-10.45.55-1024x683.jpeg\" alt=\"\" class=\"wp-image-8764\" srcset=\"https:\/\/www.rengoenlanoticia.cl\/prensa\/wp-content\/uploads\/2026\/01\/WhatsApp-Image-2026-01-12-at-10.45.55-1024x683.jpeg 1024w, https:\/\/www.rengoenlanoticia.cl\/prensa\/wp-content\/uploads\/2026\/01\/WhatsApp-Image-2026-01-12-at-10.45.55-300x200.jpeg 300w, https:\/\/www.rengoenlanoticia.cl\/prensa\/wp-content\/uploads\/2026\/01\/WhatsApp-Image-2026-01-12-at-10.45.55-768x512.jpeg 768w, https:\/\/www.rengoenlanoticia.cl\/prensa\/wp-content\/uploads\/2026\/01\/WhatsApp-Image-2026-01-12-at-10.45.55-1536x1024.jpeg 1536w, https:\/\/www.rengoenlanoticia.cl\/prensa\/wp-content\/uploads\/2026\/01\/WhatsApp-Image-2026-01-12-at-10.45.55-110x73.jpeg 110w, https:\/\/www.rengoenlanoticia.cl\/prensa\/wp-content\/uploads\/2026\/01\/WhatsApp-Image-2026-01-12-at-10.45.55-200x133.jpeg 200w, https:\/\/www.rengoenlanoticia.cl\/prensa\/wp-content\/uploads\/2026\/01\/WhatsApp-Image-2026-01-12-at-10.45.55-380x253.jpeg 380w, https:\/\/www.rengoenlanoticia.cl\/prensa\/wp-content\/uploads\/2026\/01\/WhatsApp-Image-2026-01-12-at-10.45.55-255x170.jpeg 255w, https:\/\/www.rengoenlanoticia.cl\/prensa\/wp-content\/uploads\/2026\/01\/WhatsApp-Image-2026-01-12-at-10.45.55-550x367.jpeg 550w, https:\/\/www.rengoenlanoticia.cl\/prensa\/wp-content\/uploads\/2026\/01\/WhatsApp-Image-2026-01-12-at-10.45.55-800x533.jpeg 800w, https:\/\/www.rengoenlanoticia.cl\/prensa\/wp-content\/uploads\/2026\/01\/WhatsApp-Image-2026-01-12-at-10.45.55-1160x773.jpeg 1160w, https:\/\/www.rengoenlanoticia.cl\/prensa\/wp-content\/uploads\/2026\/01\/WhatsApp-Image-2026-01-12-at-10.45.55.jpeg 1599w\" sizes=\"auto, (max-width: 1024px) 100vw, 1024px\" \/><\/figure>\n\n\n\n<p>Durante la ceremonia, la Seremi de Obras P\u00fablicas de la Regi\u00f3n de O\u2019Higgins, Mar\u00eda de los \u00c1ngeles Latorre, destac\u00f3 el impacto de esta obra para la comunidad y el territorio, se\u00f1alando que \u201cestamos muy satisfechos de inaugurar junto a la comunidad de Navidad una obra de primer nivel, que responde al compromiso del Ministerio de Obras P\u00fablicas por mejorar la infraestructura p\u00fablica en distintos sectores de la regi\u00f3n, especialmente en aquellas zonas que por a\u00f1os no hab\u00edan recibido inversiones y cuyas comunidades se sent\u00edan postergadas\u201d<\/p>\n\n\n\n<p>Latorre destac\u00f3 que \u201cHoy entregamos una infraestructura que protege la ribera, mejora la seguridad y pone en valor este espacio costero, permitiendo que vecinos, vecinas y visitantes puedan disfrutarlo plenamente durante el per\u00edodo estival. Adem\u00e1s, esta iniciativa corresponde a una primera etapa, ya que contempla una segunda fase que considera la construcci\u00f3n de una caleta para pescadores, lo que refleja que el trabajo del MOP en este sector contin\u00faa\u201d.<\/p>\n\n\n\n<p>Por su parte, el alcalde de la comuna de Navidad, Yanko Blum\u00e9n, valor\u00f3 la ejecuci\u00f3n de esta iniciativa y el aporte que representa para la seguridad y el desarrollo del sector costero, indicando que, \u201cesta obra nos brinda una tremenda oportunidad de desarrollo para nuestros vecinos de la localidad y para el turismo. As\u00ed que estamos muy felices con lo que ha generado la Direcci\u00f3n de Obras Portuarias, es una tremenda inversi\u00f3n que pone \u00e9nfasis en una localidad que se sent\u00eda abandonada y que hoy genera una soluci\u00f3n con un hecho concreto\u201d, dijo el Edil.<\/p>\n\n\n\n<figure class=\"wp-block-image size-large\"><img loading=\"lazy\" decoding=\"async\" width=\"1024\" height=\"576\" src=\"https:\/\/www.rengoenlanoticia.cl\/prensa\/wp-content\/uploads\/2026\/01\/DJI_0716-1-1024x576.jpg\" alt=\"\" class=\"wp-image-8763\" srcset=\"https:\/\/www.rengoenlanoticia.cl\/prensa\/wp-content\/uploads\/2026\/01\/DJI_0716-1-1024x576.jpg 1024w, https:\/\/www.rengoenlanoticia.cl\/prensa\/wp-content\/uploads\/2026\/01\/DJI_0716-1-300x169.jpg 300w, https:\/\/www.rengoenlanoticia.cl\/prensa\/wp-content\/uploads\/2026\/01\/DJI_0716-1-768x432.jpg 768w, https:\/\/www.rengoenlanoticia.cl\/prensa\/wp-content\/uploads\/2026\/01\/DJI_0716-1-1536x864.jpg 1536w, https:\/\/www.rengoenlanoticia.cl\/prensa\/wp-content\/uploads\/2026\/01\/DJI_0716-1-2048x1152.jpg 2048w, https:\/\/www.rengoenlanoticia.cl\/prensa\/wp-content\/uploads\/2026\/01\/DJI_0716-1-110x62.jpg 110w, https:\/\/www.rengoenlanoticia.cl\/prensa\/wp-content\/uploads\/2026\/01\/DJI_0716-1-200x113.jpg 200w, https:\/\/www.rengoenlanoticia.cl\/prensa\/wp-content\/uploads\/2026\/01\/DJI_0716-1-380x214.jpg 380w, https:\/\/www.rengoenlanoticia.cl\/prensa\/wp-content\/uploads\/2026\/01\/DJI_0716-1-255x143.jpg 255w, https:\/\/www.rengoenlanoticia.cl\/prensa\/wp-content\/uploads\/2026\/01\/DJI_0716-1-550x309.jpg 550w, https:\/\/www.rengoenlanoticia.cl\/prensa\/wp-content\/uploads\/2026\/01\/DJI_0716-1-800x450.jpg 800w, https:\/\/www.rengoenlanoticia.cl\/prensa\/wp-content\/uploads\/2026\/01\/DJI_0716-1-1160x653.jpg 1160w, https:\/\/www.rengoenlanoticia.cl\/prensa\/wp-content\/uploads\/2026\/01\/DJI_0716-1-scaled.jpg 2560w\" sizes=\"auto, (max-width: 1024px) 100vw, 1024px\" \/><figcaption class=\"wp-element-caption\">DCIM100MEDIADJI_0716.JPG<\/figcaption><\/figure>\n\n\n\n<p>Cabe se\u00f1alar que hace m\u00e1s de 20 a\u00f1os no se ejecutaban obras portuarias en la comuna de Navidad, lo que releva la importancia de esta intervenci\u00f3n, orientada tanto a la protecci\u00f3n del borde costero como al impulso de la actividad tur\u00edstica y n\u00e1utica del sector.<\/p>\n\n\n\n<p>En la misma l\u00ednea, el director regional de Obras Portuarias, Edgardo Hevia, relev\u00f3 el car\u00e1cter t\u00e9cnico y estrat\u00e9gico del proyecto, se\u00f1alando que, \u201cesta es una obra muy importante para nosotros y emblem\u00e1tica porque implica una inversi\u00f3n de m\u00e1s de 1500 millones de pesos, lo cual genera mayor productividad en actividad tur\u00edstica. Pr\u00f3ximamente viene un proyecto que se va a hacer cargo de la caleta de pescadores en este espacio que tambi\u00e9n es una inversi\u00f3n considerable y esperamos que tambi\u00e9n sea un gran aporte a la comunidad para mejorar su calidad de vida\u201d.<\/p>\n\n\n\n<p>Dignidad a nuestra localidad<\/p>\n\n\n\n<p>Desde la comunidad, la presidenta de la agrupaci\u00f3n Borde R\u00edo La Boca, Soledad R\u00edos, valor\u00f3 la concreci\u00f3n de estas obras y los beneficios que traer\u00e1n para vecinas y vecinos del sector, se\u00f1alando que, \u201ceste proyecto naci\u00f3 a partir de la emergencia que vivimos el a\u00f1o 2023, cuando el sector qued\u00f3 completamente inundado y cubierto de barro, afectando viviendas y provocando que muchos emprendedores perdieran su fuente de sustento. Que hoy podamos inaugurar esta obra viene a devolverle dignidad a nuestra localidad, por lo que estamos muy felices y profundamente emocionados con este logro\u201d.<\/p>\n\n\n\n<p>Con esta obra, el Ministerio de Obras P\u00fablicas reafirma su compromiso con la ejecuci\u00f3n de infraestructura p\u00fablica resiliente, que protege a las comunidades frente a eventos clim\u00e1ticos extremos, fortalece el desarrollo local y mejora la calidad de vida de los territorios costeros de la Regi\u00f3n de O\u2019Higgins.<\/p>\n\n\n\n<p>La ceremonia cont\u00f3 con la participaci\u00f3n de la Seremi de Obras P\u00fablicas, Mar\u00eda de los \u00c1ngeles Latorre, el alcalde de Navidad, Yanko Blum\u00e9n, el director de Obras Portuarias, Edgardo Hevia, la Senadora Alejandra Sep\u00falveda y la comunidad local, quienes fueron parte de este importante hito para el desarrollo costero de la comuna.<\/p>\n","protected":false},"excerpt":{"rendered":"El anhelado proyecto impulsado por la Direcci\u00f3n regional de Obras Portuarias cont\u00f3 con una inversi\u00f3n superior a los&hellip;\n","protected":false},"author":2,"featured_media":8765,"comment_status":"open","ping_status":"open","sticky":false,"template":"","format":"standard","meta":{"_monsterinsights_skip_tracking":false,"_monsterinsights_sitenote_active":false,"_monsterinsights_sitenote_note":"","_monsterinsights_sitenote_category":0,"footnotes":""},"categories":[1],"tags":[],"class_list":{"0":"post-8747","1":"post","2":"type-post","3":"status-publish","4":"format-standard","5":"has-post-thumbnail","7":"category-uncategorized"},"aioseo_notices":[],"_links":{"self":[{"href":"https:\/\/www.rengoenlanoticia.cl\/prensa\/wp-json\/wp\/v2\/posts\/8747","targetHints":{"allow":["GET"]}}],"collection":[{"href":"https:\/\/www.rengoenlanoticia.cl\/prensa\/wp-json\/wp\/v2\/posts"}],"about":[{"href":"https:\/\/www.rengoenlanoticia.cl\/prensa\/wp-json\/wp\/v2\/types\/post"}],"author":[{"embeddable":true,"href":"https:\/\/www.rengoenlanoticia.cl\/prensa\/wp-json\/wp\/v2\/users\/2"}],"replies":[{"embeddable":true,"href":"https:\/\/www.rengoenlanoticia.cl\/prensa\/wp-json\/wp\/v2\/comments?post=8747"}],"version-history":[{"count":2,"href":"https:\/\/www.rengoenlanoticia.cl\/prensa\/wp-json\/wp\/v2\/posts\/8747\/revisions"}],"predecessor-version":[{"id":8774,"href":"https:\/\/www.rengoenlanoticia.cl\/prensa\/wp-json\/wp\/v2\/posts\/8747\/revisions\/8774"}],"wp:featuredmedia":[{"embeddable":true,"href":"https:\/\/www.rengoenlanoticia.cl\/prensa\/wp-json\/wp\/v2\/media\/8765"}],"wp:attachment":[{"href":"https:\/\/www.rengoenlanoticia.cl\/prensa\/wp-json\/wp\/v2\/media?parent=8747"}],"wp:term":[{"taxonomy":"category","embeddable":true,"href":"https:\/\/www.rengoenlanoticia.cl\/prensa\/wp-json\/wp\/v2\/categories?post=8747"},{"taxonomy":"post_tag","embeddable":true,"href":"https:\/\/www.rengoenlanoticia.cl\/prensa\/wp-json\/wp\/v2\/tags?post=8747"}],"curies":[{"name":"wp","href":"https:\/\/api.w.org\/{rel}","templated":true}]}}