{"id":8746,"date":"2026-01-13T01:58:49","date_gmt":"2026-01-13T01:58:49","guid":{"rendered":"https:\/\/www.rengoenlanoticia.cl\/prensa\/?p=8746"},"modified":"2026-01-13T01:58:51","modified_gmt":"2026-01-13T01:58:51","slug":"suenos-que-florecen-36-jovenes-rurales-impulsan-sus-primeros-negocios-agropecuarios-en-ohiggins","status":"publish","type":"post","link":"https:\/\/www.rengoenlanoticia.cl\/prensa\/2026\/01\/13\/suenos-que-florecen-36-jovenes-rurales-impulsan-sus-primeros-negocios-agropecuarios-en-ohiggins\/","title":{"rendered":"Sue\u00f1os que florecen: 36 j\u00f3venes rurales impulsan sus primeros negocios agropecuarios en O\u2019Higgins"},"content":{"rendered":"\n<p>Treinta y seis j\u00f3venes de diversas comunas de la regi\u00f3n de O\u2019Higgins dieron un importante paso para cumplir sus sue\u00f1os y comenzar sus emprendimientos agropecuarios, gracias al programa Mi Primer Negocio Rural. En un encuentro realizado en Palmilla, compartieron avances y experiencias, junto al director regional de INDAP, Braulio Moreno; otros funcionarios, y la presidenta del Consejo Asesor Regional (CAR), M\u00f3nica Rodr\u00edguez. Tambi\u00e9n particip\u00f3 Freddy Le\u00f3n, representante de la consultora InnovaAcci\u00f3n, responsable de la implementaci\u00f3n del programa.<\/p>\n\n\n\n<p>Durante la jornada se present\u00f3 un informe sobre la puesta en marcha de la iniciativa y los resultados de las capacitaciones realizadas a los 36 j\u00f3venes seleccionados de la regi\u00f3n. Adem\u00e1s, se exhibi\u00f3 un video con testimonios de los j\u00f3venes emprendedores, quienes explicaron sus proyectos y expectativas.<\/p>\n\n\n\n<p>El programa Mi Primer Negocio Rural busca apoyar a j\u00f3venes del mundo rural para que inicien su primer emprendimiento agropecuario. Ofrece financiamiento de hasta $3,5 millones para inversi\u00f3n inicial y $700 mil para capital de operaci\u00f3n, junto con asesor\u00eda t\u00e9cnica durante tres a\u00f1os en \u00e1reas como producci\u00f3n, comercializaci\u00f3n, formalizaci\u00f3n, marketing y contabilidad.<\/p>\n\n\n\n<figure class=\"wp-block-image size-large\"><img loading=\"lazy\" decoding=\"async\" width=\"1024\" height=\"682\" src=\"https:\/\/www.rengoenlanoticia.cl\/prensa\/wp-content\/uploads\/2026\/01\/reunion-con-jovenes-MPNR-1024x682.jpg\" alt=\"\" class=\"wp-image-8756\" srcset=\"https:\/\/www.rengoenlanoticia.cl\/prensa\/wp-content\/uploads\/2026\/01\/reunion-con-jovenes-MPNR-1024x682.jpg 1024w, https:\/\/www.rengoenlanoticia.cl\/prensa\/wp-content\/uploads\/2026\/01\/reunion-con-jovenes-MPNR-300x200.jpg 300w, https:\/\/www.rengoenlanoticia.cl\/prensa\/wp-content\/uploads\/2026\/01\/reunion-con-jovenes-MPNR-768x512.jpg 768w, https:\/\/www.rengoenlanoticia.cl\/prensa\/wp-content\/uploads\/2026\/01\/reunion-con-jovenes-MPNR-1536x1023.jpg 1536w, https:\/\/www.rengoenlanoticia.cl\/prensa\/wp-content\/uploads\/2026\/01\/reunion-con-jovenes-MPNR-110x73.jpg 110w, https:\/\/www.rengoenlanoticia.cl\/prensa\/wp-content\/uploads\/2026\/01\/reunion-con-jovenes-MPNR-200x133.jpg 200w, https:\/\/www.rengoenlanoticia.cl\/prensa\/wp-content\/uploads\/2026\/01\/reunion-con-jovenes-MPNR-380x253.jpg 380w, https:\/\/www.rengoenlanoticia.cl\/prensa\/wp-content\/uploads\/2026\/01\/reunion-con-jovenes-MPNR-255x170.jpg 255w, https:\/\/www.rengoenlanoticia.cl\/prensa\/wp-content\/uploads\/2026\/01\/reunion-con-jovenes-MPNR-550x366.jpg 550w, https:\/\/www.rengoenlanoticia.cl\/prensa\/wp-content\/uploads\/2026\/01\/reunion-con-jovenes-MPNR-800x533.jpg 800w, https:\/\/www.rengoenlanoticia.cl\/prensa\/wp-content\/uploads\/2026\/01\/reunion-con-jovenes-MPNR-1160x773.jpg 1160w, https:\/\/www.rengoenlanoticia.cl\/prensa\/wp-content\/uploads\/2026\/01\/reunion-con-jovenes-MPNR.jpg 1600w\" sizes=\"auto, (max-width: 1024px) 100vw, 1024px\" \/><\/figure>\n\n\n\n<p>HISTORIAS QUE INSPIRAN<\/p>\n\n\n\n<p>Orlando G\u00f3mez, apicultor de Pichilemu, cumpli\u00f3 el sue\u00f1o heredado de su abuelo: dedicarse a la apicultura. Gracias al programa, Orlando pas\u00f3 de tener 7 colmenas a 40, invirtiendo en frascos, etiquetas y nuevas colmenas. \u201cFue un sue\u00f1o hecho realidad. Estoy feliz y agradecido de INDAP\u201d, coment\u00f3.<\/p>\n\n\n\n<p>Ger\u00f3nimo Manr\u00edquez, de San Vicente de Tagua Tagua, decidi\u00f3 potenciar su pasi\u00f3n por los caballos y el turismo rural. Con el apoyo recibido, mejor\u00f3 la alimentaci\u00f3n y cuidado de sus animales para ofrecer cabalgatas guiadas en la zona. \u201cQuiero que m\u00e1s gente conozca el campo y disfrute esta experiencia\u201d, se\u00f1al\u00f3.<\/p>\n\n\n\n<p>Paulina M\u00e9ndez, emprendedora av\u00edcola, transform\u00f3 su vida tras dejar Santiago para instalarse en el campo, en la comuna de Paredones. Pas\u00f3 de tener 53 gallinas a m\u00e1s de 300, gracias a la inversi\u00f3n en infraestructura y aves. Hoy vende huevos y busca formalizar su negocio. \u201cEs una gran oportunidad para quienes quieren emprender\u201d, afirm\u00f3.<\/p>\n\n\n\n<p>Desde el sector Las Pe\u00f1as, en la comuna de San Fernando, Daniela Astorga decidi\u00f3 dar vida a un proyecto que so\u00f1aba hace m\u00e1s de una d\u00e9cada: producir hongos comestibles. \u201cLa idea surgi\u00f3 hace 10 a\u00f1os, cuando hice un curso en Santiago sobre hongos y otro de bioconstrucci\u00f3n, porque quer\u00eda levantar mi emprendimiento con materiales naturales. Por distintos motivos lo fui postergando, pero siempre estuvo en mi mente\u201d, expres\u00f3.<\/p>\n\n\n\n<p>Hoy, gracias al programa Mi Primer Negocio Rural, Daniela est\u00e1 concretando ese sue\u00f1o. Su proyecto contempla la producci\u00f3n de hongos ostra, reconocidos por su f\u00e1cil cultivo y alto valor nutricional. Para ello, instalar\u00e1 un sistema de producci\u00f3n en un container adaptado, con repisas y condiciones controladas. \u201cAntes hab\u00eda hecho pruebas a peque\u00f1a escala, pero ahora estoy en la fase de construcci\u00f3n de la infraestructura. Ya tengo alianzas con productores que me proveer\u00e1n la semilla inoculada, lo que acorta el proceso\u201d, explic\u00f3.<\/p>\n\n\n\n<p>Para Daniela, el apoyo de INDAP marca una diferencia fundamental: \u201cNo es solo un fondo concursable que entrega recursos y ah\u00ed termina. Este programa nos acompa\u00f1a con asesor\u00eda durante tres a\u00f1os, lo que significa respaldo y la posibilidad de crecer. Es una oportunidad enorme, no solo para m\u00ed, sino tambi\u00e9n para mi familia y para el desarrollo de nuestro territorio\u201d, agreg\u00f3.<\/p>\n\n\n\n<p>Karla Villanueva, artesana de Malloa, aprendi\u00f3 el oficio de trabajar la totora y el mimbre gracias al programa Mujeres Rurales INDAP-PRODEMU. Por eso, cuando supo del inicio de Mi Primer Negocio Rural no lo dud\u00f3 y se inscribi\u00f3 de inmediato. \u201cEs una muy buena oportunidad para crecer y fortalecer este proyecto de artesan\u00eda en mimbre y totora\u201d, manifest\u00f3.<\/p>\n\n\n\n<p>El director regional der INDAP, Braulio Moreno, indic\u00f3 que a trav\u00e9s de este programa se busca que los j\u00f3venes sean protagonistas del desarrollo rural y que el campo se transforme en un mundo de oportunidades y desarrollo para ellos y sus familias. A\u00f1adi\u00f3 que es una iniciativa de INDAP que busca apoyar a j\u00f3venes rurales para que inicien su primer negocio agropecuario; otorg\u00e1ndose fondos, capacitaci\u00f3n y asesor\u00eda para fortalecer sus proyectos.<\/p>\n","protected":false},"excerpt":{"rendered":"Treinta y seis j\u00f3venes de diversas comunas de la regi\u00f3n de O\u2019Higgins dieron un importante paso para cumplir&hellip;\n","protected":false},"author":1,"featured_media":8754,"comment_status":"open","ping_status":"open","sticky":false,"template":"","format":"standard","meta":{"_monsterinsights_skip_tracking":false,"_monsterinsights_sitenote_active":false,"_monsterinsights_sitenote_note":"","_monsterinsights_sitenote_category":0,"footnotes":""},"categories":[8],"tags":[],"class_list":{"0":"post-8746","1":"post","2":"type-post","3":"status-publish","4":"format-standard","5":"has-post-thumbnail","7":"category-portada"},"aioseo_notices":[],"_links":{"self":[{"href":"https:\/\/www.rengoenlanoticia.cl\/prensa\/wp-json\/wp\/v2\/posts\/8746","targetHints":{"allow":["GET"]}}],"collection":[{"href":"https:\/\/www.rengoenlanoticia.cl\/prensa\/wp-json\/wp\/v2\/posts"}],"about":[{"href":"https:\/\/www.rengoenlanoticia.cl\/prensa\/wp-json\/wp\/v2\/types\/post"}],"author":[{"embeddable":true,"href":"https:\/\/www.rengoenlanoticia.cl\/prensa\/wp-json\/wp\/v2\/users\/1"}],"replies":[{"embeddable":true,"href":"https:\/\/www.rengoenlanoticia.cl\/prensa\/wp-json\/wp\/v2\/comments?post=8746"}],"version-history":[{"count":3,"href":"https:\/\/www.rengoenlanoticia.cl\/prensa\/wp-json\/wp\/v2\/posts\/8746\/revisions"}],"predecessor-version":[{"id":8773,"href":"https:\/\/www.rengoenlanoticia.cl\/prensa\/wp-json\/wp\/v2\/posts\/8746\/revisions\/8773"}],"wp:featuredmedia":[{"embeddable":true,"href":"https:\/\/www.rengoenlanoticia.cl\/prensa\/wp-json\/wp\/v2\/media\/8754"}],"wp:attachment":[{"href":"https:\/\/www.rengoenlanoticia.cl\/prensa\/wp-json\/wp\/v2\/media?parent=8746"}],"wp:term":[{"taxonomy":"category","embeddable":true,"href":"https:\/\/www.rengoenlanoticia.cl\/prensa\/wp-json\/wp\/v2\/categories?post=8746"},{"taxonomy":"post_tag","embeddable":true,"href":"https:\/\/www.rengoenlanoticia.cl\/prensa\/wp-json\/wp\/v2\/tags?post=8746"}],"curies":[{"name":"wp","href":"https:\/\/api.w.org\/{rel}","templated":true}]}}