{"id":8745,"date":"2026-01-13T00:43:01","date_gmt":"2026-01-13T00:43:01","guid":{"rendered":"https:\/\/www.rengoenlanoticia.cl\/prensa\/?p=8745"},"modified":"2026-01-13T01:58:40","modified_gmt":"2026-01-13T01:58:40","slug":"repunte-en-la-ocupacion-regional-impulsado-por-el-empleo-femenino","status":"publish","type":"post","link":"https:\/\/www.rengoenlanoticia.cl\/prensa\/2026\/01\/13\/repunte-en-la-ocupacion-regional-impulsado-por-el-empleo-femenino\/","title":{"rendered":"Repunte en la ocupaci\u00f3n regional impulsado por el empleo femenino"},"content":{"rendered":"\n<p>En su an\u00e1lisis mensual, el bolet\u00edn Term\u00f3metro Laboral muestra un crecimiento interanual en la tasa de ocupaci\u00f3n, alcanzando un 54,5%, al compararse la estad\u00edstica entre los meses de septiembre \u2013 octubre \u2013 noviembre (2024\/2025), cifra sostenida principalmente por la mayor incorporaci\u00f3n de las mujeres al mercado del trabajo.<\/p>\n\n\n\n<p>La mencionada publicaci\u00f3n es elaborada por los profesionales del&nbsp;<a href=\"https:\/\/www.uoh.cl\/investigacion\/olo\/\" target=\"_blank\" rel=\"noreferrer noopener\"><strong>Observatorio Laboral de O\u2019Higgins<\/strong><\/a>&nbsp;que es una iniciativa de la&nbsp;<a href=\"https:\/\/www.subtrab.gob.cl\/\" target=\"_blank\" rel=\"noreferrer noopener\"><strong>Subsecretar\u00eda del Trabajo<\/strong><\/a>&nbsp;ejecutada por la&nbsp;<a href=\"https:\/\/www.uoh.cl\/home\/\" target=\"_blank\" rel=\"noreferrer noopener\"><strong>Universidad de O\u2019Higgins<\/strong><\/a>.<\/p>\n\n\n\n<p>Esta es una se\u00f1al positiva de reactivaci\u00f3n y dinamismo del mercado del trabajo regional, ya que el informe destaca una tasa de ocupaci\u00f3n del 54,5%, lo que representa un crecimiento de 0,3 puntos porcentuales (p.p.) en comparaci\u00f3n con el mismo periodo del a\u00f1o anterior.<\/p>\n\n\n\n<p><strong>MUJERES SON MOTOR DE CRECIMIENTO<\/strong><\/p>\n\n\n\n<p>Uno de los aspectos m\u00e1s sobresalientes del reporte es el rol protag\u00f3nico que han tenido las mujeres en estas cifras positivas. El an\u00e1lisis interanual muestra un incremento significativo en la ocupaci\u00f3n femenina de 2,1 p.p., evidenciando una mayor participaci\u00f3n y retenci\u00f3n de talento femenino en la econom\u00eda local.<\/p>\n\n\n\n<p>\u201cEste dinamismo se confirma tambi\u00e9n en las cifras mensuales, donde la ocupaci\u00f3n de las mujeres experiment\u00f3 un salto de 2,5 p.p., superando las expectativas y consolidando una tendencia al alza\u201d, explica el Seremi del Trabajo y Previsi\u00f3n Social, Jaime Chamorro.<\/p>\n\n\n\n<p>En cuanto a la tasa de desocupaci\u00f3n, que se situ\u00f3 en un 7,9% a nivel regional, el Observatorio Laboral pone el \u00e9nfasis en la tendencia a la baja observada en el an\u00e1lisis mensual.<\/p>\n\n\n\n<p>Las cifras m\u00e1s recientes muestran que el desempleo retrocedi\u00f3 en ambos grupos respecto al mes anterior: los hombres experimentaron una disminuci\u00f3n importante de -1,6 p.p. en su tasa de desocupaci\u00f3n, mientras que las mujeres registraron una ca\u00edda de -0,6 p.p.<\/p>\n\n\n\n<p>Si quieres conocer el an\u00e1lisis detallado de la realidad laboral en la regi\u00f3n de O\u2019Higgins, visita la web&nbsp;<a href=\"https:\/\/www.subtrab.gob.cl\/tl\/\" target=\"_blank\" rel=\"noreferrer noopener\"><strong>https:\/\/www.subtrab.gob.cl\/tl\/<\/strong><\/a><\/p>\n","protected":false},"excerpt":{"rendered":"En su an\u00e1lisis mensual, el bolet\u00edn Term\u00f3metro Laboral muestra un crecimiento interanual en la tasa de ocupaci\u00f3n, alcanzando&hellip;\n","protected":false},"author":1,"featured_media":8751,"comment_status":"open","ping_status":"open","sticky":false,"template":"","format":"standard","meta":{"_monsterinsights_skip_tracking":false,"_monsterinsights_sitenote_active":false,"_monsterinsights_sitenote_note":"","_monsterinsights_sitenote_category":0,"footnotes":""},"categories":[8],"tags":[],"class_list":{"0":"post-8745","1":"post","2":"type-post","3":"status-publish","4":"format-standard","5":"has-post-thumbnail","7":"category-portada"},"aioseo_notices":[],"_links":{"self":[{"href":"https:\/\/www.rengoenlanoticia.cl\/prensa\/wp-json\/wp\/v2\/posts\/8745","targetHints":{"allow":["GET"]}}],"collection":[{"href":"https:\/\/www.rengoenlanoticia.cl\/prensa\/wp-json\/wp\/v2\/posts"}],"about":[{"href":"https:\/\/www.rengoenlanoticia.cl\/prensa\/wp-json\/wp\/v2\/types\/post"}],"author":[{"embeddable":true,"href":"https:\/\/www.rengoenlanoticia.cl\/prensa\/wp-json\/wp\/v2\/users\/1"}],"replies":[{"embeddable":true,"href":"https:\/\/www.rengoenlanoticia.cl\/prensa\/wp-json\/wp\/v2\/comments?post=8745"}],"version-history":[{"count":3,"href":"https:\/\/www.rengoenlanoticia.cl\/prensa\/wp-json\/wp\/v2\/posts\/8745\/revisions"}],"predecessor-version":[{"id":8775,"href":"https:\/\/www.rengoenlanoticia.cl\/prensa\/wp-json\/wp\/v2\/posts\/8745\/revisions\/8775"}],"wp:featuredmedia":[{"embeddable":true,"href":"https:\/\/www.rengoenlanoticia.cl\/prensa\/wp-json\/wp\/v2\/media\/8751"}],"wp:attachment":[{"href":"https:\/\/www.rengoenlanoticia.cl\/prensa\/wp-json\/wp\/v2\/media?parent=8745"}],"wp:term":[{"taxonomy":"category","embeddable":true,"href":"https:\/\/www.rengoenlanoticia.cl\/prensa\/wp-json\/wp\/v2\/categories?post=8745"},{"taxonomy":"post_tag","embeddable":true,"href":"https:\/\/www.rengoenlanoticia.cl\/prensa\/wp-json\/wp\/v2\/tags?post=8745"}],"curies":[{"name":"wp","href":"https:\/\/api.w.org\/{rel}","templated":true}]}}