{"id":8739,"date":"2026-01-12T07:57:24","date_gmt":"2026-01-12T07:57:24","guid":{"rendered":"https:\/\/www.rengoenlanoticia.cl\/prensa\/?p=8739"},"modified":"2026-01-12T07:59:01","modified_gmt":"2026-01-12T07:59:01","slug":"tragedia-en-pelequen-joven-de-22-anos-fallece-tras-descompensarse-durante-encuentro-deportivo","status":"publish","type":"post","link":"https:\/\/www.rengoenlanoticia.cl\/prensa\/2026\/01\/12\/tragedia-en-pelequen-joven-de-22-anos-fallece-tras-descompensarse-durante-encuentro-deportivo\/","title":{"rendered":"Tragedia en Pelequ\u00e9n: joven de 22 a\u00f1os fallece tras descompensarse durante encuentro deportivo"},"content":{"rendered":"\n<p><strong>Con profundo dolor y consternaci\u00f3n<\/strong>, la comunidad de Rengo y Malloa recibi\u00f3 la triste noticia del fallecimiento de <strong>Jos\u00e9 Ignacio Mu\u00f1oz Cornejo<\/strong>, joven de tan solo <strong>22 a\u00f1os<\/strong>, quien perdi\u00f3 la vida la tarde de este domingo mientras practicaba una de las mayores pasiones de su vida: el deporte.<\/p>\n\n\n\n<p>Jos\u00e9 Ignacio, quien curs\u00f3 su etapa escolar en la comuna de Rengo, era ampliamente conocido y querido por quienes lo rodeaban. Su energ\u00eda, compromiso y amor por el f\u00fatbol lo convirtieron en una persona cercana, siempre dispuesta a compartir dentro y fuera de la cancha., llevaba el deporte no solo como una actividad, sino como una forma de vida.<\/p>\n\n\n\n<p>El lamentable hecho ocurri\u00f3 mientras disputaba un encuentro deportivo en la cancha <strong>\u201cEl Ferro\u201d<\/strong>, en el sector de <strong>Pelequ\u00e9n<\/strong> comuna de Malloa, donde sufri\u00f3 una repentina descompensaci\u00f3n. Pese a la r\u00e1pida reacci\u00f3n de quienes se encontraban en el lugar y a los incansables esfuerzos desplegados por los equipos de emergencia, nada se pudo hacer para salvar su vida.<\/p>\n\n\n\n<p>La partida de Jos\u00e9 Ignacio deja un profundo vac\u00edo en su familia, amigos, compa\u00f1eros de equipo y en toda la comunidad, que hoy lo recuerda con cari\u00f1o y pesar. Su recuerdo permanecer\u00e1 vivo en cada cancha, en cada bal\u00f3n y en cada coraz\u00f3n que comparti\u00f3 con \u00e9l su amor por el deporte.<\/p>\n\n\n\n<p>Desde estas l\u00edneas, <strong>extendemos nuestras m\u00e1s sinceras condolencias<\/strong> a sus padres, familiares, amigos y seres queridos, acompa\u00f1\u00e1ndolos en este momento de inmenso dolor ante una p\u00e9rdida tan irreparable.<\/p>\n\n\n\n<p><\/p>\n","protected":false},"excerpt":{"rendered":"Con profundo dolor y consternaci\u00f3n, la comunidad de Rengo y Malloa recibi\u00f3 la triste noticia del fallecimiento de&hellip;\n","protected":false},"author":2,"featured_media":8740,"comment_status":"open","ping_status":"open","sticky":false,"template":"","format":"standard","meta":{"_monsterinsights_skip_tracking":false,"_monsterinsights_sitenote_active":false,"_monsterinsights_sitenote_note":"","_monsterinsights_sitenote_category":0,"footnotes":""},"categories":[5,8],"tags":[],"class_list":{"0":"post-8739","1":"post","2":"type-post","3":"status-publish","4":"format-standard","5":"has-post-thumbnail","7":"category-policial","8":"category-portada"},"aioseo_notices":[],"_links":{"self":[{"href":"https:\/\/www.rengoenlanoticia.cl\/prensa\/wp-json\/wp\/v2\/posts\/8739","targetHints":{"allow":["GET"]}}],"collection":[{"href":"https:\/\/www.rengoenlanoticia.cl\/prensa\/wp-json\/wp\/v2\/posts"}],"about":[{"href":"https:\/\/www.rengoenlanoticia.cl\/prensa\/wp-json\/wp\/v2\/types\/post"}],"author":[{"embeddable":true,"href":"https:\/\/www.rengoenlanoticia.cl\/prensa\/wp-json\/wp\/v2\/users\/2"}],"replies":[{"embeddable":true,"href":"https:\/\/www.rengoenlanoticia.cl\/prensa\/wp-json\/wp\/v2\/comments?post=8739"}],"version-history":[{"count":3,"href":"https:\/\/www.rengoenlanoticia.cl\/prensa\/wp-json\/wp\/v2\/posts\/8739\/revisions"}],"predecessor-version":[{"id":8744,"href":"https:\/\/www.rengoenlanoticia.cl\/prensa\/wp-json\/wp\/v2\/posts\/8739\/revisions\/8744"}],"wp:featuredmedia":[{"embeddable":true,"href":"https:\/\/www.rengoenlanoticia.cl\/prensa\/wp-json\/wp\/v2\/media\/8740"}],"wp:attachment":[{"href":"https:\/\/www.rengoenlanoticia.cl\/prensa\/wp-json\/wp\/v2\/media?parent=8739"}],"wp:term":[{"taxonomy":"category","embeddable":true,"href":"https:\/\/www.rengoenlanoticia.cl\/prensa\/wp-json\/wp\/v2\/categories?post=8739"},{"taxonomy":"post_tag","embeddable":true,"href":"https:\/\/www.rengoenlanoticia.cl\/prensa\/wp-json\/wp\/v2\/tags?post=8739"}],"curies":[{"name":"wp","href":"https:\/\/api.w.org\/{rel}","templated":true}]}}