{"id":8732,"date":"2026-01-08T22:55:29","date_gmt":"2026-01-08T22:55:29","guid":{"rendered":"https:\/\/www.rengoenlanoticia.cl\/prensa\/?p=8732"},"modified":"2026-01-08T22:55:33","modified_gmt":"2026-01-08T22:55:33","slug":"micc-de-la-4a-comisaria-de-rengo-refuerza-prevencion-contra-el-comercio-ilegal-en-el-centro-de-la-comuna","status":"publish","type":"post","link":"https:\/\/www.rengoenlanoticia.cl\/prensa\/2026\/01\/08\/micc-de-la-4a-comisaria-de-rengo-refuerza-prevencion-contra-el-comercio-ilegal-en-el-centro-de-la-comuna\/","title":{"rendered":"MICC de la 4\u00aa Comisar\u00eda de Rengo refuerza prevenci\u00f3n contra el comercio ilegal en el centro de la comuna"},"content":{"rendered":"\n<p>El d\u00eda de hoy, jueves 8 de enero, personal de la Oficina de Integraci\u00f3n Comunitaria (MICC) de la 4\u00aa Comisar\u00eda de Rengo realiz\u00f3 una <strong>campa\u00f1a preventiva<\/strong> dirigida especialmente a vecinos y transe\u00fantes del sector c\u00e9ntrico de la comuna.<\/p>\n\n\n\n<p>La actividad tuvo como objetivo <strong>concientizar a la ciudadan\u00eda sobre los riesgos del comercio ilegal<\/strong>, instancia en la cual se entreg\u00f3 folleter\u00eda informativa con recomendaciones pr\u00e1cticas para identificar y evitar este tipo de pr\u00e1cticas il\u00edcitas. Asimismo, se abordaron los <strong>derechos que se vulneran como consumidores<\/strong>, tales como la falta de garant\u00edas, la ausencia de boletas o facturas y los posibles riesgos para la salud y seguridad al adquirir productos de origen desconocido.<\/p>\n\n\n\n<figure class=\"wp-block-image size-large\"><img loading=\"lazy\" decoding=\"async\" width=\"1024\" height=\"478\" src=\"https:\/\/www.rengoenlanoticia.cl\/prensa\/wp-content\/uploads\/2026\/01\/WhatsApp-Image-2026-01-08-at-17.02.15-1-1024x478.jpeg\" alt=\"\" class=\"wp-image-8733\" srcset=\"https:\/\/www.rengoenlanoticia.cl\/prensa\/wp-content\/uploads\/2026\/01\/WhatsApp-Image-2026-01-08-at-17.02.15-1-1024x478.jpeg 1024w, https:\/\/www.rengoenlanoticia.cl\/prensa\/wp-content\/uploads\/2026\/01\/WhatsApp-Image-2026-01-08-at-17.02.15-1-300x140.jpeg 300w, https:\/\/www.rengoenlanoticia.cl\/prensa\/wp-content\/uploads\/2026\/01\/WhatsApp-Image-2026-01-08-at-17.02.15-1-768x359.jpeg 768w, https:\/\/www.rengoenlanoticia.cl\/prensa\/wp-content\/uploads\/2026\/01\/WhatsApp-Image-2026-01-08-at-17.02.15-1-1536x717.jpeg 1536w, https:\/\/www.rengoenlanoticia.cl\/prensa\/wp-content\/uploads\/2026\/01\/WhatsApp-Image-2026-01-08-at-17.02.15-1-110x51.jpeg 110w, https:\/\/www.rengoenlanoticia.cl\/prensa\/wp-content\/uploads\/2026\/01\/WhatsApp-Image-2026-01-08-at-17.02.15-1-200x93.jpeg 200w, https:\/\/www.rengoenlanoticia.cl\/prensa\/wp-content\/uploads\/2026\/01\/WhatsApp-Image-2026-01-08-at-17.02.15-1-380x177.jpeg 380w, https:\/\/www.rengoenlanoticia.cl\/prensa\/wp-content\/uploads\/2026\/01\/WhatsApp-Image-2026-01-08-at-17.02.15-1-255x119.jpeg 255w, https:\/\/www.rengoenlanoticia.cl\/prensa\/wp-content\/uploads\/2026\/01\/WhatsApp-Image-2026-01-08-at-17.02.15-1-550x257.jpeg 550w, https:\/\/www.rengoenlanoticia.cl\/prensa\/wp-content\/uploads\/2026\/01\/WhatsApp-Image-2026-01-08-at-17.02.15-1-800x374.jpeg 800w, https:\/\/www.rengoenlanoticia.cl\/prensa\/wp-content\/uploads\/2026\/01\/WhatsApp-Image-2026-01-08-at-17.02.15-1-1160x542.jpeg 1160w, https:\/\/www.rengoenlanoticia.cl\/prensa\/wp-content\/uploads\/2026\/01\/WhatsApp-Image-2026-01-08-at-17.02.15-1.jpeg 1600w\" sizes=\"auto, (max-width: 1024px) 100vw, 1024px\" \/><\/figure>\n\n\n\n<p>Desde Carabineros destacaron la importancia de la <strong>prevenci\u00f3n y la educaci\u00f3n comunitaria<\/strong>, se\u00f1alando que el comercio ilegal no solo afecta a los consumidores, sino tambi\u00e9n al comercio establecido y a la seguridad del entorno. En ese sentido, se hizo un llamado a <strong>preferir el comercio formal<\/strong> y a denunciar situaciones irregulares a trav\u00e9s de los canales correspondientes.<\/p>\n\n\n\n<p>La 4\u00aa Comisar\u00eda de Rengo continuar\u00e1 desarrollando este tipo de iniciativas preventivas, reafirmando su compromiso con la seguridad, el autocuidado y el bienestar de la comunidad.<\/p>\n","protected":false},"excerpt":{"rendered":"El d\u00eda de hoy, jueves 8 de enero, personal de la Oficina de Integraci\u00f3n Comunitaria (MICC) de la&hellip;\n","protected":false},"author":2,"featured_media":8735,"comment_status":"open","ping_status":"open","sticky":false,"template":"","format":"standard","meta":{"_monsterinsights_skip_tracking":false,"_monsterinsights_sitenote_active":false,"_monsterinsights_sitenote_note":"","_monsterinsights_sitenote_category":0,"footnotes":""},"categories":[5,8],"tags":[],"class_list":{"0":"post-8732","1":"post","2":"type-post","3":"status-publish","4":"format-standard","5":"has-post-thumbnail","7":"category-policial","8":"category-portada"},"aioseo_notices":[],"_links":{"self":[{"href":"https:\/\/www.rengoenlanoticia.cl\/prensa\/wp-json\/wp\/v2\/posts\/8732","targetHints":{"allow":["GET"]}}],"collection":[{"href":"https:\/\/www.rengoenlanoticia.cl\/prensa\/wp-json\/wp\/v2\/posts"}],"about":[{"href":"https:\/\/www.rengoenlanoticia.cl\/prensa\/wp-json\/wp\/v2\/types\/post"}],"author":[{"embeddable":true,"href":"https:\/\/www.rengoenlanoticia.cl\/prensa\/wp-json\/wp\/v2\/users\/2"}],"replies":[{"embeddable":true,"href":"https:\/\/www.rengoenlanoticia.cl\/prensa\/wp-json\/wp\/v2\/comments?post=8732"}],"version-history":[{"count":3,"href":"https:\/\/www.rengoenlanoticia.cl\/prensa\/wp-json\/wp\/v2\/posts\/8732\/revisions"}],"predecessor-version":[{"id":8738,"href":"https:\/\/www.rengoenlanoticia.cl\/prensa\/wp-json\/wp\/v2\/posts\/8732\/revisions\/8738"}],"wp:featuredmedia":[{"embeddable":true,"href":"https:\/\/www.rengoenlanoticia.cl\/prensa\/wp-json\/wp\/v2\/media\/8735"}],"wp:attachment":[{"href":"https:\/\/www.rengoenlanoticia.cl\/prensa\/wp-json\/wp\/v2\/media?parent=8732"}],"wp:term":[{"taxonomy":"category","embeddable":true,"href":"https:\/\/www.rengoenlanoticia.cl\/prensa\/wp-json\/wp\/v2\/categories?post=8732"},{"taxonomy":"post_tag","embeddable":true,"href":"https:\/\/www.rengoenlanoticia.cl\/prensa\/wp-json\/wp\/v2\/tags?post=8732"}],"curies":[{"name":"wp","href":"https:\/\/api.w.org\/{rel}","templated":true}]}}