{"id":8727,"date":"2026-01-08T22:44:54","date_gmt":"2026-01-08T22:44:54","guid":{"rendered":"https:\/\/www.rengoenlanoticia.cl\/prensa\/?p=8727"},"modified":"2026-01-08T22:54:20","modified_gmt":"2026-01-08T22:54:20","slug":"carabineros-refuerza-prevencion-del-robo-de-accesorios-en-servicentros-de-requinoa","status":"publish","type":"post","link":"https:\/\/www.rengoenlanoticia.cl\/prensa\/2026\/01\/08\/carabineros-refuerza-prevencion-del-robo-de-accesorios-en-servicentros-de-requinoa\/","title":{"rendered":"Carabineros refuerza prevenci\u00f3n del robo de accesorios en servicentros de Requ\u00ednoa"},"content":{"rendered":"\n<p>Durante la jornada de hoy, personal de la <strong>Oficina de Integraci\u00f3n Comunitaria (MICC) de la Subcomisar\u00eda Requ\u00ednoa<\/strong> realiz\u00f3 un importante <strong>despliegue preventivo<\/strong> en los principales servicentros de la comuna, visitando las estaciones <strong>Copec, Shell y Petro D\u00edaz<\/strong>, con el objetivo de fortalecer la seguridad y el autocuidado de los conductores.<\/p>\n\n\n\n<p>La actividad estuvo orientada a <strong>sensibilizar a la comunidad<\/strong> sobre la importancia de adoptar medidas preventivas para evitar el <strong>robo de accesorios y especies desde veh\u00edculos<\/strong>, instancia en la que se entreg\u00f3 <strong>folleter\u00eda informativa<\/strong> y se compartieron <strong>recomendaciones pr\u00e1cticas<\/strong> a quienes circulaban y se deten\u00edan en estos puntos de alto flujo vehicular.<\/p>\n\n\n\n<figure class=\"wp-block-image size-large\"><img loading=\"lazy\" decoding=\"async\" width=\"1024\" height=\"852\" src=\"https:\/\/www.rengoenlanoticia.cl\/prensa\/wp-content\/uploads\/2026\/01\/WhatsApp-Image-2026-01-08-at-12.33.05-1024x852.jpeg\" alt=\"\" class=\"wp-image-8729\" srcset=\"https:\/\/www.rengoenlanoticia.cl\/prensa\/wp-content\/uploads\/2026\/01\/WhatsApp-Image-2026-01-08-at-12.33.05-1024x852.jpeg 1024w, https:\/\/www.rengoenlanoticia.cl\/prensa\/wp-content\/uploads\/2026\/01\/WhatsApp-Image-2026-01-08-at-12.33.05-300x250.jpeg 300w, https:\/\/www.rengoenlanoticia.cl\/prensa\/wp-content\/uploads\/2026\/01\/WhatsApp-Image-2026-01-08-at-12.33.05-768x639.jpeg 768w, https:\/\/www.rengoenlanoticia.cl\/prensa\/wp-content\/uploads\/2026\/01\/WhatsApp-Image-2026-01-08-at-12.33.05-110x91.jpeg 110w, https:\/\/www.rengoenlanoticia.cl\/prensa\/wp-content\/uploads\/2026\/01\/WhatsApp-Image-2026-01-08-at-12.33.05-200x166.jpeg 200w, https:\/\/www.rengoenlanoticia.cl\/prensa\/wp-content\/uploads\/2026\/01\/WhatsApp-Image-2026-01-08-at-12.33.05-380x316.jpeg 380w, https:\/\/www.rengoenlanoticia.cl\/prensa\/wp-content\/uploads\/2026\/01\/WhatsApp-Image-2026-01-08-at-12.33.05-255x212.jpeg 255w, https:\/\/www.rengoenlanoticia.cl\/prensa\/wp-content\/uploads\/2026\/01\/WhatsApp-Image-2026-01-08-at-12.33.05-550x457.jpeg 550w, https:\/\/www.rengoenlanoticia.cl\/prensa\/wp-content\/uploads\/2026\/01\/WhatsApp-Image-2026-01-08-at-12.33.05-800x665.jpeg 800w, https:\/\/www.rengoenlanoticia.cl\/prensa\/wp-content\/uploads\/2026\/01\/WhatsApp-Image-2026-01-08-at-12.33.05-1160x965.jpeg 1160w, https:\/\/www.rengoenlanoticia.cl\/prensa\/wp-content\/uploads\/2026\/01\/WhatsApp-Image-2026-01-08-at-12.33.05.jpeg 1200w\" sizes=\"auto, (max-width: 1024px) 100vw, 1024px\" \/><\/figure>\n\n\n\n<p>Entre los principales consejos entregados por Carabineros se destacan:<\/p>\n\n\n\n<ul class=\"wp-block-list\">\n<li><strong>No dejar objetos de valor a la vista<\/strong>, como bolsos, chaquetas, tel\u00e9fonos celulares o compras, ya que estos pueden incentivar la acci\u00f3n delictual.<\/li>\n\n\n\n<li><strong>Verificar siempre el cierre del veh\u00edculo<\/strong>, asegur\u00e1ndose de que puertas y ventanas queden completamente cerradas, incluso si el descenso es por pocos minutos.<\/li>\n\n\n\n<li><strong>Estacionar en lugares iluminados y visibles<\/strong>, privilegiando sectores con tr\u00e1nsito constante de personas.<\/li>\n\n\n\n<li><strong>Mantener atenci\u00f3n al entorno<\/strong>, observando posibles conductas sospechosas antes de descender del autom\u00f3vil.<\/li>\n<\/ul>\n\n\n\n<p>Desde Carabineros recalcaron que la <strong>seguridad vial no solo implica conducir con responsabilidad<\/strong>, sino tambi\u00e9n <strong>proteger el patrimonio personal<\/strong>, destacando que estas acciones preventivas forman parte del trabajo permanente en terreno que desarrolla la instituci\u00f3n junto a la comunidad.<\/p>\n\n\n\n<p>Finalmente, se reiter\u00f3 el llamado a <strong>denunciar cualquier actividad sospechosa al fono 133<\/strong>, recordando que la prevenci\u00f3n es una tarea compartida y fundamental para mantener entornos m\u00e1s seguros en la comuna de Requ\u00ednoa.<\/p>\n","protected":false},"excerpt":{"rendered":"Durante la jornada de hoy, personal de la Oficina de Integraci\u00f3n Comunitaria (MICC) de la Subcomisar\u00eda Requ\u00ednoa realiz\u00f3&hellip;\n","protected":false},"author":2,"featured_media":8729,"comment_status":"open","ping_status":"open","sticky":false,"template":"","format":"standard","meta":{"_monsterinsights_skip_tracking":false,"_monsterinsights_sitenote_active":false,"_monsterinsights_sitenote_note":"","_monsterinsights_sitenote_category":0,"footnotes":""},"categories":[5,8],"tags":[],"class_list":{"0":"post-8727","1":"post","2":"type-post","3":"status-publish","4":"format-standard","5":"has-post-thumbnail","7":"category-policial","8":"category-portada"},"aioseo_notices":[],"_links":{"self":[{"href":"https:\/\/www.rengoenlanoticia.cl\/prensa\/wp-json\/wp\/v2\/posts\/8727","targetHints":{"allow":["GET"]}}],"collection":[{"href":"https:\/\/www.rengoenlanoticia.cl\/prensa\/wp-json\/wp\/v2\/posts"}],"about":[{"href":"https:\/\/www.rengoenlanoticia.cl\/prensa\/wp-json\/wp\/v2\/types\/post"}],"author":[{"embeddable":true,"href":"https:\/\/www.rengoenlanoticia.cl\/prensa\/wp-json\/wp\/v2\/users\/2"}],"replies":[{"embeddable":true,"href":"https:\/\/www.rengoenlanoticia.cl\/prensa\/wp-json\/wp\/v2\/comments?post=8727"}],"version-history":[{"count":2,"href":"https:\/\/www.rengoenlanoticia.cl\/prensa\/wp-json\/wp\/v2\/posts\/8727\/revisions"}],"predecessor-version":[{"id":8731,"href":"https:\/\/www.rengoenlanoticia.cl\/prensa\/wp-json\/wp\/v2\/posts\/8727\/revisions\/8731"}],"wp:featuredmedia":[{"embeddable":true,"href":"https:\/\/www.rengoenlanoticia.cl\/prensa\/wp-json\/wp\/v2\/media\/8729"}],"wp:attachment":[{"href":"https:\/\/www.rengoenlanoticia.cl\/prensa\/wp-json\/wp\/v2\/media?parent=8727"}],"wp:term":[{"taxonomy":"category","embeddable":true,"href":"https:\/\/www.rengoenlanoticia.cl\/prensa\/wp-json\/wp\/v2\/categories?post=8727"},{"taxonomy":"post_tag","embeddable":true,"href":"https:\/\/www.rengoenlanoticia.cl\/prensa\/wp-json\/wp\/v2\/tags?post=8727"}],"curies":[{"name":"wp","href":"https:\/\/api.w.org\/{rel}","templated":true}]}}