{"id":8707,"date":"2026-01-08T22:24:56","date_gmt":"2026-01-08T22:24:56","guid":{"rendered":"https:\/\/www.rengoenlanoticia.cl\/prensa\/?p=8707"},"modified":"2026-01-08T22:26:55","modified_gmt":"2026-01-08T22:26:55","slug":"gobierno-cierra-ciclo-de-inversion-regional-2022-2026-con-balance-tecnico-y-politico-en-rancagua","status":"publish","type":"post","link":"https:\/\/www.rengoenlanoticia.cl\/prensa\/2026\/01\/08\/gobierno-cierra-ciclo-de-inversion-regional-2022-2026-con-balance-tecnico-y-politico-en-rancagua\/","title":{"rendered":"Gobierno cierra ciclo de inversi\u00f3n regional 2022-2026 con balance t\u00e9cnico y pol\u00edtico en Rancagua"},"content":{"rendered":"\n<p>En una sesi\u00f3n de alto nivel realizada este mi\u00e9rcoles en el Sal\u00f3n O\u2019Higgins de la Delegaci\u00f3n Presidencial Regional (DPR), se llev\u00f3 a cabo el \u00faltimo <strong>Comit\u00e9 de Seguimiento a la Inversi\u00f3n (CSI)<\/strong> del periodo 2022-2026. El encuentro, liderado por el Delegado Presidencial Regional de O\u2019Higgins, <strong>Fabio L\u00f3pez<\/strong>, marc\u00f3 el cierre formal de la gesti\u00f3n interministerial de inversiones en la zona, consolidando un balance de los logros alcanzados y el legado institucional para la regi\u00f3n.<\/p>\n\n\n\n<p>El prop\u00f3sito central de esta instancia fue realizar un balance t\u00e9cnico del instrumento de coordinaci\u00f3n, el cual permiti\u00f3 el seguimiento detallado de proyectos de inversi\u00f3n regional y sectorial durante los \u00faltimos cuatro a\u00f1os. Durante la jornada, se destac\u00f3 que este CSI no tiene como objetivo abrir nuevos compromisos, sino ordenar y visibilizar los avances concretos, identificando aprendizajes que quedar\u00e1n operativos para el pr\u00f3ximo ciclo institucional.<\/p>\n\n\n\n<p>Aunque el encuentro simboliza un cierre, la autoridad regional subray\u00f3 que se han identificado procesos y proyectos estrat\u00e9gicos que se proyectan hacia 2026 como parte de la continuidad institucional del Estado en el territorio.<\/p>\n\n\n\n<figure class=\"wp-block-image size-large\"><img loading=\"lazy\" decoding=\"async\" width=\"1024\" height=\"576\" src=\"https:\/\/www.rengoenlanoticia.cl\/prensa\/wp-content\/uploads\/2026\/01\/WhatsApp-Image-2026-01-08-at-12.27.14-1024x576.jpeg\" alt=\"\" class=\"wp-image-8710\" srcset=\"https:\/\/www.rengoenlanoticia.cl\/prensa\/wp-content\/uploads\/2026\/01\/WhatsApp-Image-2026-01-08-at-12.27.14-1024x576.jpeg 1024w, https:\/\/www.rengoenlanoticia.cl\/prensa\/wp-content\/uploads\/2026\/01\/WhatsApp-Image-2026-01-08-at-12.27.14-300x169.jpeg 300w, https:\/\/www.rengoenlanoticia.cl\/prensa\/wp-content\/uploads\/2026\/01\/WhatsApp-Image-2026-01-08-at-12.27.14-768x432.jpeg 768w, https:\/\/www.rengoenlanoticia.cl\/prensa\/wp-content\/uploads\/2026\/01\/WhatsApp-Image-2026-01-08-at-12.27.14-110x62.jpeg 110w, https:\/\/www.rengoenlanoticia.cl\/prensa\/wp-content\/uploads\/2026\/01\/WhatsApp-Image-2026-01-08-at-12.27.14-200x113.jpeg 200w, https:\/\/www.rengoenlanoticia.cl\/prensa\/wp-content\/uploads\/2026\/01\/WhatsApp-Image-2026-01-08-at-12.27.14-380x214.jpeg 380w, https:\/\/www.rengoenlanoticia.cl\/prensa\/wp-content\/uploads\/2026\/01\/WhatsApp-Image-2026-01-08-at-12.27.14-255x143.jpeg 255w, https:\/\/www.rengoenlanoticia.cl\/prensa\/wp-content\/uploads\/2026\/01\/WhatsApp-Image-2026-01-08-at-12.27.14-550x309.jpeg 550w, https:\/\/www.rengoenlanoticia.cl\/prensa\/wp-content\/uploads\/2026\/01\/WhatsApp-Image-2026-01-08-at-12.27.14-800x450.jpeg 800w, https:\/\/www.rengoenlanoticia.cl\/prensa\/wp-content\/uploads\/2026\/01\/WhatsApp-Image-2026-01-08-at-12.27.14-1160x653.jpeg 1160w, https:\/\/www.rengoenlanoticia.cl\/prensa\/wp-content\/uploads\/2026\/01\/WhatsApp-Image-2026-01-08-at-12.27.14.jpeg 1374w\" sizes=\"auto, (max-width: 1024px) 100vw, 1024px\" \/><\/figure>\n\n\n\n<p>En su intervenci\u00f3n, el Delegado Fabio L\u00f3pez se\u00f1al\u00f3 que \u00abEl balance de esta sesi\u00f3n de cierre es sumamente positivo. Hoy concluimos el ciclo del Comit\u00e9 de Seguimiento de la Inversi\u00f3n (CSI) con la satisfacci\u00f3n de que la Regi\u00f3n de O\u2019Higgins ha sido destacada a nivel nacional como un referente de gesti\u00f3n. A trav\u00e9s de esta instancia de coordinaci\u00f3n intersectorial, logramos analizar, seguir y destrabar exactamente <strong>100 proyectos<\/strong> que van en directo beneficio de nuestros habitantes\u00bb.<\/p>\n\n\n\n<p>\u00abDestacamos hitos que hoy son realidad, como la reposici\u00f3n de los hospitales de <strong>Pichilemu y Rengo<\/strong> bajo la modalidad de Asociaci\u00f3n P\u00fablico-Privada, el avance de <strong>Trenes para Chile<\/strong> y la hist\u00f3rica inversi\u00f3n en <strong>infraestructura de riego<\/strong> tras las inundaciones de 2023, asegurando as\u00ed nuestra soberan\u00eda alimentaria. Este Comit\u00e9 no fue solo una mesa t\u00e9cnica, sino el motor que permiti\u00f3 que el Estado actuara con agilidad en el territorio \u00ab<\/p>\n\n\n\n<figure class=\"wp-block-image size-large\"><img loading=\"lazy\" decoding=\"async\" width=\"1024\" height=\"576\" src=\"https:\/\/www.rengoenlanoticia.cl\/prensa\/wp-content\/uploads\/2026\/01\/WhatsApp-Image-2026-01-08-at-12.27.15-1-1024x576.jpeg\" alt=\"\" class=\"wp-image-8711\" srcset=\"https:\/\/www.rengoenlanoticia.cl\/prensa\/wp-content\/uploads\/2026\/01\/WhatsApp-Image-2026-01-08-at-12.27.15-1-1024x576.jpeg 1024w, https:\/\/www.rengoenlanoticia.cl\/prensa\/wp-content\/uploads\/2026\/01\/WhatsApp-Image-2026-01-08-at-12.27.15-1-300x169.jpeg 300w, https:\/\/www.rengoenlanoticia.cl\/prensa\/wp-content\/uploads\/2026\/01\/WhatsApp-Image-2026-01-08-at-12.27.15-1-768x432.jpeg 768w, https:\/\/www.rengoenlanoticia.cl\/prensa\/wp-content\/uploads\/2026\/01\/WhatsApp-Image-2026-01-08-at-12.27.15-1-1536x864.jpeg 1536w, https:\/\/www.rengoenlanoticia.cl\/prensa\/wp-content\/uploads\/2026\/01\/WhatsApp-Image-2026-01-08-at-12.27.15-1-110x62.jpeg 110w, https:\/\/www.rengoenlanoticia.cl\/prensa\/wp-content\/uploads\/2026\/01\/WhatsApp-Image-2026-01-08-at-12.27.15-1-200x113.jpeg 200w, https:\/\/www.rengoenlanoticia.cl\/prensa\/wp-content\/uploads\/2026\/01\/WhatsApp-Image-2026-01-08-at-12.27.15-1-380x214.jpeg 380w, https:\/\/www.rengoenlanoticia.cl\/prensa\/wp-content\/uploads\/2026\/01\/WhatsApp-Image-2026-01-08-at-12.27.15-1-255x143.jpeg 255w, https:\/\/www.rengoenlanoticia.cl\/prensa\/wp-content\/uploads\/2026\/01\/WhatsApp-Image-2026-01-08-at-12.27.15-1-550x309.jpeg 550w, https:\/\/www.rengoenlanoticia.cl\/prensa\/wp-content\/uploads\/2026\/01\/WhatsApp-Image-2026-01-08-at-12.27.15-1-800x450.jpeg 800w, https:\/\/www.rengoenlanoticia.cl\/prensa\/wp-content\/uploads\/2026\/01\/WhatsApp-Image-2026-01-08-at-12.27.15-1-1160x653.jpeg 1160w, https:\/\/www.rengoenlanoticia.cl\/prensa\/wp-content\/uploads\/2026\/01\/WhatsApp-Image-2026-01-08-at-12.27.15-1.jpeg 1600w\" sizes=\"auto, (max-width: 1024px) 100vw, 1024px\" \/><\/figure>\n\n\n\n<p>El cierre de este ciclo no solo representa el fin de una etapa administrativa, sino la consolidaci\u00f3n de un modelo de gesti\u00f3n territorial que prioriza la resoluci\u00f3n de problemas cr\u00edticos para la ciudadan\u00eda. Con la sistematizaci\u00f3n de estos <strong>100 proyectos gestionados<\/strong>, la Delegaci\u00f3n Presidencial Regional, que representa al Gobierno en la regi\u00f3n de O\u2019Higgins, deja una hoja de ruta clara y un componente metodol\u00f3gico operativo para el ciclo 2026, asegurando que los avances en salud, conectividad y soberan\u00eda alimentaria mantengan su impulso institucional.<\/p>\n","protected":false},"excerpt":{"rendered":"En una sesi\u00f3n de alto nivel realizada este mi\u00e9rcoles en el Sal\u00f3n O\u2019Higgins de la Delegaci\u00f3n Presidencial Regional&hellip;\n","protected":false},"author":1,"featured_media":8711,"comment_status":"open","ping_status":"open","sticky":false,"template":"","format":"standard","meta":{"_monsterinsights_skip_tracking":false,"_monsterinsights_sitenote_active":false,"_monsterinsights_sitenote_note":"","_monsterinsights_sitenote_category":0,"footnotes":""},"categories":[8],"tags":[],"class_list":{"0":"post-8707","1":"post","2":"type-post","3":"status-publish","4":"format-standard","5":"has-post-thumbnail","7":"category-portada"},"aioseo_notices":[],"_links":{"self":[{"href":"https:\/\/www.rengoenlanoticia.cl\/prensa\/wp-json\/wp\/v2\/posts\/8707","targetHints":{"allow":["GET"]}}],"collection":[{"href":"https:\/\/www.rengoenlanoticia.cl\/prensa\/wp-json\/wp\/v2\/posts"}],"about":[{"href":"https:\/\/www.rengoenlanoticia.cl\/prensa\/wp-json\/wp\/v2\/types\/post"}],"author":[{"embeddable":true,"href":"https:\/\/www.rengoenlanoticia.cl\/prensa\/wp-json\/wp\/v2\/users\/1"}],"replies":[{"embeddable":true,"href":"https:\/\/www.rengoenlanoticia.cl\/prensa\/wp-json\/wp\/v2\/comments?post=8707"}],"version-history":[{"count":2,"href":"https:\/\/www.rengoenlanoticia.cl\/prensa\/wp-json\/wp\/v2\/posts\/8707\/revisions"}],"predecessor-version":[{"id":8722,"href":"https:\/\/www.rengoenlanoticia.cl\/prensa\/wp-json\/wp\/v2\/posts\/8707\/revisions\/8722"}],"wp:featuredmedia":[{"embeddable":true,"href":"https:\/\/www.rengoenlanoticia.cl\/prensa\/wp-json\/wp\/v2\/media\/8711"}],"wp:attachment":[{"href":"https:\/\/www.rengoenlanoticia.cl\/prensa\/wp-json\/wp\/v2\/media?parent=8707"}],"wp:term":[{"taxonomy":"category","embeddable":true,"href":"https:\/\/www.rengoenlanoticia.cl\/prensa\/wp-json\/wp\/v2\/categories?post=8707"},{"taxonomy":"post_tag","embeddable":true,"href":"https:\/\/www.rengoenlanoticia.cl\/prensa\/wp-json\/wp\/v2\/tags?post=8707"}],"curies":[{"name":"wp","href":"https:\/\/api.w.org\/{rel}","templated":true}]}}