{"id":8705,"date":"2026-01-08T22:25:02","date_gmt":"2026-01-08T22:25:02","guid":{"rendered":"https:\/\/www.rengoenlanoticia.cl\/prensa\/?p=8705"},"modified":"2026-01-08T22:26:42","modified_gmt":"2026-01-08T22:26:42","slug":"teleton-en-ohiggins-una-de-las-obras-mas-importantes-del-ultimo-siglo-en-la-region","status":"publish","type":"post","link":"https:\/\/www.rengoenlanoticia.cl\/prensa\/2026\/01\/08\/teleton-en-ohiggins-una-de-las-obras-mas-importantes-del-ultimo-siglo-en-la-region\/","title":{"rendered":"Telet\u00f3n en O\u00b4Higgins, una de las obras m\u00e1s importantes del \u00faltimo siglo en la regi\u00f3n"},"content":{"rendered":"\n<p>Estamos muy contentos. Esta semana vivimos, con mucha alegr\u00eda y emoci\u00f3n, la ceremonia inaugural del Centro de Rehabilitaci\u00f3n Infantil Telet\u00f3n en O\u00b4Higgins, con una masiva asistencia de comunidad regional, futuros usuarios y sus familias, adem\u00e1s de las autoridades que lucharon, codo a codo, con nosotros para que este sue\u00f1o se hiciera realidad.<\/p>\n\n\n\n<p>El Instituto Telet\u00f3n en Rancagua debe ser una de las obras m\u00e1s importantes que se ha realizado en este siglo en la Regi\u00f3n de O\u00b4Higgins. Es un proyecto que viene a llenar un vac\u00edo en la atenci\u00f3n de las personas en situaci\u00f3n de discapacidad, porque m\u00e1s de mil 200 ni\u00f1as y ni\u00f1os que viajaban a la Regi\u00f3n Metropolitana y Maule a realizar su tratamiento, desde hoy podr\u00e1n atenderse en nuestra regi\u00f3n, con la mejor tecnolog\u00eda, equipamiento y calidad humana en este moderno centro de rehabilitaci\u00f3n.<\/p>\n\n\n\n<p>Desde el primer d\u00eda que la Telet\u00f3n nos present\u00f3 la idea, pusimos todos los esfuerzos y el compromiso m\u00e1s amplio, de manera transversal, para disponer los recursos por parte del Gobierno Regional y nuestro Consejo Regional. Para ello, sumamos el apoyo del municipio de Rancagua, quienes cedieron el terreno en comodato, y logramos aprobar una inversi\u00f3n superior a los 14 mil millones de pesos para la construcci\u00f3n y equipamiento de la Telet\u00f3n en O\u00b4Higgins, entregando en tiempo r\u00e9cor esta obra, \u201cllave en mano\u201d a sus futuros usuarios.<\/p>\n\n\n\n<p>Un logro que nos llena de orgullo, porque pudimos unir a diversas instituciones p\u00fablicas y empresas privadas en este gran desaf\u00edo regional, comprometi\u00e9ndonos seriamente con la inclusi\u00f3n y la mejor calidad de vida de las personas en situaci\u00f3n de discapacidad en O\u00b4Higgins, dando un hermoso ejemplo para nuestro pa\u00eds.<\/p>\n\n\n\n<p>Pero esta inversi\u00f3n no es un hecho aislado para nuestro Gobierno Regional de O\u00b4Higgins. Con mucha convicci\u00f3n hemos liderado, desde nuestros inicios, un Gobierno Regional comprometido con la inclusi\u00f3n, implementando diversos programas de emprendimiento y l\u00edneas de inversi\u00f3n, beneficiando a miles de personas en situaci\u00f3n de discapacidad, deportistas paral\u00edmpicos, organizaciones sociales, personas mayores, cuidadoras y cuidadores, que han accedido a recursos especialmente destinados para esta materia.<\/p>\n\n\n\n<p>Hoy, con nuestra Telet\u00f3n inaugurada, podemos decir: Misi\u00f3n Cumplida. En O\u00b4Higgins gobernamos con hechos, no palabras.<\/p>\n\n\n\n<p>Pablo Silva Amaya Gobernador Regional de O\u00b4Higgins<\/p>\n","protected":false},"excerpt":{"rendered":"Estamos muy contentos. Esta semana vivimos, con mucha alegr\u00eda y emoci\u00f3n, la ceremonia inaugural del Centro de Rehabilitaci\u00f3n&hellip;\n","protected":false},"author":1,"featured_media":8708,"comment_status":"open","ping_status":"open","sticky":false,"template":"","format":"standard","meta":{"_monsterinsights_skip_tracking":false,"_monsterinsights_sitenote_active":false,"_monsterinsights_sitenote_note":"","_monsterinsights_sitenote_category":0,"footnotes":""},"categories":[8],"tags":[],"class_list":{"0":"post-8705","1":"post","2":"type-post","3":"status-publish","4":"format-standard","5":"has-post-thumbnail","7":"category-portada"},"aioseo_notices":[],"_links":{"self":[{"href":"https:\/\/www.rengoenlanoticia.cl\/prensa\/wp-json\/wp\/v2\/posts\/8705","targetHints":{"allow":["GET"]}}],"collection":[{"href":"https:\/\/www.rengoenlanoticia.cl\/prensa\/wp-json\/wp\/v2\/posts"}],"about":[{"href":"https:\/\/www.rengoenlanoticia.cl\/prensa\/wp-json\/wp\/v2\/types\/post"}],"author":[{"embeddable":true,"href":"https:\/\/www.rengoenlanoticia.cl\/prensa\/wp-json\/wp\/v2\/users\/1"}],"replies":[{"embeddable":true,"href":"https:\/\/www.rengoenlanoticia.cl\/prensa\/wp-json\/wp\/v2\/comments?post=8705"}],"version-history":[{"count":1,"href":"https:\/\/www.rengoenlanoticia.cl\/prensa\/wp-json\/wp\/v2\/posts\/8705\/revisions"}],"predecessor-version":[{"id":8720,"href":"https:\/\/www.rengoenlanoticia.cl\/prensa\/wp-json\/wp\/v2\/posts\/8705\/revisions\/8720"}],"wp:featuredmedia":[{"embeddable":true,"href":"https:\/\/www.rengoenlanoticia.cl\/prensa\/wp-json\/wp\/v2\/media\/8708"}],"wp:attachment":[{"href":"https:\/\/www.rengoenlanoticia.cl\/prensa\/wp-json\/wp\/v2\/media?parent=8705"}],"wp:term":[{"taxonomy":"category","embeddable":true,"href":"https:\/\/www.rengoenlanoticia.cl\/prensa\/wp-json\/wp\/v2\/categories?post=8705"},{"taxonomy":"post_tag","embeddable":true,"href":"https:\/\/www.rengoenlanoticia.cl\/prensa\/wp-json\/wp\/v2\/tags?post=8705"}],"curies":[{"name":"wp","href":"https:\/\/api.w.org\/{rel}","templated":true}]}}