{"id":8704,"date":"2026-01-08T22:24:52","date_gmt":"2026-01-08T22:24:52","guid":{"rendered":"https:\/\/www.rengoenlanoticia.cl\/prensa\/?p=8704"},"modified":"2026-01-08T22:27:05","modified_gmt":"2026-01-08T22:27:05","slug":"condena-ejemplar-en-san-fernando-8-anos-de-presidio-efectivo-para-autor-de-robos-frustrado-y-tentado","status":"publish","type":"post","link":"https:\/\/www.rengoenlanoticia.cl\/prensa\/2026\/01\/08\/condena-ejemplar-en-san-fernando-8-anos-de-presidio-efectivo-para-autor-de-robos-frustrado-y-tentado\/","title":{"rendered":"Condena ejemplar en San Fernando: 8 a\u00f1os de presidio efectivo para autor de robos frustrado y tentado"},"content":{"rendered":"\n<p>El Tribunal de Juicio Oral en lo Penal (TOP) de San Fernando dict\u00f3 una condena de <strong>presidio efectivo contra Patricio Alejandro Valenzuela Valenzuela<\/strong>, tras establecer su responsabilidad en los delitos de <strong>robo frustrado en lugar habitado<\/strong> y <strong>robo tentado en lugar no habitado<\/strong>, hechos ocurridos en enero de 2025 en la comuna.<\/p>\n\n\n\n<p>En un <strong>fallo un\u00e1nime<\/strong> (causa rol N\u00b0 96-2025), el tribunal \u2014integrado por los magistrados <strong>Carlos P\u00e9rez D\u00edaz<\/strong> (presidente), <strong>Rodrigo Barrera Y\u00e1\u00f1ez<\/strong> y <strong>Crist\u00f3bal \u00c1vila Mora<\/strong> (redactor)\u2014 conden\u00f3 al acusado a <strong>8 a\u00f1os de presidio de cumplimiento efectivo<\/strong>, m\u00e1s las accesorias legales de <strong>inhabilitaci\u00f3n absoluta perpetua para cargos y oficios p\u00fablicos y derechos pol\u00edticos<\/strong>, adem\u00e1s de la <strong>inhabilitaci\u00f3n absoluta para ejercer profesiones titulares durante el tiempo de la condena<\/strong>, en calidad de autor del delito frustrado de robo en lugar habitado.<\/p>\n\n\n\n<p>Asimismo, Valenzuela Valenzuela fue sentenciado a <strong>300 d\u00edas de presidio efectivo<\/strong> y a la accesoria de <strong>suspensi\u00f3n de cargo u oficio p\u00fablico<\/strong>, como autor de un <strong>delito tentado de robo en lugar no habitado<\/strong>.<\/p>\n\n\n\n<p>De acuerdo con lo establecido por el tribunal, m\u00e1s all\u00e1 de toda duda razonable, los hechos ocurrieron alrededor de las <strong>04:00 horas del 28 de enero de 2025<\/strong>, cuando el condenado ingres\u00f3 a un laboratorio ubicado en <strong>calle Jos\u00e9 Miguel Carrera<\/strong>, tras <strong>forzar la chapa del port\u00f3n de acceso<\/strong>, con la intenci\u00f3n de sustraer especies. Al ser alertado, el encargado del local, identificado con las iniciales <strong>S.H.S.E.<\/strong>, concurri\u00f3 al lugar junto a personal de <strong>Carabineros<\/strong>, quienes constataron que el imputado hab\u00eda dejado un <strong>vibrador para concreto inal\u00e1mbrico, marca Makita<\/strong>, colgado en la reja perimetral.<\/p>\n\n\n\n<p>Cerca de <strong>media hora m\u00e1s tarde<\/strong>, el sujeto ingres\u00f3 a un <strong>domicilio particular<\/strong>, tambi\u00e9n ubicado en la misma arteria, <strong>saltando un muro medianero<\/strong> desde un inmueble vecino y aprovechando la presencia de un veh\u00edculo estacionado en el interior de la propiedad. Desde el lugar logr\u00f3 sustraer una <strong>caja con diversos art\u00edculos de oficina y \u00fatiles escolares<\/strong>, especies que manten\u00eda acopiadas al momento de ser <strong>detenido por Carabineros<\/strong>.<\/p>\n\n\n\n<p>En la misma causa, el tribunal resolvi\u00f3 <strong>absolver al acusado<\/strong> respecto de una imputaci\u00f3n fiscal por un <strong>segundo delito de robo en lugar habitado<\/strong>, debido a la <strong>falta de acreditaci\u00f3n de su participaci\u00f3n<\/strong>.<\/p>\n\n\n\n<p>Finalmente, una vez que el fallo quede <strong>ejecutoriado<\/strong>, el TOP de San Fernando orden\u00f3 la <strong>toma de muestras biol\u00f3gicas<\/strong> del sentenciado, con el fin de determinar su <strong>huella gen\u00e9tica<\/strong> e incorporarla al <strong>Registro Nacional de ADN de Condenados<\/strong>.<\/p>\n","protected":false},"excerpt":{"rendered":"El Tribunal de Juicio Oral en lo Penal (TOP) de San Fernando dict\u00f3 una condena de presidio efectivo&hellip;\n","protected":false},"author":2,"featured_media":8706,"comment_status":"open","ping_status":"open","sticky":false,"template":"","format":"standard","meta":{"_monsterinsights_skip_tracking":false,"_monsterinsights_sitenote_active":false,"_monsterinsights_sitenote_note":"","_monsterinsights_sitenote_category":0,"footnotes":""},"categories":[5,8],"tags":[],"class_list":{"0":"post-8704","1":"post","2":"type-post","3":"status-publish","4":"format-standard","5":"has-post-thumbnail","7":"category-policial","8":"category-portada"},"aioseo_notices":[],"_links":{"self":[{"href":"https:\/\/www.rengoenlanoticia.cl\/prensa\/wp-json\/wp\/v2\/posts\/8704","targetHints":{"allow":["GET"]}}],"collection":[{"href":"https:\/\/www.rengoenlanoticia.cl\/prensa\/wp-json\/wp\/v2\/posts"}],"about":[{"href":"https:\/\/www.rengoenlanoticia.cl\/prensa\/wp-json\/wp\/v2\/types\/post"}],"author":[{"embeddable":true,"href":"https:\/\/www.rengoenlanoticia.cl\/prensa\/wp-json\/wp\/v2\/users\/2"}],"replies":[{"embeddable":true,"href":"https:\/\/www.rengoenlanoticia.cl\/prensa\/wp-json\/wp\/v2\/comments?post=8704"}],"version-history":[{"count":3,"href":"https:\/\/www.rengoenlanoticia.cl\/prensa\/wp-json\/wp\/v2\/posts\/8704\/revisions"}],"predecessor-version":[{"id":8724,"href":"https:\/\/www.rengoenlanoticia.cl\/prensa\/wp-json\/wp\/v2\/posts\/8704\/revisions\/8724"}],"wp:featuredmedia":[{"embeddable":true,"href":"https:\/\/www.rengoenlanoticia.cl\/prensa\/wp-json\/wp\/v2\/media\/8706"}],"wp:attachment":[{"href":"https:\/\/www.rengoenlanoticia.cl\/prensa\/wp-json\/wp\/v2\/media?parent=8704"}],"wp:term":[{"taxonomy":"category","embeddable":true,"href":"https:\/\/www.rengoenlanoticia.cl\/prensa\/wp-json\/wp\/v2\/categories?post=8704"},{"taxonomy":"post_tag","embeddable":true,"href":"https:\/\/www.rengoenlanoticia.cl\/prensa\/wp-json\/wp\/v2\/tags?post=8704"}],"curies":[{"name":"wp","href":"https:\/\/api.w.org\/{rel}","templated":true}]}}