{"id":8700,"date":"2026-01-08T22:04:06","date_gmt":"2026-01-08T22:04:06","guid":{"rendered":"https:\/\/www.rengoenlanoticia.cl\/prensa\/?p=8700"},"modified":"2026-01-08T22:24:48","modified_gmt":"2026-01-08T22:24:48","slug":"minvu-ohiggins-sigue-entregando-viviendas-tras-cumplir-la-meta-del-plan-de-emergencia-habitacional-molinos-del-abra-se-inaugura-en-requinoa","status":"publish","type":"post","link":"https:\/\/www.rengoenlanoticia.cl\/prensa\/2026\/01\/08\/minvu-ohiggins-sigue-entregando-viviendas-tras-cumplir-la-meta-del-plan-de-emergencia-habitacional-molinos-del-abra-se-inaugura-en-requinoa\/","title":{"rendered":"Minvu O\u2019Higgins sigue entregando viviendas tras cumplir la meta del Plan de Emergencia Habitacional: Molinos del Abra se inaugura en Requ\u00ednoa."},"content":{"rendered":"\n<h3 id=\"el-proyecto-ds19-contempla-185-viviendas-con-criterios-de-integracion-social-eficiencia-energetica-y-acceso-a-servicios-en-una-region-que-ya-cumplio-el-100-de-su-meta-habitacional\" class=\"wp-block-heading\">\u00a0<strong><em>El proyecto DS19 contempla 185 viviendas con criterios de integraci\u00f3n social, eficiencia energ\u00e9tica y acceso a servicios, en una regi\u00f3n que ya cumpli\u00f3 el 100% de su meta habitacional.<\/em><\/strong><\/h3>\n\n\n\n<p><strong>Requ\u00ednoa, jueves 8 de enero de 2026.<\/strong>&nbsp;En el marco del Plan de Emergencia Habitacional, el Ministerio de Vivienda y Urbanismo de la Regi\u00f3n de O\u2019Higgins inaugur\u00f3 el conjunto habitacional Molinos del Abra, un proyecto de integraci\u00f3n social que considera 185 viviendas y que se emplaza en el sector norponiente de la comuna de Requ\u00ednoa, en un entorno urbano consolidado y con acceso a servicios, \u00e1reas verdes y conectividad estructural.<\/p>\n\n\n\n<p>La iniciativa, desarrollada bajo el Programa de Integraci\u00f3n Social y Territorial, D.S. N\u00b019, se ubica a aproximadamente 1.200 metros de la Ruta 5 y contempla viviendas unifamiliares de dos pisos, con superficies que fluct\u00faan entre 66,45 m\u00b2 y 86,43 m\u00b2, incorporando est\u00e1ndares de eficiencia energ\u00e9tica con certificaci\u00f3n tipo C o superior. El dise\u00f1o urbano considera \u00e1reas verdes, equipamiento deportivo y zonas de juegos infantiles, adem\u00e1s de una imagen homog\u00e9nea hacia el espacio p\u00fablico y accesibilidad desde distintos puntos del loteo.<\/p>\n\n\n\n<p>Durante la actividad, el seremi de Vivienda y Urbanismo de O\u2019Higgins, Luis Barboza, destac\u00f3 que la entrega de Molinos del Abra se enmarca en un momento clave para la pol\u00edtica habitacional regional. \u201cTen\u00edamos una meta de 14.667 viviendas comprometidas en el Plan de Emergencia Habitacional y ya la superamos. Sin embargo, seguimos trabajando para aumentar esa cifra en al menos un 10%, porque el desaf\u00edo habitacional no se detiene\u201d, se\u00f1al\u00f3, subrayando que el trabajo continuar\u00e1 pese al cumplimiento de la meta regional.<\/p>\n\n\n\n<p>A\u00f1adi\u00f3 que \u201cEstamos dejando m\u00e1s o menos 9 mil 500 viviendas en ejecuci\u00f3n, en distintos grados de avance, ya sea 25, 50, 75%. Eso va a quedar como base para enfrentar el Plan de Emergencia Habitacional que se prorrog\u00f3 por 4 a\u00f1os m\u00e1s, lo cual significa que fue un \u00e9xito. Aprobado en el congreso por unanimidad\u201d.<\/p>\n\n\n\n<p>En esa misma l\u00ednea, el director de SERVIU O\u2019Higgins, Omar Guti\u00e9rrez, enfatiz\u00f3 que el avance logrado deja una base s\u00f3lida para los pr\u00f3ximos a\u00f1os. \u201cGracias a los vecinos y vecinas que confiaron en el Ministerio estamos haciendo una senda nueva, que las personas no demoren 20 o 30 a\u00f1os en obtener su vivienda. Eso es una se\u00f1al importante, el Estado de Chile tiene que contribuir en mayor medida a que las familias obtengan su vivienda, que es lo que hicimos ahora\u201d.<\/p>\n\n\n\n<p>El proyecto Molinos del Abra, desarrollado por Inmobiliaria Gamero SpA y ejecutado por Constructora CDI, se basa en un modelo de integraci\u00f3n social que re\u00fane en un mismo barrio a familias beneficiarias del Fondo Solidario de Elecci\u00f3n de Vivienda y del Programa para Sectores Medios, promoviendo una convivencia diversa y equilibrada. Para el director regional de SERVIU, este enfoque resulta fundamental para avanzar hacia ciudades m\u00e1s equitativas. En ese sentido, se\u00f1al\u00f3 que \u201cpensamos que potenciar este programa es una gran soluci\u00f3n, no solamente para la pol\u00edtica habitacional, sino que adem\u00e1s para muchos de los problemas de segregaci\u00f3n que tiene nuestra sociedad y que, digamos, presenta una nueva cara de cada una de las comunidades donde se instala\u201d.<\/p>\n\n\n\n<p>Desde el municipio, el administrador municipal de Requ\u00ednoa, Carlos Arriagada, en representaci\u00f3n del alcalde Waldo Valdivia, valor\u00f3 el est\u00e1ndar del conjunto habitacional. \u201cLa calidad de estas viviendas llama profundamente la atenci\u00f3n. Hemos podido recorrerlas y cuentan con excelentes terminaciones, amplios dormitorios, buenos ba\u00f1os y cocinas, lo que demuestra la preocupaci\u00f3n de este Gobierno por asegurar viviendas verdaderamente dignas para las familias\u201d, indic\u00f3.<\/p>\n\n\n\n<p>El impacto del proyecto tambi\u00e9n fue relevado por sus beneficiarios. Sebasti\u00e1n P\u00e9rez Ubilla, quien recibi\u00f3 su vivienda junto a sus dos hijos, expres\u00f3 que la entrega marca un antes y un despu\u00e9s en su vida familiar. \u201cEstuve arrendando y en este momento estaba de allegado, llevaba como 6 meses, casi todo el segundo semestre escolar. As\u00ed que nos cambia la vida, est\u00e1bamos esperando, desesperados que llegara, ansiosos que llegara el tema de nuestra casa. Para ordenarnos, para que los chicos se ordenen con sus cosas, uno mismo, feliz, nada que decir\u201d.<\/p>\n\n\n\n<p>En la ceremonia de entrega del conjunto habitacional Molinos del Abra tambi\u00e9n estuvieron presentes el diputado Ra\u00fal Soto, la diputada Natalia Romero, la consejera regional Jaqueline Jorquera, el gerente general de Inmobiliaria Gamero, Gonzalo D\u00edaz, y la vicepresidenta regional de la C\u00e1mara Chilena de la Construcci\u00f3n de O\u2019Higgins, Pilar Poblete, quienes destacaron la relevancia del proyecto para el desarrollo urbano de la comuna y el impacto que este tipo de iniciativas tiene en la calidad de vida de las familias de la regi\u00f3n.<\/p>\n","protected":false},"excerpt":{"rendered":"\u00a0El proyecto DS19 contempla 185 viviendas con criterios de integraci\u00f3n social, eficiencia energ\u00e9tica y acceso a servicios, en&hellip;\n","protected":false},"author":1,"featured_media":8701,"comment_status":"open","ping_status":"open","sticky":false,"template":"","format":"standard","meta":{"_monsterinsights_skip_tracking":false,"_monsterinsights_sitenote_active":false,"_monsterinsights_sitenote_note":"","_monsterinsights_sitenote_category":0,"footnotes":""},"categories":[8],"tags":[],"class_list":{"0":"post-8700","1":"post","2":"type-post","3":"status-publish","4":"format-standard","5":"has-post-thumbnail","7":"category-portada"},"aioseo_notices":[],"_links":{"self":[{"href":"https:\/\/www.rengoenlanoticia.cl\/prensa\/wp-json\/wp\/v2\/posts\/8700","targetHints":{"allow":["GET"]}}],"collection":[{"href":"https:\/\/www.rengoenlanoticia.cl\/prensa\/wp-json\/wp\/v2\/posts"}],"about":[{"href":"https:\/\/www.rengoenlanoticia.cl\/prensa\/wp-json\/wp\/v2\/types\/post"}],"author":[{"embeddable":true,"href":"https:\/\/www.rengoenlanoticia.cl\/prensa\/wp-json\/wp\/v2\/users\/1"}],"replies":[{"embeddable":true,"href":"https:\/\/www.rengoenlanoticia.cl\/prensa\/wp-json\/wp\/v2\/comments?post=8700"}],"version-history":[{"count":3,"href":"https:\/\/www.rengoenlanoticia.cl\/prensa\/wp-json\/wp\/v2\/posts\/8700\/revisions"}],"predecessor-version":[{"id":8725,"href":"https:\/\/www.rengoenlanoticia.cl\/prensa\/wp-json\/wp\/v2\/posts\/8700\/revisions\/8725"}],"wp:featuredmedia":[{"embeddable":true,"href":"https:\/\/www.rengoenlanoticia.cl\/prensa\/wp-json\/wp\/v2\/media\/8701"}],"wp:attachment":[{"href":"https:\/\/www.rengoenlanoticia.cl\/prensa\/wp-json\/wp\/v2\/media?parent=8700"}],"wp:term":[{"taxonomy":"category","embeddable":true,"href":"https:\/\/www.rengoenlanoticia.cl\/prensa\/wp-json\/wp\/v2\/categories?post=8700"},{"taxonomy":"post_tag","embeddable":true,"href":"https:\/\/www.rengoenlanoticia.cl\/prensa\/wp-json\/wp\/v2\/tags?post=8700"}],"curies":[{"name":"wp","href":"https:\/\/api.w.org\/{rel}","templated":true}]}}