{"id":8691,"date":"2026-01-08T15:10:17","date_gmt":"2026-01-08T15:10:17","guid":{"rendered":"https:\/\/www.rengoenlanoticia.cl\/prensa\/?p=8691"},"modified":"2026-01-08T15:11:00","modified_gmt":"2026-01-08T15:11:00","slug":"estrategia-control-incendios-forestales-junta-de-vigilancia-del-rio-claro","status":"publish","type":"post","link":"https:\/\/www.rengoenlanoticia.cl\/prensa\/2026\/01\/08\/estrategia-control-incendios-forestales-junta-de-vigilancia-del-rio-claro\/","title":{"rendered":"ESTRATEGIA CONTROL INCENDIOS FORESTALES JUNTA DE VIGILANCIA DEL RIO CLARO."},"content":{"rendered":"\n<p>Un trabajo de prevenci\u00f3n de incendios forestales ha iniciado la Junta de Vigilancia del r\u00edo Claro de Rengo, que permitir\u00e1 entregar un gran apoyo log\u00edstico a las tareas de CONAF, ante eventuales emergencias que se produzcan en la zona.<\/p>\n\n\n\n<p>La iniciativa consiste en la habilitaci\u00f3n de pozones en diferentes sectores del rio claro, donde permitir\u00e1 que aeronaves de CONAF, que se encuentren combatiendo incendios forestales, puedan recargar agua de manera r\u00e1pida y segura, sin poner en riesgo ni el personal ni los recursos t\u00e9cnicos.<\/p>\n\n\n\n<p>Para tal efecto, t\u00e9cnicos especialistas de CONAF recorrieron el rio claro la ma\u00f1ana del mi\u00e9rcoles 7 de enero junto a personal de la Junta de Vigilancia, donde determinaron y establecieron los puntos estrat\u00e9gicos para ejecutar el proyecto.<\/p>\n\n\n\n<figure class=\"wp-block-image size-large\"><img loading=\"lazy\" decoding=\"async\" width=\"1024\" height=\"461\" src=\"https:\/\/www.rengoenlanoticia.cl\/prensa\/wp-content\/uploads\/2026\/01\/WhatsApp-Image-2026-01-08-at-11.52.04-1-1024x461.jpeg\" alt=\"\" class=\"wp-image-8692\" srcset=\"https:\/\/www.rengoenlanoticia.cl\/prensa\/wp-content\/uploads\/2026\/01\/WhatsApp-Image-2026-01-08-at-11.52.04-1-1024x461.jpeg 1024w, https:\/\/www.rengoenlanoticia.cl\/prensa\/wp-content\/uploads\/2026\/01\/WhatsApp-Image-2026-01-08-at-11.52.04-1-300x135.jpeg 300w, https:\/\/www.rengoenlanoticia.cl\/prensa\/wp-content\/uploads\/2026\/01\/WhatsApp-Image-2026-01-08-at-11.52.04-1-768x346.jpeg 768w, https:\/\/www.rengoenlanoticia.cl\/prensa\/wp-content\/uploads\/2026\/01\/WhatsApp-Image-2026-01-08-at-11.52.04-1-1536x691.jpeg 1536w, https:\/\/www.rengoenlanoticia.cl\/prensa\/wp-content\/uploads\/2026\/01\/WhatsApp-Image-2026-01-08-at-11.52.04-1-110x50.jpeg 110w, https:\/\/www.rengoenlanoticia.cl\/prensa\/wp-content\/uploads\/2026\/01\/WhatsApp-Image-2026-01-08-at-11.52.04-1-200x90.jpeg 200w, https:\/\/www.rengoenlanoticia.cl\/prensa\/wp-content\/uploads\/2026\/01\/WhatsApp-Image-2026-01-08-at-11.52.04-1-380x171.jpeg 380w, https:\/\/www.rengoenlanoticia.cl\/prensa\/wp-content\/uploads\/2026\/01\/WhatsApp-Image-2026-01-08-at-11.52.04-1-255x115.jpeg 255w, https:\/\/www.rengoenlanoticia.cl\/prensa\/wp-content\/uploads\/2026\/01\/WhatsApp-Image-2026-01-08-at-11.52.04-1-550x248.jpeg 550w, https:\/\/www.rengoenlanoticia.cl\/prensa\/wp-content\/uploads\/2026\/01\/WhatsApp-Image-2026-01-08-at-11.52.04-1-800x360.jpeg 800w, https:\/\/www.rengoenlanoticia.cl\/prensa\/wp-content\/uploads\/2026\/01\/WhatsApp-Image-2026-01-08-at-11.52.04-1-1160x522.jpeg 1160w, https:\/\/www.rengoenlanoticia.cl\/prensa\/wp-content\/uploads\/2026\/01\/WhatsApp-Image-2026-01-08-at-11.52.04-1.jpeg 1600w\" sizes=\"auto, (max-width: 1024px) 100vw, 1024px\" \/><\/figure>\n\n\n\n<p>Para Manuel Vergara, T\u00e9cnico del Departamento de Incendios Forestales de Conaf O\u2019Higgins \u201cla iniciativa de la Junta de Vigilancia del r\u00edo Claro es muy buena, porque nos permite establecer lugares donde hacer log\u00edstica y abastecimiento, si necesitamos atender una emergencia en esta zona. Est\u00e1n realizando un gran aporte a la prevenci\u00f3n y eso debiera ser imitado en otros puntos de la regi\u00f3n de O\u2019Higgins por otras instituciones y organismos\u201d.<\/p>\n\n\n\n<p>Carlos Ortiz Olivares, vicepresidente de la Junta de Vigilancia se\u00f1al\u00f3 que \u201clos esfuerzos en prevenci\u00f3n y seguridad nunca sobran, es por eso que nuestro directorio aprob\u00f3 el trabajo en cuesti\u00f3n que nos entregar\u00e1 una log\u00edstica importante en caso de ser requerida y es por eso que adem\u00e1s, las definiciones se tomaron en terreno con personal de CONAF que entiende y maneja los criterios de seguridad y operaci\u00f3n t\u00e9cnica, de tal manera que estos puntos de abastecimiento de aeronaves, est\u00e9n siempre operativos y cuenten con todas las consideraciones de seguridad\u201d.<\/p>\n\n\n\n<p>Los puntos fueron geo referenciados por CONAF y se espera su habilitaci\u00f3n para los pr\u00f3ximos d\u00edas.<\/p>\n","protected":false},"excerpt":{"rendered":"Un trabajo de prevenci\u00f3n de incendios forestales ha iniciado la Junta de Vigilancia del r\u00edo Claro de Rengo,&hellip;\n","protected":false},"author":1,"featured_media":8693,"comment_status":"open","ping_status":"open","sticky":false,"template":"","format":"standard","meta":{"_monsterinsights_skip_tracking":false,"_monsterinsights_sitenote_active":false,"_monsterinsights_sitenote_note":"","_monsterinsights_sitenote_category":0,"footnotes":""},"categories":[8],"tags":[],"class_list":{"0":"post-8691","1":"post","2":"type-post","3":"status-publish","4":"format-standard","5":"has-post-thumbnail","7":"category-portada"},"aioseo_notices":[],"_links":{"self":[{"href":"https:\/\/www.rengoenlanoticia.cl\/prensa\/wp-json\/wp\/v2\/posts\/8691","targetHints":{"allow":["GET"]}}],"collection":[{"href":"https:\/\/www.rengoenlanoticia.cl\/prensa\/wp-json\/wp\/v2\/posts"}],"about":[{"href":"https:\/\/www.rengoenlanoticia.cl\/prensa\/wp-json\/wp\/v2\/types\/post"}],"author":[{"embeddable":true,"href":"https:\/\/www.rengoenlanoticia.cl\/prensa\/wp-json\/wp\/v2\/users\/1"}],"replies":[{"embeddable":true,"href":"https:\/\/www.rengoenlanoticia.cl\/prensa\/wp-json\/wp\/v2\/comments?post=8691"}],"version-history":[{"count":2,"href":"https:\/\/www.rengoenlanoticia.cl\/prensa\/wp-json\/wp\/v2\/posts\/8691\/revisions"}],"predecessor-version":[{"id":8699,"href":"https:\/\/www.rengoenlanoticia.cl\/prensa\/wp-json\/wp\/v2\/posts\/8691\/revisions\/8699"}],"wp:featuredmedia":[{"embeddable":true,"href":"https:\/\/www.rengoenlanoticia.cl\/prensa\/wp-json\/wp\/v2\/media\/8693"}],"wp:attachment":[{"href":"https:\/\/www.rengoenlanoticia.cl\/prensa\/wp-json\/wp\/v2\/media?parent=8691"}],"wp:term":[{"taxonomy":"category","embeddable":true,"href":"https:\/\/www.rengoenlanoticia.cl\/prensa\/wp-json\/wp\/v2\/categories?post=8691"},{"taxonomy":"post_tag","embeddable":true,"href":"https:\/\/www.rengoenlanoticia.cl\/prensa\/wp-json\/wp\/v2\/tags?post=8691"}],"curies":[{"name":"wp","href":"https:\/\/api.w.org\/{rel}","templated":true}]}}