{"id":8684,"date":"2026-01-08T15:10:11","date_gmt":"2026-01-08T15:10:11","guid":{"rendered":"https:\/\/www.rengoenlanoticia.cl\/prensa\/?p=8684"},"modified":"2026-01-08T15:10:14","modified_gmt":"2026-01-08T15:10:14","slug":"consejo-de-desarrollo-entrega-al-hospital-de-rengo-cajas-de-la-memoria-para-acompanar-la-perdida-gestacional","status":"publish","type":"post","link":"https:\/\/www.rengoenlanoticia.cl\/prensa\/2026\/01\/08\/consejo-de-desarrollo-entrega-al-hospital-de-rengo-cajas-de-la-memoria-para-acompanar-la-perdida-gestacional\/","title":{"rendered":"Consejo de Desarrollo entrega al Hospital de Rengo Cajas de la Memoria para acompa\u00f1ar la p\u00e9rdida gestacional"},"content":{"rendered":"\n<p><strong><em>Son 10 cajas en total, las cuales se entregan a madres y padres que han vivido la p\u00e9rdida de un beb\u00e9, destinada a conservar objetos y recuerdos significativos, como una herramienta de apoyo para la despedida y el proceso de duelo.<\/em><\/strong><\/p>\n\n\n\n<p>Con el objetivo de fortalecer el acompa\u00f1amiento humanizado a mujeres y familias que enfrentan la p\u00e9rdida gestacional, el Consejo de Desarrollo del Hospital Ricardo Valenzuela S\u00e1ez de Rengo realiz\u00f3 la entrega de 10 Cajas de la Memoria; una significativa iniciativa que busca reconocer y preservar, de manera simb\u00f3lica, la existencia de hijos e hijas que partieron tempranamente, como una herramienta de apoyo para la despedida y el proceso de duelo.<\/p>\n\n\n\n<p>Al respecto, la directora (s) del Hospital Ricardo Valenzuela S\u00e1ez, Dra. Valeria Olavarr\u00eda Manr\u00edquez, valor\u00f3 profundamente este aporte, se\u00f1alando que \u201ccomo instituci\u00f3n estamos muy agradecidos del gran apoyo que constantemente realiza nuestro querido Consejo de Desarrollo. No s\u00f3lo dedican tiempo, sino que son un grupo organizado que trabaja activamente como un importante nexo entre la comunidad y el hospital. En esta oportunidad, considerando el tremendo impacto que significa para las mujeres y sus familias la p\u00e9rdida de un hijo, la confecci\u00f3n de una Caja de la Memoria que perdure de forma simb\u00f3lica y ayude a sobrellevar el duelo es una gran ayuda, que se agradece de coraz\u00f3n\u201d.<\/p>\n\n\n\n<p>Por su parte, la presidenta del Consejo de Desarrollo del Hospital de Rengo, Paula Zawadzki, expres\u00f3 su satisfacci\u00f3n por esta entrega, diciendo que \u201cnos sentimos muy complacidos de entregar al Hospital de Rengo 10 Cajas de la Memoria, que tienen un significado muy emotivo. Han sido confeccionadas por nuestras socias y socios y est\u00e1n pensadas especialmente para las mamitas que han vivido una p\u00e9rdida en la etapa gestacional. Agradecemos la oportunidad que se nos da de poder acompa\u00f1arlas en una etapa tan dura y dif\u00edcil como es la p\u00e9rdida de un hijo\u201d.<\/p>\n\n\n\n<p>En este sentido, la encargada (s) del Servicio Social del Hospital de Rengo, Natalia Espinoza, indic\u00f3 que \u201cestamos muy contentos como hospital y agradecemos la gesti\u00f3n del Consejo de Desarrollo. Es una iniciativa muy bonita y significativa, especialmente considerando la escasez de recursos que existen para este tipo de acciones, las que son tan necesarias para apoyar a las familias en estos momentos\u201d.<\/p>\n\n\n\n<figure class=\"wp-block-image size-large\"><img loading=\"lazy\" decoding=\"async\" width=\"1024\" height=\"544\" src=\"https:\/\/www.rengoenlanoticia.cl\/prensa\/wp-content\/uploads\/2026\/01\/Caja-de-la-memoria-HR1-1024x544.jpg\" alt=\"\" class=\"wp-image-8686\" srcset=\"https:\/\/www.rengoenlanoticia.cl\/prensa\/wp-content\/uploads\/2026\/01\/Caja-de-la-memoria-HR1-1024x544.jpg 1024w, https:\/\/www.rengoenlanoticia.cl\/prensa\/wp-content\/uploads\/2026\/01\/Caja-de-la-memoria-HR1-300x160.jpg 300w, https:\/\/www.rengoenlanoticia.cl\/prensa\/wp-content\/uploads\/2026\/01\/Caja-de-la-memoria-HR1-768x408.jpg 768w, https:\/\/www.rengoenlanoticia.cl\/prensa\/wp-content\/uploads\/2026\/01\/Caja-de-la-memoria-HR1-1536x817.jpg 1536w, https:\/\/www.rengoenlanoticia.cl\/prensa\/wp-content\/uploads\/2026\/01\/Caja-de-la-memoria-HR1-2048x1089.jpg 2048w, https:\/\/www.rengoenlanoticia.cl\/prensa\/wp-content\/uploads\/2026\/01\/Caja-de-la-memoria-HR1-110x58.jpg 110w, https:\/\/www.rengoenlanoticia.cl\/prensa\/wp-content\/uploads\/2026\/01\/Caja-de-la-memoria-HR1-200x106.jpg 200w, https:\/\/www.rengoenlanoticia.cl\/prensa\/wp-content\/uploads\/2026\/01\/Caja-de-la-memoria-HR1-380x202.jpg 380w, https:\/\/www.rengoenlanoticia.cl\/prensa\/wp-content\/uploads\/2026\/01\/Caja-de-la-memoria-HR1-255x136.jpg 255w, https:\/\/www.rengoenlanoticia.cl\/prensa\/wp-content\/uploads\/2026\/01\/Caja-de-la-memoria-HR1-550x292.jpg 550w, https:\/\/www.rengoenlanoticia.cl\/prensa\/wp-content\/uploads\/2026\/01\/Caja-de-la-memoria-HR1-800x425.jpg 800w, https:\/\/www.rengoenlanoticia.cl\/prensa\/wp-content\/uploads\/2026\/01\/Caja-de-la-memoria-HR1-1160x617.jpg 1160w, https:\/\/www.rengoenlanoticia.cl\/prensa\/wp-content\/uploads\/2026\/01\/Caja-de-la-memoria-HR1-scaled.jpg 2560w\" sizes=\"auto, (max-width: 1024px) 100vw, 1024px\" \/><\/figure>\n\n\n\n<p>Asimismo, el trabajador social del programa Chile Crece Contigo y de la Ley Dominga del Hospital de Rengo, Nicol\u00e1s Leiva, se\u00f1al\u00f3 que \u201cquiero entregar mi m\u00e1s sincero agradecimiento al Consejo de Desarrollo por la donaci\u00f3n de las Cajas de la Memoria. Este valioso recurso nos permite continuar acompa\u00f1ando a las personas gestantes y sus familias en el marco de la Ley Dominga. Estas cajas representan una herramienta significativa, ya que permiten entregar un recuerdo f\u00edsico y otorgar sentido a estas p\u00e9rdidas, favoreciendo procesos de duelo m\u00e1s humanizados y respetuosos\u201d.<\/p>\n\n\n\n<p>La Ley Dominga garantiza el derecho de las mujeres y personas gestantes, junto a sus familias, a recibir un acompa\u00f1amiento integral, digno y respetuoso frente a la p\u00e9rdida gestacional, perinatal o neonatal. Esta normativa establece un enfoque de atenci\u00f3n humanizada en la red de salud, promoviendo el apoyo psicosocial, el respeto por el proceso de duelo y la entrega de herramientas que permitan reconocer y resignificar la existencia del hijo o hija fallecido.<\/p>\n\n\n\n<p>Por lo tanto, esta iniciativa refuerza el compromiso del Hospital de Rengo y su Consejo de Desarrollo con una atenci\u00f3n integral, emp\u00e1tica y centrada en las personas, fortaleciendo el acompa\u00f1amiento en momentos de especial vulnerabilidad emocional.<\/p>\n","protected":false},"excerpt":{"rendered":"Son 10 cajas en total, las cuales se entregan a madres y padres que han vivido la p\u00e9rdida&hellip;\n","protected":false},"author":1,"featured_media":8685,"comment_status":"open","ping_status":"open","sticky":false,"template":"","format":"standard","meta":{"_monsterinsights_skip_tracking":false,"_monsterinsights_sitenote_active":false,"_monsterinsights_sitenote_note":"","_monsterinsights_sitenote_category":0,"footnotes":""},"categories":[8],"tags":[],"class_list":{"0":"post-8684","1":"post","2":"type-post","3":"status-publish","4":"format-standard","5":"has-post-thumbnail","7":"category-portada"},"aioseo_notices":[],"_links":{"self":[{"href":"https:\/\/www.rengoenlanoticia.cl\/prensa\/wp-json\/wp\/v2\/posts\/8684","targetHints":{"allow":["GET"]}}],"collection":[{"href":"https:\/\/www.rengoenlanoticia.cl\/prensa\/wp-json\/wp\/v2\/posts"}],"about":[{"href":"https:\/\/www.rengoenlanoticia.cl\/prensa\/wp-json\/wp\/v2\/types\/post"}],"author":[{"embeddable":true,"href":"https:\/\/www.rengoenlanoticia.cl\/prensa\/wp-json\/wp\/v2\/users\/1"}],"replies":[{"embeddable":true,"href":"https:\/\/www.rengoenlanoticia.cl\/prensa\/wp-json\/wp\/v2\/comments?post=8684"}],"version-history":[{"count":3,"href":"https:\/\/www.rengoenlanoticia.cl\/prensa\/wp-json\/wp\/v2\/posts\/8684\/revisions"}],"predecessor-version":[{"id":8697,"href":"https:\/\/www.rengoenlanoticia.cl\/prensa\/wp-json\/wp\/v2\/posts\/8684\/revisions\/8697"}],"wp:featuredmedia":[{"embeddable":true,"href":"https:\/\/www.rengoenlanoticia.cl\/prensa\/wp-json\/wp\/v2\/media\/8685"}],"wp:attachment":[{"href":"https:\/\/www.rengoenlanoticia.cl\/prensa\/wp-json\/wp\/v2\/media?parent=8684"}],"wp:term":[{"taxonomy":"category","embeddable":true,"href":"https:\/\/www.rengoenlanoticia.cl\/prensa\/wp-json\/wp\/v2\/categories?post=8684"},{"taxonomy":"post_tag","embeddable":true,"href":"https:\/\/www.rengoenlanoticia.cl\/prensa\/wp-json\/wp\/v2\/tags?post=8684"}],"curies":[{"name":"wp","href":"https:\/\/api.w.org\/{rel}","templated":true}]}}