{"id":8682,"date":"2026-01-08T15:09:59","date_gmt":"2026-01-08T15:09:59","guid":{"rendered":"https:\/\/www.rengoenlanoticia.cl\/prensa\/?p=8682"},"modified":"2026-01-08T15:10:02","modified_gmt":"2026-01-08T15:10:02","slug":"rebaja-en-cuentas-de-la-luz-senador-castro-exige-claridad-total-sobre-descuentos-que-se-aplicaran-este-semestre","status":"publish","type":"post","link":"https:\/\/www.rengoenlanoticia.cl\/prensa\/2026\/01\/08\/rebaja-en-cuentas-de-la-luz-senador-castro-exige-claridad-total-sobre-descuentos-que-se-aplicaran-este-semestre\/","title":{"rendered":"Rebaja en cuentas de la luz: senador Castro exige claridad total sobre descuentos que se aplicar\u00e1n este semestre"},"content":{"rendered":"\n<p><em>Las deducciones comenzar\u00e1n a reflejarse en las boletas desde enero, con montos distintos seg\u00fan comuna y estructura tarifaria.<\/em><\/p>\n\n\n\n<p>A solicitud del senador por la regi\u00f3n de O\u2019Higgins, Juan Luis Castro, la Comisi\u00f3n de Miner\u00eda y Energ\u00eda del Senado recibi\u00f3 este mi\u00e9rcoles al Ministerio de Energ\u00eda y a la Comisi\u00f3n Nacional de Energ\u00eda (CNE), quienes expusieron los antecedentes sobre la implementaci\u00f3n de la rebaja tarifaria en las cuentas de suministro el\u00e9ctrico, luego de los graves errores detectados durante 2025 .<\/p>\n\n\n\n<p>Al abrir la sesi\u00f3n, el senador Castro contextualiz\u00f3 el debate se\u00f1alando que \u201cel a\u00f1o pasado culmin\u00f3 en materia energ\u00e9tica con una grave conflictividad, que deriv\u00f3 en la renuncia del ministro de Energ\u00eda, y que tuvo que ver con dos problemas muy graves: los errores en los cargos de transmisi\u00f3n y en los cargos de energ\u00eda\u201d. Precis\u00f3 que uno de estos se origin\u00f3 en el \u00e1mbito de la empresa Transelec, mientras que el otro correspondi\u00f3 a un doble cobro por IPC asociado a c\u00e1lculos de la propia CNE.<\/p>\n\n\n\n<p>El parlamentario advirti\u00f3 que esta situaci\u00f3n gener\u00f3 \u201cun descalabro pol\u00edtico y social importante, en un contexto de alza tarifaria producto del descongelamiento de precios que ven\u00eda del a\u00f1o anterior\u201d, afectando directamente a miles de familias. En ese marco, explic\u00f3 que su principal motivaci\u00f3n al solicitar la sesi\u00f3n fue clarificar la informaci\u00f3n, ya que \u201cla ciudadan\u00eda entiende poco los detalles de c\u00f3mo vienen estas rebajas, de d\u00f3nde provienen y c\u00f3mo se van a aplicar\u201d.<\/p>\n\n\n\n<p>Castro subray\u00f3 que las devoluciones que comenzar\u00e1n a reflejarse en las cuentas el\u00e9ctricas provienen de dos problemas distintos, con mecanismos, fases e itinerarios tambi\u00e9n diferentes, y que adem\u00e1s su impacto no ser\u00e1 homog\u00e9neo entre regiones. \u201cHay cargos cuya distribuci\u00f3n es desigual en cuanto a la afectaci\u00f3n regional, y eso debe explicarse con total transparencia\u201d, sostuvo.<\/p>\n\n\n\n<p>Seg\u00fan lo expuesto por el Ejecutivo y la Comisi\u00f3n Nacional de Energ\u00eda, las devoluciones comenzar\u00e1n a reflejarse en las cuentas el\u00e9ctricas a partir de fines de enero de 2026 y durante el primer semestre del a\u00f1o, mediante descuentos autom\u00e1ticos en las boletas. Estas rebajas no ser\u00e1n homog\u00e9neas, ya que depender\u00e1n de la estructura tarifaria de cada comuna, con reducciones que en promedio fluctuar\u00e1n entre un 3% y valores cercanos al 7%, seg\u00fan regi\u00f3n y tipo de cargo corregido.<\/p>\n\n\n\n<p>Posteriormente, el senador Castro enfatiz\u00f3 que esta situaci\u00f3n exige una comunicaci\u00f3n clara y fiscalizable por parte de las autoridades. \u201cEsto tiene que precisarlo muy bien la Superintendencia de Electricidad y la Comisi\u00f3n Nacional de Energ\u00eda, porque no va a ser parejo para todos. Pese a que los n\u00fameros no son demasiado ostentosos, se requiere una claridad meridiana en la informaci\u00f3n al p\u00fablico\u201d, afirm\u00f3.<\/p>\n\n\n\n<p>En esa l\u00ednea, valor\u00f3 que se haya instruido a las empresas distribuidoras a incorporar mensajes expl\u00edcitos en las boletas el\u00e9ctricas, pero recalc\u00f3 que el foco debe estar en que las personas puedan controlar, fiscalizar y exigir sus derechos. \u201cLa gente hoy desconoce qu\u00e9 va a pasar. Por eso hemos exigido claridad en la boleta, para que a fin de mes nadie reciba informaci\u00f3n confusa o equivocada respecto a una devoluci\u00f3n que busca corregir cobros indebidos en una tarifa que ya es demasiado cara\u201d, concluy\u00f3.<\/p>\n","protected":false},"excerpt":{"rendered":"Las deducciones comenzar\u00e1n a reflejarse en las boletas desde enero, con montos distintos seg\u00fan comuna y estructura tarifaria.&hellip;\n","protected":false},"author":1,"featured_media":8683,"comment_status":"open","ping_status":"open","sticky":false,"template":"","format":"standard","meta":{"_monsterinsights_skip_tracking":false,"_monsterinsights_sitenote_active":false,"_monsterinsights_sitenote_note":"","_monsterinsights_sitenote_category":0,"footnotes":""},"categories":[11,8],"tags":[],"class_list":{"0":"post-8682","1":"post","2":"type-post","3":"status-publish","4":"format-standard","5":"has-post-thumbnail","7":"category-politica","8":"category-portada"},"aioseo_notices":[],"_links":{"self":[{"href":"https:\/\/www.rengoenlanoticia.cl\/prensa\/wp-json\/wp\/v2\/posts\/8682","targetHints":{"allow":["GET"]}}],"collection":[{"href":"https:\/\/www.rengoenlanoticia.cl\/prensa\/wp-json\/wp\/v2\/posts"}],"about":[{"href":"https:\/\/www.rengoenlanoticia.cl\/prensa\/wp-json\/wp\/v2\/types\/post"}],"author":[{"embeddable":true,"href":"https:\/\/www.rengoenlanoticia.cl\/prensa\/wp-json\/wp\/v2\/users\/1"}],"replies":[{"embeddable":true,"href":"https:\/\/www.rengoenlanoticia.cl\/prensa\/wp-json\/wp\/v2\/comments?post=8682"}],"version-history":[{"count":3,"href":"https:\/\/www.rengoenlanoticia.cl\/prensa\/wp-json\/wp\/v2\/posts\/8682\/revisions"}],"predecessor-version":[{"id":8698,"href":"https:\/\/www.rengoenlanoticia.cl\/prensa\/wp-json\/wp\/v2\/posts\/8682\/revisions\/8698"}],"wp:featuredmedia":[{"embeddable":true,"href":"https:\/\/www.rengoenlanoticia.cl\/prensa\/wp-json\/wp\/v2\/media\/8683"}],"wp:attachment":[{"href":"https:\/\/www.rengoenlanoticia.cl\/prensa\/wp-json\/wp\/v2\/media?parent=8682"}],"wp:term":[{"taxonomy":"category","embeddable":true,"href":"https:\/\/www.rengoenlanoticia.cl\/prensa\/wp-json\/wp\/v2\/categories?post=8682"},{"taxonomy":"post_tag","embeddable":true,"href":"https:\/\/www.rengoenlanoticia.cl\/prensa\/wp-json\/wp\/v2\/tags?post=8682"}],"curies":[{"name":"wp","href":"https:\/\/api.w.org\/{rel}","templated":true}]}}