{"id":8662,"date":"2026-01-05T19:20:25","date_gmt":"2026-01-05T19:20:25","guid":{"rendered":"https:\/\/www.rengoenlanoticia.cl\/prensa\/?p=8662"},"modified":"2026-01-05T19:20:27","modified_gmt":"2026-01-05T19:20:27","slug":"carabineros-de-rengo-refuerzan-prevencion-de-incendios-forestales-con-despliegue-en-rinconada-de-malambo","status":"publish","type":"post","link":"https:\/\/www.rengoenlanoticia.cl\/prensa\/2026\/01\/05\/carabineros-de-rengo-refuerzan-prevencion-de-incendios-forestales-con-despliegue-en-rinconada-de-malambo\/","title":{"rendered":"Carabineros de Rengo refuerzan prevenci\u00f3n de incendios forestales con despliegue en Rinconada de Malambo"},"content":{"rendered":"\n<p><br>En el inicio de este a\u00f1o <strong>2026<\/strong>, y en el marco del permanente trabajo preventivo que desarrolla Carabineros de Chile, personal de la <strong>Oficina de Integraci\u00f3n Comunitaria (OIC) de la 4\u00aa Comisar\u00eda de Rengo<\/strong> realiz\u00f3 un despliegue territorial en el <strong>sector Rinconada de Malambo<\/strong>, con el objetivo de <strong>fortalecer la prevenci\u00f3n de incendios forestales<\/strong> durante la temporada estival.<\/p>\n\n\n\n<p>La actividad se centr\u00f3 en el <strong>acercamiento directo con vecinos y residentes del sector<\/strong>, instancia en la cual Carabineros entreg\u00f3 <strong>recomendaciones preventivas y material informativo<\/strong>, orientado a reducir conductas de riesgo que puedan provocar incendios, especialmente en zonas rurales y de interfaz urbano-forestal, donde la propagaci\u00f3n del fuego puede generar graves consecuencias para las personas, viviendas y el medio ambiente.<\/p>\n\n\n\n<figure class=\"wp-block-image size-full\"><img loading=\"lazy\" decoding=\"async\" width=\"747\" height=\"675\" src=\"https:\/\/www.rengoenlanoticia.cl\/prensa\/wp-content\/uploads\/2026\/01\/WhatsApp-Image-2026-01-02-at-12.59.02-2.jpeg\" alt=\"\" class=\"wp-image-8664\" srcset=\"https:\/\/www.rengoenlanoticia.cl\/prensa\/wp-content\/uploads\/2026\/01\/WhatsApp-Image-2026-01-02-at-12.59.02-2.jpeg 747w, https:\/\/www.rengoenlanoticia.cl\/prensa\/wp-content\/uploads\/2026\/01\/WhatsApp-Image-2026-01-02-at-12.59.02-2-300x271.jpeg 300w, https:\/\/www.rengoenlanoticia.cl\/prensa\/wp-content\/uploads\/2026\/01\/WhatsApp-Image-2026-01-02-at-12.59.02-2-110x99.jpeg 110w, https:\/\/www.rengoenlanoticia.cl\/prensa\/wp-content\/uploads\/2026\/01\/WhatsApp-Image-2026-01-02-at-12.59.02-2-200x181.jpeg 200w, https:\/\/www.rengoenlanoticia.cl\/prensa\/wp-content\/uploads\/2026\/01\/WhatsApp-Image-2026-01-02-at-12.59.02-2-380x343.jpeg 380w, https:\/\/www.rengoenlanoticia.cl\/prensa\/wp-content\/uploads\/2026\/01\/WhatsApp-Image-2026-01-02-at-12.59.02-2-255x230.jpeg 255w, https:\/\/www.rengoenlanoticia.cl\/prensa\/wp-content\/uploads\/2026\/01\/WhatsApp-Image-2026-01-02-at-12.59.02-2-550x497.jpeg 550w\" sizes=\"auto, (max-width: 747px) 100vw, 747px\" \/><\/figure>\n\n\n\n<p>Entre las principales recomendaciones difundidas se incluy\u00f3 la <strong>prohibici\u00f3n de realizar quemas no autorizadas<\/strong>, el adecuado manejo de residuos, la limpieza de maleza y material combustible en los alrededores de viviendas, el uso responsable de herramientas que generen chispas y la importancia de <strong>denunciar oportunamente cualquier foco de incendio o situaci\u00f3n sospechosa<\/strong> a los n\u00fameros de emergencia.<\/p>\n\n\n\n<p>Asimismo, el personal de la OIC reforz\u00f3 el llamado a la <strong>corresponsabilidad comunitaria<\/strong>, destacando que la prevenci\u00f3n es una tarea conjunta entre autoridades y ciudadan\u00eda, e hizo \u00e9nfasis en la necesidad de mantener una comunicaci\u00f3n permanente con Carabineros ante cualquier emergencia o requerimiento de orientaci\u00f3n.<\/p>\n\n\n\n<figure class=\"wp-block-image size-full\"><img loading=\"lazy\" decoding=\"async\" width=\"747\" height=\"632\" src=\"https:\/\/www.rengoenlanoticia.cl\/prensa\/wp-content\/uploads\/2026\/01\/WhatsApp-Image-2026-01-02-at-12.59.02.jpeg\" alt=\"\" class=\"wp-image-8665\" srcset=\"https:\/\/www.rengoenlanoticia.cl\/prensa\/wp-content\/uploads\/2026\/01\/WhatsApp-Image-2026-01-02-at-12.59.02.jpeg 747w, https:\/\/www.rengoenlanoticia.cl\/prensa\/wp-content\/uploads\/2026\/01\/WhatsApp-Image-2026-01-02-at-12.59.02-300x254.jpeg 300w, https:\/\/www.rengoenlanoticia.cl\/prensa\/wp-content\/uploads\/2026\/01\/WhatsApp-Image-2026-01-02-at-12.59.02-110x93.jpeg 110w, https:\/\/www.rengoenlanoticia.cl\/prensa\/wp-content\/uploads\/2026\/01\/WhatsApp-Image-2026-01-02-at-12.59.02-200x169.jpeg 200w, https:\/\/www.rengoenlanoticia.cl\/prensa\/wp-content\/uploads\/2026\/01\/WhatsApp-Image-2026-01-02-at-12.59.02-380x321.jpeg 380w, https:\/\/www.rengoenlanoticia.cl\/prensa\/wp-content\/uploads\/2026\/01\/WhatsApp-Image-2026-01-02-at-12.59.02-255x216.jpeg 255w, https:\/\/www.rengoenlanoticia.cl\/prensa\/wp-content\/uploads\/2026\/01\/WhatsApp-Image-2026-01-02-at-12.59.02-550x465.jpeg 550w\" sizes=\"auto, (max-width: 747px) 100vw, 747px\" \/><\/figure>\n\n\n\n<p>Este despliegue preventivo forma parte de las acciones planificadas por la <strong>4\u00aa Comisar\u00eda de Rengo<\/strong> para enfrentar de manera anticipada los riesgos propios del verano, reafirmando el compromiso institucional de <strong>proteger la seguridad, la vida de las personas y el entorno natural<\/strong>, especialmente en sectores rurales de la comuna.<\/p>\n","protected":false},"excerpt":{"rendered":"En el inicio de este a\u00f1o 2026, y en el marco del permanente trabajo preventivo que desarrolla Carabineros&hellip;\n","protected":false},"author":2,"featured_media":8666,"comment_status":"open","ping_status":"open","sticky":false,"template":"","format":"standard","meta":{"_monsterinsights_skip_tracking":false,"_monsterinsights_sitenote_active":false,"_monsterinsights_sitenote_note":"","_monsterinsights_sitenote_category":0,"footnotes":""},"categories":[5,8],"tags":[],"class_list":{"0":"post-8662","1":"post","2":"type-post","3":"status-publish","4":"format-standard","5":"has-post-thumbnail","7":"category-policial","8":"category-portada"},"aioseo_notices":[],"_links":{"self":[{"href":"https:\/\/www.rengoenlanoticia.cl\/prensa\/wp-json\/wp\/v2\/posts\/8662","targetHints":{"allow":["GET"]}}],"collection":[{"href":"https:\/\/www.rengoenlanoticia.cl\/prensa\/wp-json\/wp\/v2\/posts"}],"about":[{"href":"https:\/\/www.rengoenlanoticia.cl\/prensa\/wp-json\/wp\/v2\/types\/post"}],"author":[{"embeddable":true,"href":"https:\/\/www.rengoenlanoticia.cl\/prensa\/wp-json\/wp\/v2\/users\/2"}],"replies":[{"embeddable":true,"href":"https:\/\/www.rengoenlanoticia.cl\/prensa\/wp-json\/wp\/v2\/comments?post=8662"}],"version-history":[{"count":3,"href":"https:\/\/www.rengoenlanoticia.cl\/prensa\/wp-json\/wp\/v2\/posts\/8662\/revisions"}],"predecessor-version":[{"id":8669,"href":"https:\/\/www.rengoenlanoticia.cl\/prensa\/wp-json\/wp\/v2\/posts\/8662\/revisions\/8669"}],"wp:featuredmedia":[{"embeddable":true,"href":"https:\/\/www.rengoenlanoticia.cl\/prensa\/wp-json\/wp\/v2\/media\/8666"}],"wp:attachment":[{"href":"https:\/\/www.rengoenlanoticia.cl\/prensa\/wp-json\/wp\/v2\/media?parent=8662"}],"wp:term":[{"taxonomy":"category","embeddable":true,"href":"https:\/\/www.rengoenlanoticia.cl\/prensa\/wp-json\/wp\/v2\/categories?post=8662"},{"taxonomy":"post_tag","embeddable":true,"href":"https:\/\/www.rengoenlanoticia.cl\/prensa\/wp-json\/wp\/v2\/tags?post=8662"}],"curies":[{"name":"wp","href":"https:\/\/api.w.org\/{rel}","templated":true}]}}