{"id":8651,"date":"2026-01-05T19:02:38","date_gmt":"2026-01-05T19:02:38","guid":{"rendered":"https:\/\/www.rengoenlanoticia.cl\/prensa\/?p=8651"},"modified":"2026-01-05T19:06:42","modified_gmt":"2026-01-05T19:06:42","slug":"carabineros-detiene-a-ciudadano-extranjero-por-presunto-delito-de-violacion-en-rancagua","status":"publish","type":"post","link":"https:\/\/www.rengoenlanoticia.cl\/prensa\/2026\/01\/05\/carabineros-detiene-a-ciudadano-extranjero-por-presunto-delito-de-violacion-en-rancagua\/","title":{"rendered":"Carabineros detiene a ciudadano extranjero por presunto delito de violaci\u00f3n en Rancagua"},"content":{"rendered":"\n<p>Carabineros de Chile inform\u00f3 la detenci\u00f3n de un ciudadano extranjero por su presunta responsabilidad en el delito de violaci\u00f3n, hecho que se encuentra actualmente bajo investigaci\u00f3n del Ministerio P\u00fablico.<\/p>\n\n\n\n<p>El procedimiento fue llevado a cabo por personal de la <strong>Secci\u00f3n de Investigaci\u00f3n Policial (SIP) de la 1\u00aa Comisar\u00eda de Rancagua<\/strong>, luego de recepcionarse una denuncia que dio inicio a diversas diligencias investigativas. Estas acciones se realizaron en coordinaci\u00f3n con la Fiscal\u00eda, lo que permiti\u00f3 reunir antecedentes relevantes para dar con el paradero del imputado.<\/p>\n\n\n\n<p>Gracias al trabajo policial, el sujeto fue ubicado y <strong>detenido de manera inmediata<\/strong>, siendo identificado con las iniciales <strong>A.R.N.<\/strong>, de <strong>nacionalidad venezolana<\/strong>, <strong>55 a\u00f1os de edad<\/strong>.<\/p>\n\n\n\n<p>El detenido fue puesto a disposici\u00f3n del <strong>Ministerio P\u00fablico<\/strong>, quedando a la espera de su <strong>control de detenci\u00f3n y formalizaci\u00f3n de cargos<\/strong>, instancia en la que se determinar\u00e1n las medidas cautelares correspondientes.<\/p>\n\n\n\n<p>Desde Carabineros reiteraron el llamado a <strong>denunciar oportunamente este tipo de delitos<\/strong>, destacando la importancia de la colaboraci\u00f3n ciudadana para el esclarecimiento de hechos graves y la protecci\u00f3n de las v\u00edctimas. Asimismo, recalcaron su compromiso con la investigaci\u00f3n rigurosa y el trabajo coordinado con las instituciones judiciales para enfrentar delitos de alta connotaci\u00f3n social.<\/p>\n","protected":false},"excerpt":{"rendered":"Carabineros de Chile inform\u00f3 la detenci\u00f3n de un ciudadano extranjero por su presunta responsabilidad en el delito de&hellip;\n","protected":false},"author":2,"featured_media":8652,"comment_status":"open","ping_status":"open","sticky":false,"template":"","format":"standard","meta":{"_monsterinsights_skip_tracking":false,"_monsterinsights_sitenote_active":false,"_monsterinsights_sitenote_note":"","_monsterinsights_sitenote_category":0,"footnotes":""},"categories":[5,8],"tags":[],"class_list":{"0":"post-8651","1":"post","2":"type-post","3":"status-publish","4":"format-standard","5":"has-post-thumbnail","7":"category-policial","8":"category-portada"},"aioseo_notices":[],"_links":{"self":[{"href":"https:\/\/www.rengoenlanoticia.cl\/prensa\/wp-json\/wp\/v2\/posts\/8651","targetHints":{"allow":["GET"]}}],"collection":[{"href":"https:\/\/www.rengoenlanoticia.cl\/prensa\/wp-json\/wp\/v2\/posts"}],"about":[{"href":"https:\/\/www.rengoenlanoticia.cl\/prensa\/wp-json\/wp\/v2\/types\/post"}],"author":[{"embeddable":true,"href":"https:\/\/www.rengoenlanoticia.cl\/prensa\/wp-json\/wp\/v2\/users\/2"}],"replies":[{"embeddable":true,"href":"https:\/\/www.rengoenlanoticia.cl\/prensa\/wp-json\/wp\/v2\/comments?post=8651"}],"version-history":[{"count":3,"href":"https:\/\/www.rengoenlanoticia.cl\/prensa\/wp-json\/wp\/v2\/posts\/8651\/revisions"}],"predecessor-version":[{"id":8659,"href":"https:\/\/www.rengoenlanoticia.cl\/prensa\/wp-json\/wp\/v2\/posts\/8651\/revisions\/8659"}],"wp:featuredmedia":[{"embeddable":true,"href":"https:\/\/www.rengoenlanoticia.cl\/prensa\/wp-json\/wp\/v2\/media\/8652"}],"wp:attachment":[{"href":"https:\/\/www.rengoenlanoticia.cl\/prensa\/wp-json\/wp\/v2\/media?parent=8651"}],"wp:term":[{"taxonomy":"category","embeddable":true,"href":"https:\/\/www.rengoenlanoticia.cl\/prensa\/wp-json\/wp\/v2\/categories?post=8651"},{"taxonomy":"post_tag","embeddable":true,"href":"https:\/\/www.rengoenlanoticia.cl\/prensa\/wp-json\/wp\/v2\/tags?post=8651"}],"curies":[{"name":"wp","href":"https:\/\/api.w.org\/{rel}","templated":true}]}}