{"id":8630,"date":"2026-01-05T18:31:49","date_gmt":"2026-01-05T18:31:49","guid":{"rendered":"https:\/\/www.rengoenlanoticia.cl\/prensa\/?p=8630"},"modified":"2026-01-05T18:38:59","modified_gmt":"2026-01-05T18:38:59","slug":"cchc-ohiggins-destaca-compromiso-de-sus-socios-con-el-plan-de-emergencia-habitacional-y-el-desarrollo-regional","status":"publish","type":"post","link":"https:\/\/www.rengoenlanoticia.cl\/prensa\/2026\/01\/05\/cchc-ohiggins-destaca-compromiso-de-sus-socios-con-el-plan-de-emergencia-habitacional-y-el-desarrollo-regional\/","title":{"rendered":"CChC O\u2019Higgins destaca compromiso de sus socios con el Plan de Emergencia Habitacional y el desarrollo regional"},"content":{"rendered":"\n<p>La CChC O\u2019Higgins destaca el firme compromiso y aporte sostenido de sus socios al Plan de Emergencia Habitacional, iniciativa impulsada por el Gobierno, que ha permitido avanzar en la reducci\u00f3n del d\u00e9ficit habitacional y logrando la meta regional de 14.667 viviendas entregadas.&nbsp;<\/p>\n\n\n\n<p>Desde el gremio resaltaron que este avance ha sido posible gracias al trabajo colaborativo de&nbsp;empresas constructoras, proveedores, entidades patrocinantes, empresas de suministros b\u00e1sicos y empresas vinculadas al sector, quienes han puesto su capacidad t\u00e9cnica y operativa al servicio de un objetivo prioritario para O\u2019Higgins: entregar soluciones habitacionales oportunas y de calidad a las familias.<\/p>\n\n\n\n<p>En el marco del Plan de Emergencia Habitacional, la meta regional consideraba la construcci\u00f3n de 14.667 viviendas. En este contexto, las empresas socias de la CChC O\u2019Higgins han desarrollado&nbsp;<strong>6.928 viviendas, correspondientes a 61 proyectos habitacionales<\/strong>&nbsp;emplazados en distintas comunas de la regi\u00f3n, entre ellas Las Cabras, Nancagua y Graneros.<strong><\/strong><\/p>\n\n\n\n<p>\u201cEste trabajo demuestra que nuestros socios no solo construyen viviendas, sino que tambi\u00e9n construyen desarrollo para la regi\u00f3n.<\/p>\n\n\n\n<p>&nbsp;Queremos reconocer el compromiso concreto con las personas, con el empleo local y con el crecimiento sostenible de O\u2019Higgins, estas cifras son el reflejo del activo rol que asume el gremio en la regi\u00f3n. Enfatizo que este logro tambi\u00e9n es por el trabajo constante con el sector p\u00fablico, en sus reuniones mensuales de nudos cr\u00edticos con MINVU. La articulaci\u00f3n p\u00fablico-privado debe permanecer y consolidarse, ya que es necesaria para optimizar procesos\u201d. Se\u00f1al\u00f3 el presidente regional, Francisco Donoso Tagle.<\/p>\n\n\n\n<p>La CChC O\u2019Higgins reafirm\u00f3 su disposici\u00f3n a seguir colaborando activamente con las autoridades y actores regionales, manteniendo al sector como un aliado estrat\u00e9gico en la disminuci\u00f3n del d\u00e9ficit de viviendas y en el impulso de la generaci\u00f3n de empleo y desarrollo regional.<\/p>\n\n\n\n<p><strong>Agradecimientos a las empresas socias de la CChC O\u00b4Higgins<\/strong>:<\/p>\n\n\n\n<p>\u00b7&nbsp;&nbsp;&nbsp;&nbsp;&nbsp;&nbsp;&nbsp;&nbsp;&nbsp;Inmobiliaria e Inversiones Baker SpA.<\/p>\n\n\n\n<p>\u00b7&nbsp;&nbsp;&nbsp;&nbsp;&nbsp;&nbsp;&nbsp;&nbsp;&nbsp;Constructora JGG.<\/p>\n\n\n\n<p>\u00b7&nbsp;&nbsp;&nbsp;&nbsp;&nbsp;&nbsp;&nbsp;&nbsp;&nbsp;Sociedad ingenier\u00eda y Construcci\u00f3n Vipalco Ltda.<\/p>\n\n\n\n<p>\u00b7&nbsp;&nbsp;&nbsp;&nbsp;&nbsp;&nbsp;&nbsp;&nbsp;&nbsp;Constructora e Inmobiliaria CDI.<\/p>\n\n\n\n<p>\u00b7&nbsp;&nbsp;&nbsp;&nbsp;&nbsp;&nbsp;&nbsp;&nbsp;&nbsp;Constructora Malpo SpA.<\/p>\n\n\n\n<p>\u00b7&nbsp;&nbsp;&nbsp;&nbsp;&nbsp;&nbsp;&nbsp;&nbsp;&nbsp;Inmobiliaria Acacios Ltda.<\/p>\n\n\n\n<p>\u00b7&nbsp;&nbsp;&nbsp;&nbsp;&nbsp;&nbsp;&nbsp;&nbsp;&nbsp;Constructora Pacal S.A.<\/p>\n\n\n\n<p>\u00b7&nbsp;&nbsp;&nbsp;&nbsp;&nbsp;&nbsp;&nbsp;&nbsp;&nbsp;Constructora Santo Domingo Ltda.<\/p>\n\n\n\n<p>\u00b7&nbsp;&nbsp;&nbsp;&nbsp;&nbsp;&nbsp;&nbsp;&nbsp;&nbsp;ISIETE Constructora SpA.<\/p>\n\n\n\n<p>\u00b7&nbsp;&nbsp;&nbsp;&nbsp;&nbsp;&nbsp;&nbsp;&nbsp;&nbsp;Inmobiliaria Magua Ltda.<\/p>\n\n\n\n<p>\u00b7&nbsp;&nbsp;&nbsp;&nbsp;&nbsp;&nbsp;&nbsp;&nbsp;&nbsp;Inmobiliaria y Constructora Insoc Ltda.<\/p>\n\n\n\n<p>\u00b7&nbsp;&nbsp;&nbsp;&nbsp;&nbsp;&nbsp;&nbsp;&nbsp;&nbsp;Constructora CBL SpA.<\/p>\n\n\n\n<p>\u00b7&nbsp;&nbsp;&nbsp;&nbsp;&nbsp;&nbsp;&nbsp;&nbsp;&nbsp;Conavicoop Ltda.<\/p>\n\n\n\n<p>\u00b7&nbsp;&nbsp;&nbsp;&nbsp;&nbsp;&nbsp;&nbsp;&nbsp;&nbsp;Sociedad de Transportes y Servicios Maval Ltda.<\/p>\n\n\n\n<p>\u00b7&nbsp;&nbsp;&nbsp;&nbsp;&nbsp;&nbsp;&nbsp;&nbsp;&nbsp;La Cruz Inmobiliaria y Constructora S.A.<\/p>\n\n\n\n<p>\u00b7&nbsp;&nbsp;&nbsp;&nbsp;&nbsp;&nbsp;&nbsp;&nbsp;&nbsp;Man\u00e1 Ingenier\u00eda y Construcci\u00f3n Ltda.<\/p>\n\n\n\n<p>\u00b7&nbsp;&nbsp;&nbsp;&nbsp;&nbsp;&nbsp;&nbsp;&nbsp;&nbsp;Constructora IMB SpA.<\/p>\n\n\n\n<p>\u00b7&nbsp;&nbsp;&nbsp;&nbsp;&nbsp;&nbsp;&nbsp;&nbsp;&nbsp;Inmobiliaria San Marcos SpA.<\/p>\n\n\n\n<p>\u00b7&nbsp;&nbsp;&nbsp;&nbsp;&nbsp;&nbsp;&nbsp;&nbsp;&nbsp;Constructora Prodelco.&nbsp;<\/p>\n","protected":false},"excerpt":{"rendered":"La CChC O\u2019Higgins destaca el firme compromiso y aporte sostenido de sus socios al Plan de Emergencia Habitacional,&hellip;\n","protected":false},"author":1,"featured_media":8631,"comment_status":"open","ping_status":"open","sticky":false,"template":"","format":"standard","meta":{"_monsterinsights_skip_tracking":false,"_monsterinsights_sitenote_active":false,"_monsterinsights_sitenote_note":"","_monsterinsights_sitenote_category":0,"footnotes":""},"categories":[8],"tags":[],"class_list":{"0":"post-8630","1":"post","2":"type-post","3":"status-publish","4":"format-standard","5":"has-post-thumbnail","7":"category-portada"},"aioseo_notices":[],"_links":{"self":[{"href":"https:\/\/www.rengoenlanoticia.cl\/prensa\/wp-json\/wp\/v2\/posts\/8630","targetHints":{"allow":["GET"]}}],"collection":[{"href":"https:\/\/www.rengoenlanoticia.cl\/prensa\/wp-json\/wp\/v2\/posts"}],"about":[{"href":"https:\/\/www.rengoenlanoticia.cl\/prensa\/wp-json\/wp\/v2\/types\/post"}],"author":[{"embeddable":true,"href":"https:\/\/www.rengoenlanoticia.cl\/prensa\/wp-json\/wp\/v2\/users\/1"}],"replies":[{"embeddable":true,"href":"https:\/\/www.rengoenlanoticia.cl\/prensa\/wp-json\/wp\/v2\/comments?post=8630"}],"version-history":[{"count":3,"href":"https:\/\/www.rengoenlanoticia.cl\/prensa\/wp-json\/wp\/v2\/posts\/8630\/revisions"}],"predecessor-version":[{"id":8648,"href":"https:\/\/www.rengoenlanoticia.cl\/prensa\/wp-json\/wp\/v2\/posts\/8630\/revisions\/8648"}],"wp:featuredmedia":[{"embeddable":true,"href":"https:\/\/www.rengoenlanoticia.cl\/prensa\/wp-json\/wp\/v2\/media\/8631"}],"wp:attachment":[{"href":"https:\/\/www.rengoenlanoticia.cl\/prensa\/wp-json\/wp\/v2\/media?parent=8630"}],"wp:term":[{"taxonomy":"category","embeddable":true,"href":"https:\/\/www.rengoenlanoticia.cl\/prensa\/wp-json\/wp\/v2\/categories?post=8630"},{"taxonomy":"post_tag","embeddable":true,"href":"https:\/\/www.rengoenlanoticia.cl\/prensa\/wp-json\/wp\/v2\/tags?post=8630"}],"curies":[{"name":"wp","href":"https:\/\/api.w.org\/{rel}","templated":true}]}}