{"id":8624,"date":"2026-01-05T18:39:04","date_gmt":"2026-01-05T18:39:04","guid":{"rendered":"https:\/\/www.rengoenlanoticia.cl\/prensa\/?p=8624"},"modified":"2026-01-05T18:39:10","modified_gmt":"2026-01-05T18:39:10","slug":"chile-crece-mas-consolida-implementacion-de-politica-de-ninez-en-la-region","status":"publish","type":"post","link":"https:\/\/www.rengoenlanoticia.cl\/prensa\/2026\/01\/05\/chile-crece-mas-consolida-implementacion-de-politica-de-ninez-en-la-region\/","title":{"rendered":"Chile Crece M\u00e1s consolida implementaci\u00f3n de pol\u00edtica de ni\u00f1ez en la regi\u00f3n"},"content":{"rendered":"\n<p><strong>Tras la instalaci\u00f3n de las Oficinas Locales de la Ni\u00f1ez en las 33 comunas; la realizaci\u00f3n del Encuentro Regional de Consejo Consultivo de ni\u00f1os, ni\u00f1as y adolescentes en Sewell y la conformaci\u00f3n de estos consejos a nivel comunal, Chile Crece M\u00e1s avanz\u00f3 exitosamente este 2025 en garant\u00edas y protecci\u00f3n integral de los Derechos de la Ni\u00f1ez y Adolescencia en O\u2019Higgins.<\/strong><\/p>\n\n\n\n<p>La ley N\u00b0\u200a21.430, sobre Garant\u00edas y Protecci\u00f3n Integral de Los Derechos de la Ni\u00f1ez y Adolescencia, promulgada en el Gobierno del Presidente Gabriel Boric, crea el sistema de protecci\u00f3n Integral \u201cChile Crece M\u00e1s\u201d, que mandata la creaci\u00f3n de Consejos Consultivos de Ni\u00f1os, Ni\u00f1as y Adolescentes en todas las comunas del pa\u00eds, a trav\u00e9s de las Oficinas Locales de la Ni\u00f1ez (OLN).<\/p>\n\n\n\n<p>En el marco de esta nueva institucionalidad, se han generado diferentes avances en esta materia, dados a conocer en la Cuenta P\u00fablica 2025 del Consejo Consultivo Nacional de Ni\u00f1os, Ni\u00f1as y Adolescentes, &nbsp;realizada en el Palacio de la Moneda, con la presencia del Presidente Gabriel Boric y la Seremi de Desarrollo Social y Familia, Nayadeth Ahumada, donde participaron los representantes del Consejo Consultivo Regional de Ni\u00f1os, Ni\u00f1os y Adolescentes; Tom\u00e1s Cubillos de La Estrella y Esperanza Hern\u00e1ndez de Mostazal.<\/p>\n\n\n\n<p>Para Tom\u00e1s Cubillos, quien forma parte de Consejo Consultivo Nacional de los Ni\u00f1os, Ni\u00f1as y Adolescentes: \u201cEste \u00faltimo encuentro fue algo muy importante para nosotros, ya que todos los consejeros de las 16 regiones del pa\u00eds, pudimos juntarnos y compartir nuestras distintas experiencias, ya sea, siendo consejeros o de nuestra vida diaria. Es muy importante para nosotros que se siga fomentando la participaci\u00f3n para las ni\u00f1eces y adolescencia, para que as\u00ed todos juntos podamos realizar un gran cambio\u201d.<\/p>\n\n\n\n<p>Este gran hito forma parte de los distintos avances de Chile Crece M\u00e1s en la regi\u00f3n, trabajo que ha consolidado una preocupaci\u00f3n latente por los derechos de los ni\u00f1os, ni\u00f1as y adolescentes, a trav\u00e9s de la Mesa de Articulaci\u00f3n Interinstitucional de la ni\u00f1ez, conformada por representantes de distintas entidades p\u00fablicas e instituciones ligadas a esta materia.<\/p>\n\n\n\n<p>Como resultado de este importante trabajo intersectorial, en el mes de noviembre se llev\u00f3 a cabo el 4to. Encuentro Regional del Consejo Consultivo de Ni\u00f1os, Ni\u00f1as y Adolescentes (NNA) en el campamento minero de Sewell, iniciativa que congreg\u00f3 a representantes de 30 comunas que cuentan con Oficinas Locales de la Ni\u00f1ez (OLN) en la regi\u00f3n de O\u2019Higgins.<\/p>\n\n\n\n<p>La instancia permiti\u00f3 dar a conocer el Plan de Trabajo realizado por el Consejo Consultivo Regional de Ni\u00f1os, Ni\u00f1as y Adolescentes durante el a\u00f1o 2025, a trav\u00e9s de distintas acciones e hitos fundamentales para los derechos y participaci\u00f3n de los ni\u00f1os, ni\u00f1as y adolescentes dentro de sus consejos consultivos comunales, abordando tem\u00e1ticas como medio ambiente, seguridad, rehabilitaci\u00f3n de espacios p\u00fablicos y aspectos que hoy los ni\u00f1os, ni\u00f1as y adolescentes tienen voz y voto, adem\u00e1s de presentar los desaf\u00edos trazados para este 2026.<\/p>\n\n\n\n<p>Esta jornada tambi\u00e9n permiti\u00f3 a sus participantes, acompa\u00f1ados de coordinadores y equipos municipales de las OLN, realizar una visita guiada por las principales atracciones de Sewell, donde pudieron vivir la experiencia de recorrer sus distintas calles, el cine y su museo patrimonial. Una ocasi\u00f3n que para muchos de los ni\u00f1os, ni\u00f1as y adolescentes se convirti\u00f3 en in\u00e9dita, ya que por primera vez conoc\u00edan este patrimonio hist\u00f3rico.&nbsp;<\/p>\n\n\n\n<p>La Seremi de Desarrollo Social y Familia, Nayadeth Ahumada destac\u00f3 que \u201cavanzar en materia de derechos, y hoy d\u00eda darle vida a la ley de garant\u00edas, es parte esencial del trabajo que hemos venido realizando desde que comenzamos como Gobierno en el a\u00f1o 2022. Estamos felices de haber podidos estar con ni\u00f1os, ni\u00f1as y adolescentes de toda nuestra regi\u00f3n, en un hermoso lugar patrimonial, donde lo que buscamos no solo es relevar los derechos de los ni\u00f1os, ni\u00f1as y adolescentes, sino que se mantengan en el futuro\u201d.<\/p>\n\n\n\n<p>Estos grandes avances se reflejan este a\u00f1o en la instalaci\u00f3n de las Oficinas Locales de la Ni\u00f1ez (OLN) en las 33 comunas de la regi\u00f3n de O\u2019Higgins, luego que se inyectaran los recursos para el funcionamiento de las \u00faltimas comunas que restaban por iniciar sus traspasos de Oficina de Protecci\u00f3n de Derechos (OPD) a OLN.<\/p>\n\n\n\n<p>Se trata de una nueva institucionalidad que busca la promoci\u00f3n de los derechos de los ni\u00f1os, ni\u00f1as y adolescentes, la prevenci\u00f3n de vulneraciones de derechos y la protecci\u00f3n general de los mismos. Las Oficinas Locales de la Ni\u00f1ez son las encargadas a nivel territorial de la protecci\u00f3n administrativa de los derechos de ni\u00f1os, ni\u00f1as y adolescentes, a trav\u00e9s de la de promoci\u00f3n territorial y la de gesti\u00f3n integrada de casos.<\/p>\n\n\n\n<p>\u201cLa ley de Garant\u00edas establece que cada comuna debe tener una Oficina Local de la Ni\u00f1ez, donde exista un plan comunal dirigido a ellos y se integren acciones de promoci\u00f3n, prevenci\u00f3n y protecci\u00f3n hacia los ni\u00f1os, ni\u00f1as ya adolescentes, con pertinencia territorial. Cuando llegamos en el a\u00f1o 2022, no hab\u00eda ninguna Oficina Locales de la Ni\u00f1ez, y la ley establece que al 2027 deben estar instaladas todas estas OLN. Con mucha alegr\u00eda y orgullo, podemos decir que ya transferimos los recursos a las cinco comunas que nos quedaban. Hoy d\u00eda tenemos Oficinas Locales de la Ni\u00f1ez en las 33 comunas de nuestra regi\u00f3n\u201d, subray\u00f3 la Seremi Ahumada.&nbsp;&nbsp;&nbsp;<\/p>\n\n\n\n<p><strong>Campa\u00f1a \u201cBuen Trato en Movimiento\u201d<\/strong><\/p>\n\n\n\n<p>Durante el a\u00f1o 2025, el Ministerio de Desarrollo Social y Familia, a trav\u00e9s de la Subsecretar\u00eda de la Ni\u00f1ez, lanz\u00f3 exitosamente la campa\u00f1a nacional \u201cBuen Trato en Movimiento\u201d, iniciativa que invita a mirar el mundo desde la perspectiva de ni\u00f1os, ni\u00f1as y adolescentes para promover una cultura de empat\u00eda y respeto, construyendo entre toda la sociedad un mejor entorno para ellas y ellos.<\/p>\n\n\n\n<p>Para eso, se dispuso la p\u00e1gina <a href=\"https:\/\/buentratoenmovimiento.cl\">https:\/\/buentratoenmovimiento.cl<\/a>, donde las personas, Oficinas Locales de la Ni\u00f1ez e instituciones p\u00fablicas y privadas pueden inscribir compromisos que puedan incorporar en su vida cotidiana para hacer ambientes m\u00e1s amables, como mantener un trato respetuoso, resolver conflictos a trav\u00e9s del di\u00e1logo, saludar a los vecinos y vecinas, escuchar las opiniones de ni\u00f1os, ni\u00f1as y adolescentes, ente otras acciones.<\/p>\n\n\n\n<p>Esta iniciativa tambi\u00e9n contempl\u00f3 a los \u201c8 del Buen Trato\u201d, un grupo diverso de personajes ilustrados, inspirados en ni\u00f1os, ni\u00f1as y adolescentes de distintas realidades, los cuales entregan recomendaciones diarias para fomentar una sociedad con m\u00e1s apoyo mutuo.<\/p>\n\n\n\n<p>\u201cInvitamos a toda la ciudadan\u00eda a escuchar a las ni\u00f1as y ni\u00f1os, a promover entornos seguros y a sumarse a esta campa\u00f1a como agentes activos del cambio. Porque si los cuidamos hoy, construiremos un mejor pa\u00eds\u201d, remarc\u00f3 la Seremi de Desarrollo Social y Familia, Nayadeth Ahumada.<\/p>\n","protected":false},"excerpt":{"rendered":"Tras la instalaci\u00f3n de las Oficinas Locales de la Ni\u00f1ez en las 33 comunas; la realizaci\u00f3n del Encuentro&hellip;\n","protected":false},"author":1,"featured_media":8636,"comment_status":"open","ping_status":"open","sticky":false,"template":"","format":"standard","meta":{"_monsterinsights_skip_tracking":false,"_monsterinsights_sitenote_active":false,"_monsterinsights_sitenote_note":"","_monsterinsights_sitenote_category":0,"footnotes":""},"categories":[8],"tags":[],"class_list":{"0":"post-8624","1":"post","2":"type-post","3":"status-publish","4":"format-standard","5":"has-post-thumbnail","7":"category-portada"},"aioseo_notices":[],"_links":{"self":[{"href":"https:\/\/www.rengoenlanoticia.cl\/prensa\/wp-json\/wp\/v2\/posts\/8624","targetHints":{"allow":["GET"]}}],"collection":[{"href":"https:\/\/www.rengoenlanoticia.cl\/prensa\/wp-json\/wp\/v2\/posts"}],"about":[{"href":"https:\/\/www.rengoenlanoticia.cl\/prensa\/wp-json\/wp\/v2\/types\/post"}],"author":[{"embeddable":true,"href":"https:\/\/www.rengoenlanoticia.cl\/prensa\/wp-json\/wp\/v2\/users\/1"}],"replies":[{"embeddable":true,"href":"https:\/\/www.rengoenlanoticia.cl\/prensa\/wp-json\/wp\/v2\/comments?post=8624"}],"version-history":[{"count":3,"href":"https:\/\/www.rengoenlanoticia.cl\/prensa\/wp-json\/wp\/v2\/posts\/8624\/revisions"}],"predecessor-version":[{"id":8647,"href":"https:\/\/www.rengoenlanoticia.cl\/prensa\/wp-json\/wp\/v2\/posts\/8624\/revisions\/8647"}],"wp:featuredmedia":[{"embeddable":true,"href":"https:\/\/www.rengoenlanoticia.cl\/prensa\/wp-json\/wp\/v2\/media\/8636"}],"wp:attachment":[{"href":"https:\/\/www.rengoenlanoticia.cl\/prensa\/wp-json\/wp\/v2\/media?parent=8624"}],"wp:term":[{"taxonomy":"category","embeddable":true,"href":"https:\/\/www.rengoenlanoticia.cl\/prensa\/wp-json\/wp\/v2\/categories?post=8624"},{"taxonomy":"post_tag","embeddable":true,"href":"https:\/\/www.rengoenlanoticia.cl\/prensa\/wp-json\/wp\/v2\/tags?post=8624"}],"curies":[{"name":"wp","href":"https:\/\/api.w.org\/{rel}","templated":true}]}}