{"id":8605,"date":"2025-12-26T04:44:21","date_gmt":"2025-12-26T04:44:21","guid":{"rendered":"https:\/\/www.rengoenlanoticia.cl\/prensa\/?p=8605"},"modified":"2025-12-26T04:44:50","modified_gmt":"2025-12-26T04:44:50","slug":"rengo-necesita-unidad-los-profesores-como-ejemplo-de-dialogo-y-reconciliacion","status":"publish","type":"post","link":"https:\/\/www.rengoenlanoticia.cl\/prensa\/2025\/12\/26\/rengo-necesita-unidad-los-profesores-como-ejemplo-de-dialogo-y-reconciliacion\/","title":{"rendered":"\u201cRengo necesita unidad: los profesores como ejemplo de di\u00e1logo y reconciliaci\u00f3n"},"content":{"rendered":"\n<p>En nuestra comuna de Rengo, como en muchas otras del pa\u00eds, a\u00fan persisten huellas visibles y simb\u00f3licas de uno de los periodos m\u00e1s complejos de la historia reciente de Chile: el denominado estallido social de octubre de 2019. Para algunos, una leg\u00edtima expresi\u00f3n de descontento social; para otros, un episodio que deriv\u00f3 en violencia, desorden y un profundo quiebre en la convivencia. A casi cinco a\u00f1os de esos acontecimientos, resulta leg\u00edtimo preguntarse qu\u00e9 aprendimos como sociedad y, sobre todo, qu\u00e9 ejemplo estamos entregando hoy a las nuevas generaciones.<\/p>\n\n\n\n<figure class=\"wp-block-image size-large\"><img loading=\"lazy\" decoding=\"async\" width=\"1024\" height=\"768\" src=\"https:\/\/www.rengoenlanoticia.cl\/prensa\/wp-content\/uploads\/2025\/12\/WhatsApp-Image-2025-12-26-at-01.12.04-copia-1024x768.jpeg\" alt=\"\" class=\"wp-image-8607\" srcset=\"https:\/\/www.rengoenlanoticia.cl\/prensa\/wp-content\/uploads\/2025\/12\/WhatsApp-Image-2025-12-26-at-01.12.04-copia-1024x768.jpeg 1024w, https:\/\/www.rengoenlanoticia.cl\/prensa\/wp-content\/uploads\/2025\/12\/WhatsApp-Image-2025-12-26-at-01.12.04-copia-300x225.jpeg 300w, https:\/\/www.rengoenlanoticia.cl\/prensa\/wp-content\/uploads\/2025\/12\/WhatsApp-Image-2025-12-26-at-01.12.04-copia-768x576.jpeg 768w, https:\/\/www.rengoenlanoticia.cl\/prensa\/wp-content\/uploads\/2025\/12\/WhatsApp-Image-2025-12-26-at-01.12.04-copia-110x83.jpeg 110w, https:\/\/www.rengoenlanoticia.cl\/prensa\/wp-content\/uploads\/2025\/12\/WhatsApp-Image-2025-12-26-at-01.12.04-copia-200x150.jpeg 200w, https:\/\/www.rengoenlanoticia.cl\/prensa\/wp-content\/uploads\/2025\/12\/WhatsApp-Image-2025-12-26-at-01.12.04-copia-380x285.jpeg 380w, https:\/\/www.rengoenlanoticia.cl\/prensa\/wp-content\/uploads\/2025\/12\/WhatsApp-Image-2025-12-26-at-01.12.04-copia-255x191.jpeg 255w, https:\/\/www.rengoenlanoticia.cl\/prensa\/wp-content\/uploads\/2025\/12\/WhatsApp-Image-2025-12-26-at-01.12.04-copia-550x413.jpeg 550w, https:\/\/www.rengoenlanoticia.cl\/prensa\/wp-content\/uploads\/2025\/12\/WhatsApp-Image-2025-12-26-at-01.12.04-copia-800x600.jpeg 800w, https:\/\/www.rengoenlanoticia.cl\/prensa\/wp-content\/uploads\/2025\/12\/WhatsApp-Image-2025-12-26-at-01.12.04-copia-1160x870.jpeg 1160w, https:\/\/www.rengoenlanoticia.cl\/prensa\/wp-content\/uploads\/2025\/12\/WhatsApp-Image-2025-12-26-at-01.12.04-copia.jpeg 1280w\" sizes=\"auto, (max-width: 1024px) 100vw, 1024px\" \/><\/figure>\n\n\n\n<p>Uno de los puntos que hoy genera debate en nuestra comuna es el mural ubicado en las murallas de la sede se del Colegio de Profesores de Rengo, emplazado en calle Balmaceda a menos de 10 metros de la 4\u00aa Comisar\u00eda de Carabineros. Esta obra recuerda aquel periodo desde una mirada particular, pero su permanencia ha sido interpretada por muchos vecinos y especialmente por adultos mayores como un gesto ofensivo y provocador.<\/p>\n\n\n\n<p>Hemos tenido la oportunidad de conversar con algunos transe\u00fantes que circulan por frente de dicha comisar\u00eda, y expresan con claridad el malestar y el dolor que les provoca a esos funcionarios que trabajar diariamente frente a una imagen que, desde su perspectiva, los estigmatiza y los presenta como enemigos de la ciudadan\u00eda. <\/p>\n\n\n\n<p>No se trata solo de una diferencia de opiniones, sino de un sentimiento humano de desvalorizaci\u00f3n que no debiera ser ignorado., nos se\u00f1alo un j\u00f3ven de 21 a\u00f1os llamado Luis Guti\u00e9rrez .<\/p>\n\n\n\n<figure class=\"wp-block-image size-large\"><img loading=\"lazy\" decoding=\"async\" width=\"1024\" height=\"768\" src=\"https:\/\/www.rengoenlanoticia.cl\/prensa\/wp-content\/uploads\/2025\/12\/WhatsApp-Image-2025-12-26-at-01.12.03-copia-1024x768.jpeg\" alt=\"\" class=\"wp-image-8606\" srcset=\"https:\/\/www.rengoenlanoticia.cl\/prensa\/wp-content\/uploads\/2025\/12\/WhatsApp-Image-2025-12-26-at-01.12.03-copia-1024x768.jpeg 1024w, https:\/\/www.rengoenlanoticia.cl\/prensa\/wp-content\/uploads\/2025\/12\/WhatsApp-Image-2025-12-26-at-01.12.03-copia-300x225.jpeg 300w, https:\/\/www.rengoenlanoticia.cl\/prensa\/wp-content\/uploads\/2025\/12\/WhatsApp-Image-2025-12-26-at-01.12.03-copia-768x576.jpeg 768w, https:\/\/www.rengoenlanoticia.cl\/prensa\/wp-content\/uploads\/2025\/12\/WhatsApp-Image-2025-12-26-at-01.12.03-copia-110x83.jpeg 110w, https:\/\/www.rengoenlanoticia.cl\/prensa\/wp-content\/uploads\/2025\/12\/WhatsApp-Image-2025-12-26-at-01.12.03-copia-200x150.jpeg 200w, https:\/\/www.rengoenlanoticia.cl\/prensa\/wp-content\/uploads\/2025\/12\/WhatsApp-Image-2025-12-26-at-01.12.03-copia-380x285.jpeg 380w, https:\/\/www.rengoenlanoticia.cl\/prensa\/wp-content\/uploads\/2025\/12\/WhatsApp-Image-2025-12-26-at-01.12.03-copia-255x191.jpeg 255w, https:\/\/www.rengoenlanoticia.cl\/prensa\/wp-content\/uploads\/2025\/12\/WhatsApp-Image-2025-12-26-at-01.12.03-copia-550x413.jpeg 550w, https:\/\/www.rengoenlanoticia.cl\/prensa\/wp-content\/uploads\/2025\/12\/WhatsApp-Image-2025-12-26-at-01.12.03-copia-800x600.jpeg 800w, https:\/\/www.rengoenlanoticia.cl\/prensa\/wp-content\/uploads\/2025\/12\/WhatsApp-Image-2025-12-26-at-01.12.03-copia-1160x870.jpeg 1160w, https:\/\/www.rengoenlanoticia.cl\/prensa\/wp-content\/uploads\/2025\/12\/WhatsApp-Image-2025-12-26-at-01.12.03-copia.jpeg 1280w\" sizes=\"auto, (max-width: 1024px) 100vw, 1024px\" \/><\/figure>\n\n\n\n<p>Los profesores cumplen un rol fundamental en la formaci\u00f3n de ni\u00f1os y j\u00f3venes. M\u00e1s all\u00e1 de los contenidos acad\u00e9micos, son referentes de valores como el respeto, la convivencia democr\u00e1tica y el di\u00e1logo. Por lo mismo, muchos vecinos se preguntan si la mantenci\u00f3n de este mural contribuye realmente a educar en esos principios o si, por el contrario, refuerza divisiones y resentimientos que el pa\u00eds necesita superar.<\/p>\n\n\n\n<p>Resulta a\u00fan m\u00e1s contradictorio cuando se considera que, en numerosas ocasiones, directores de establecimientos educacionales de la comuna han solicitado la presencia de Carabineros para realizar charlas preventivas, educativas y de orientaci\u00f3n a los estudiantes. Asimismo, frente a altercados o situaciones complejas en colegios y liceos, la primera instituci\u00f3n a la que se recurre es precisamente Carabineros de Chile, en este caso A los Carabineros de nuestra comuna. Esto demuestra que, en la pr\u00e1ctica, existe una relaci\u00f3n de cooperaci\u00f3n que no se condice con el mensaje que algunos s\u00edmbolos p\u00fablicos parecen transmitir.<\/p>\n\n\n\n<p>Nadie pretende borrar la historia ni negar los debates que surgieron a partir del estallido social. La memoria es necesaria. Sin embargo, tambi\u00e9n lo es el contexto, el respeto mutuo y la responsabilidad social, especialmente cuando se trata de espacios educativos y de representaci\u00f3n gremial. Mantener s\u00edmbolos que pueden ser le\u00eddos como una incitaci\u00f3n al odio o al desprecio hacia una instituci\u00f3n del Estado no parece contribuir a la tan necesaria reconciliaci\u00f3n social.<\/p>\n\n\n\n<p>Es momento de que las autoridades comunales, junto con la directiva del Colegio de Profesores de Rengo, abran un espacio de di\u00e1logo serio y respetuoso. Pensar en la eliminaci\u00f3n o resignificaci\u00f3n de este mural no debiera entenderse como censura, sino como un gesto de empat\u00eda y de compromiso con la convivencia pac\u00edfica. Ense\u00f1ar a pensar cr\u00edticamente no es lo mismo que ense\u00f1ar a odiar.<\/p>\n\n\n\n<p>Rengo necesita ejemplos de uni\u00f3n. Nuestros estudiantes merecen crecer en una comuna donde se les ense\u00f1e a respetar las instituciones, a cuestionar con argumentos y a resolver las diferencias mediante el di\u00e1logo, no la confrontaci\u00f3n. Los profesores, como formadores de futuras generaciones, tienen en sus manos una enorme responsabilidad: ser puente y no muro; ejemplo de respeto y no de divisi\u00f3n.<\/p>\n\n\n\n<figure class=\"wp-block-image size-large\"><img loading=\"lazy\" decoding=\"async\" width=\"1024\" height=\"768\" src=\"https:\/\/www.rengoenlanoticia.cl\/prensa\/wp-content\/uploads\/2025\/12\/WhatsApp-Image-2025-12-26-at-01.12.02-copia-1024x768.jpeg\" alt=\"\" class=\"wp-image-8608\" srcset=\"https:\/\/www.rengoenlanoticia.cl\/prensa\/wp-content\/uploads\/2025\/12\/WhatsApp-Image-2025-12-26-at-01.12.02-copia-1024x768.jpeg 1024w, https:\/\/www.rengoenlanoticia.cl\/prensa\/wp-content\/uploads\/2025\/12\/WhatsApp-Image-2025-12-26-at-01.12.02-copia-300x225.jpeg 300w, https:\/\/www.rengoenlanoticia.cl\/prensa\/wp-content\/uploads\/2025\/12\/WhatsApp-Image-2025-12-26-at-01.12.02-copia-768x576.jpeg 768w, https:\/\/www.rengoenlanoticia.cl\/prensa\/wp-content\/uploads\/2025\/12\/WhatsApp-Image-2025-12-26-at-01.12.02-copia-110x83.jpeg 110w, https:\/\/www.rengoenlanoticia.cl\/prensa\/wp-content\/uploads\/2025\/12\/WhatsApp-Image-2025-12-26-at-01.12.02-copia-200x150.jpeg 200w, https:\/\/www.rengoenlanoticia.cl\/prensa\/wp-content\/uploads\/2025\/12\/WhatsApp-Image-2025-12-26-at-01.12.02-copia-380x285.jpeg 380w, https:\/\/www.rengoenlanoticia.cl\/prensa\/wp-content\/uploads\/2025\/12\/WhatsApp-Image-2025-12-26-at-01.12.02-copia-255x191.jpeg 255w, https:\/\/www.rengoenlanoticia.cl\/prensa\/wp-content\/uploads\/2025\/12\/WhatsApp-Image-2025-12-26-at-01.12.02-copia-550x413.jpeg 550w, https:\/\/www.rengoenlanoticia.cl\/prensa\/wp-content\/uploads\/2025\/12\/WhatsApp-Image-2025-12-26-at-01.12.02-copia-800x600.jpeg 800w, https:\/\/www.rengoenlanoticia.cl\/prensa\/wp-content\/uploads\/2025\/12\/WhatsApp-Image-2025-12-26-at-01.12.02-copia-1160x870.jpeg 1160w, https:\/\/www.rengoenlanoticia.cl\/prensa\/wp-content\/uploads\/2025\/12\/WhatsApp-Image-2025-12-26-at-01.12.02-copia.jpeg 1280w\" sizes=\"auto, (max-width: 1024px) 100vw, 1024px\" \/><\/figure>\n\n\n\n<p>Hoy m\u00e1s que nunca, el llamado es claro: reflexionar, dialogar y avanzar juntos hacia una comunidad m\u00e1s unida, donde la memoria no sea motivo de enfrentamiento, sino una oportunidad para aprender y construir un mejor futuro para todos.<\/p>\n","protected":false},"excerpt":{"rendered":"En nuestra comuna de Rengo, como en muchas otras del pa\u00eds, a\u00fan persisten huellas visibles y simb\u00f3licas de&hellip;\n","protected":false},"author":2,"featured_media":8609,"comment_status":"open","ping_status":"open","sticky":false,"template":"","format":"standard","meta":{"_monsterinsights_skip_tracking":false,"_monsterinsights_sitenote_active":false,"_monsterinsights_sitenote_note":"","_monsterinsights_sitenote_category":0,"footnotes":""},"categories":[8],"tags":[],"class_list":{"0":"post-8605","1":"post","2":"type-post","3":"status-publish","4":"format-standard","5":"has-post-thumbnail","7":"category-portada"},"aioseo_notices":[],"_links":{"self":[{"href":"https:\/\/www.rengoenlanoticia.cl\/prensa\/wp-json\/wp\/v2\/posts\/8605","targetHints":{"allow":["GET"]}}],"collection":[{"href":"https:\/\/www.rengoenlanoticia.cl\/prensa\/wp-json\/wp\/v2\/posts"}],"about":[{"href":"https:\/\/www.rengoenlanoticia.cl\/prensa\/wp-json\/wp\/v2\/types\/post"}],"author":[{"embeddable":true,"href":"https:\/\/www.rengoenlanoticia.cl\/prensa\/wp-json\/wp\/v2\/users\/2"}],"replies":[{"embeddable":true,"href":"https:\/\/www.rengoenlanoticia.cl\/prensa\/wp-json\/wp\/v2\/comments?post=8605"}],"version-history":[{"count":2,"href":"https:\/\/www.rengoenlanoticia.cl\/prensa\/wp-json\/wp\/v2\/posts\/8605\/revisions"}],"predecessor-version":[{"id":8615,"href":"https:\/\/www.rengoenlanoticia.cl\/prensa\/wp-json\/wp\/v2\/posts\/8605\/revisions\/8615"}],"wp:featuredmedia":[{"embeddable":true,"href":"https:\/\/www.rengoenlanoticia.cl\/prensa\/wp-json\/wp\/v2\/media\/8609"}],"wp:attachment":[{"href":"https:\/\/www.rengoenlanoticia.cl\/prensa\/wp-json\/wp\/v2\/media?parent=8605"}],"wp:term":[{"taxonomy":"category","embeddable":true,"href":"https:\/\/www.rengoenlanoticia.cl\/prensa\/wp-json\/wp\/v2\/categories?post=8605"},{"taxonomy":"post_tag","embeddable":true,"href":"https:\/\/www.rengoenlanoticia.cl\/prensa\/wp-json\/wp\/v2\/tags?post=8605"}],"curies":[{"name":"wp","href":"https:\/\/api.w.org\/{rel}","templated":true}]}}