{"id":8597,"date":"2025-12-26T04:44:06","date_gmt":"2025-12-26T04:44:06","guid":{"rendered":"https:\/\/www.rengoenlanoticia.cl\/prensa\/?p=8597"},"modified":"2025-12-26T04:44:10","modified_gmt":"2025-12-26T04:44:10","slug":"hospital-de-rengo-realiza-exitosa-i-jornada-de-buenas-practicas-de-rehabilitacion-fisica-microarea-carretera-de-la-fruta","status":"publish","type":"post","link":"https:\/\/www.rengoenlanoticia.cl\/prensa\/2025\/12\/26\/hospital-de-rengo-realiza-exitosa-i-jornada-de-buenas-practicas-de-rehabilitacion-fisica-microarea-carretera-de-la-fruta\/","title":{"rendered":"Hospital de Rengo realiza exitosa I Jornada de Buenas Pr\u00e1cticas de Rehabilitaci\u00f3n F\u00edsica \u2013 Micro\u00e1rea Carretera de la Fruta"},"content":{"rendered":"\n<p>\u00b7La actividad fue organizada por el Departamento de Docencia e Investigaci\u00f3n, el Servicio de Rehabilitaci\u00f3n del Hospital de Rengo y cont\u00f3 con el valioso aporte de la Universidad de Aconcagua y la Ilustre Municipalidad de Rengo.\u00a0<\/p>\n\n\n\n<p>\u00a0Con la participaci\u00f3n de destacados expositores, el Hospital Ricardo Valenzuela S\u00e1ez desarroll\u00f3 la\u00a0<strong>I Jornada de Buenas Pr\u00e1cticas de Rehabilitaci\u00f3n F\u00edsica \u2013 Micro\u00e1rea Carretera de la Fruta<\/strong>, los d\u00edas 18 y 19 de diciembre, en el auditorio de la Municipalidad de Rengo.<\/p>\n\n\n\n<p>La instancia, desarrollada gracias al trabajo y las directrices entregadas en el \u00e1mbito local por el Dr. Luis Salavarr\u00eda, jefe del Departamento de Relaci\u00f3n Asistencial Docente (RAD) del Servicio de Salud O\u2019Higgins, reuni\u00f3 a equipos de rehabilitaci\u00f3n de diversos centros de salud de la micro\u00e1rea, con el objetivo de fortalecer el aprendizaje, promover el intercambio de experiencias y potenciar el trabajo colaborativo en red.<\/p>\n\n\n\n<figure class=\"wp-block-image size-large\"><img loading=\"lazy\" decoding=\"async\" width=\"1024\" height=\"576\" src=\"https:\/\/www.rengoenlanoticia.cl\/prensa\/wp-content\/uploads\/2025\/12\/Jornada-Rehabilitacion-5-1024x576.jpg\" alt=\"\" class=\"wp-image-8601\" srcset=\"https:\/\/www.rengoenlanoticia.cl\/prensa\/wp-content\/uploads\/2025\/12\/Jornada-Rehabilitacion-5-1024x576.jpg 1024w, https:\/\/www.rengoenlanoticia.cl\/prensa\/wp-content\/uploads\/2025\/12\/Jornada-Rehabilitacion-5-300x169.jpg 300w, https:\/\/www.rengoenlanoticia.cl\/prensa\/wp-content\/uploads\/2025\/12\/Jornada-Rehabilitacion-5-768x432.jpg 768w, https:\/\/www.rengoenlanoticia.cl\/prensa\/wp-content\/uploads\/2025\/12\/Jornada-Rehabilitacion-5-1536x864.jpg 1536w, https:\/\/www.rengoenlanoticia.cl\/prensa\/wp-content\/uploads\/2025\/12\/Jornada-Rehabilitacion-5-2048x1152.jpg 2048w, https:\/\/www.rengoenlanoticia.cl\/prensa\/wp-content\/uploads\/2025\/12\/Jornada-Rehabilitacion-5-110x62.jpg 110w, https:\/\/www.rengoenlanoticia.cl\/prensa\/wp-content\/uploads\/2025\/12\/Jornada-Rehabilitacion-5-200x113.jpg 200w, https:\/\/www.rengoenlanoticia.cl\/prensa\/wp-content\/uploads\/2025\/12\/Jornada-Rehabilitacion-5-380x214.jpg 380w, https:\/\/www.rengoenlanoticia.cl\/prensa\/wp-content\/uploads\/2025\/12\/Jornada-Rehabilitacion-5-255x143.jpg 255w, https:\/\/www.rengoenlanoticia.cl\/prensa\/wp-content\/uploads\/2025\/12\/Jornada-Rehabilitacion-5-550x309.jpg 550w, https:\/\/www.rengoenlanoticia.cl\/prensa\/wp-content\/uploads\/2025\/12\/Jornada-Rehabilitacion-5-800x450.jpg 800w, https:\/\/www.rengoenlanoticia.cl\/prensa\/wp-content\/uploads\/2025\/12\/Jornada-Rehabilitacion-5-1160x653.jpg 1160w, https:\/\/www.rengoenlanoticia.cl\/prensa\/wp-content\/uploads\/2025\/12\/Jornada-Rehabilitacion-5-scaled.jpg 2560w\" sizes=\"auto, (max-width: 1024px) 100vw, 1024px\" \/><\/figure>\n\n\n\n<p>Durante ambas jornadas se abordaron tem\u00e1ticas cl\u00ednicas relevantes, tales como rehabilitaci\u00f3n cardiorrespiratoria, rehabilitaci\u00f3n osteomuscular, innovaci\u00f3n en la red de la micro\u00e1rea, rehabilitaci\u00f3n integrativa y neurorrehabilitaci\u00f3n, entre otras, contribuyendo al fortalecimiento de las buenas pr\u00e1cticas en beneficio de los pacientes y sus familias.<\/p>\n\n\n\n<p>Al respecto, la directora (s) del Hospital Ricardo Valenzuela S\u00e1ez, Valeria Olavarr\u00eda, destac\u00f3 el impacto de este tipo de instancias para el sistema p\u00fablico de salud, se\u00f1alando que \u201cla rehabilitaci\u00f3n cumple un rol clave en la recuperaci\u00f3n funcional, la calidad de vida y la dignidad de nuestros usuarios y usuarias. Por ello, generar espacios donde se comparten experiencias, se actualizan conocimientos y se promueven buenas pr\u00e1cticas basadas en el trabajo en red resulta profundamente valioso para el sistema p\u00fablico de salud\u201d.<\/p>\n\n\n\n<p>Por su parte, la jefa del Servicio de Rehabilitaci\u00f3n del Hospital de Rengo, Estefanie Herrera, valor\u00f3 positivamente el desarrollo de esta primera jornada, indicando que \u201chan sido dos d\u00edas de variadas presentaciones y vivencias. Estamos muy contentos porque actualizamos conocimientos, contamos con excelentes expositores y todo esto se logr\u00f3 gracias al trabajo en equipo\u201d.<\/p>\n\n\n\n<figure class=\"wp-block-image size-large\"><img loading=\"lazy\" decoding=\"async\" width=\"1024\" height=\"576\" src=\"https:\/\/www.rengoenlanoticia.cl\/prensa\/wp-content\/uploads\/2025\/12\/Jornada-Rehabilitacion-4-1024x576.jpg\" alt=\"\" class=\"wp-image-8600\" srcset=\"https:\/\/www.rengoenlanoticia.cl\/prensa\/wp-content\/uploads\/2025\/12\/Jornada-Rehabilitacion-4-1024x576.jpg 1024w, https:\/\/www.rengoenlanoticia.cl\/prensa\/wp-content\/uploads\/2025\/12\/Jornada-Rehabilitacion-4-300x169.jpg 300w, https:\/\/www.rengoenlanoticia.cl\/prensa\/wp-content\/uploads\/2025\/12\/Jornada-Rehabilitacion-4-768x432.jpg 768w, https:\/\/www.rengoenlanoticia.cl\/prensa\/wp-content\/uploads\/2025\/12\/Jornada-Rehabilitacion-4-110x62.jpg 110w, https:\/\/www.rengoenlanoticia.cl\/prensa\/wp-content\/uploads\/2025\/12\/Jornada-Rehabilitacion-4-200x113.jpg 200w, https:\/\/www.rengoenlanoticia.cl\/prensa\/wp-content\/uploads\/2025\/12\/Jornada-Rehabilitacion-4-380x214.jpg 380w, https:\/\/www.rengoenlanoticia.cl\/prensa\/wp-content\/uploads\/2025\/12\/Jornada-Rehabilitacion-4-255x143.jpg 255w, https:\/\/www.rengoenlanoticia.cl\/prensa\/wp-content\/uploads\/2025\/12\/Jornada-Rehabilitacion-4-550x309.jpg 550w, https:\/\/www.rengoenlanoticia.cl\/prensa\/wp-content\/uploads\/2025\/12\/Jornada-Rehabilitacion-4-800x450.jpg 800w, https:\/\/www.rengoenlanoticia.cl\/prensa\/wp-content\/uploads\/2025\/12\/Jornada-Rehabilitacion-4-1160x653.jpg 1160w, https:\/\/www.rengoenlanoticia.cl\/prensa\/wp-content\/uploads\/2025\/12\/Jornada-Rehabilitacion-4.jpg 1200w\" sizes=\"auto, (max-width: 1024px) 100vw, 1024px\" \/><\/figure>\n\n\n\n<p>Durante la jornada tambi\u00e9n se abordaron experiencias cl\u00ednicas espec\u00edficas. En ese contexto, Carla G\u00f3mez, terapeuta ocupacional del Hospital de Rengo, explic\u00f3 que \u201cexpuse sobre el proceso de neurorehabilitaci\u00f3n en atenci\u00f3n cerrada y abierta, presentando casos reales y destacando los beneficios de la estimulaci\u00f3n el\u00e9ctrica en atenci\u00f3n temprana, tanto en personas adultas como en poblaci\u00f3n pedi\u00e1trica durante la estad\u00eda hospitalaria\u201d.<\/p>\n\n\n\n<p>En tanto, Carola Vald\u00e9s, terapeuta ocupacional del Centro Comunitario de Rehabilitaci\u00f3n (CCR) de Las Cabras, resalt\u00f3 la importancia del fortalecimiento de la red asistencial, se\u00f1alando que \u201cha sido una jornada muy enriquecedora. Hemos logrado reencontrarnos, observar lo que estamos haciendo y compartir experiencias para replicarlas. Somos uno, porque nuestros usuarios transitan entre comunas y niveles de atenci\u00f3n, por lo que es fundamental trabajar coordinados para mejorar su calidad de vida\u201d.<\/p>\n\n\n\n<p>Uno de los momentos m\u00e1s emotivos de la jornada fue la presentaci\u00f3n del taller de teatro del Centro Comunitario de Rehabilitaci\u00f3n de San Vicente, una innovadora estrategia terap\u00e9utica orientada a promover la participaci\u00f3n social y el desarrollo integral de sus usuarios. En la ocasi\u00f3n, el grupo present\u00f3 un extracto del primer acto de&nbsp;<em>La P\u00e9rgola de las Flores<\/em>.<\/p>\n\n\n\n<figure class=\"wp-block-image size-full\"><img loading=\"lazy\" decoding=\"async\" width=\"960\" height=\"540\" src=\"https:\/\/www.rengoenlanoticia.cl\/prensa\/wp-content\/uploads\/2025\/12\/Jornada-Rehabilitacion-Pergola-Flores.jpg\" alt=\"\" class=\"wp-image-8602\" srcset=\"https:\/\/www.rengoenlanoticia.cl\/prensa\/wp-content\/uploads\/2025\/12\/Jornada-Rehabilitacion-Pergola-Flores.jpg 960w, https:\/\/www.rengoenlanoticia.cl\/prensa\/wp-content\/uploads\/2025\/12\/Jornada-Rehabilitacion-Pergola-Flores-300x169.jpg 300w, https:\/\/www.rengoenlanoticia.cl\/prensa\/wp-content\/uploads\/2025\/12\/Jornada-Rehabilitacion-Pergola-Flores-768x432.jpg 768w, https:\/\/www.rengoenlanoticia.cl\/prensa\/wp-content\/uploads\/2025\/12\/Jornada-Rehabilitacion-Pergola-Flores-110x62.jpg 110w, https:\/\/www.rengoenlanoticia.cl\/prensa\/wp-content\/uploads\/2025\/12\/Jornada-Rehabilitacion-Pergola-Flores-200x113.jpg 200w, https:\/\/www.rengoenlanoticia.cl\/prensa\/wp-content\/uploads\/2025\/12\/Jornada-Rehabilitacion-Pergola-Flores-380x214.jpg 380w, https:\/\/www.rengoenlanoticia.cl\/prensa\/wp-content\/uploads\/2025\/12\/Jornada-Rehabilitacion-Pergola-Flores-255x143.jpg 255w, https:\/\/www.rengoenlanoticia.cl\/prensa\/wp-content\/uploads\/2025\/12\/Jornada-Rehabilitacion-Pergola-Flores-550x309.jpg 550w, https:\/\/www.rengoenlanoticia.cl\/prensa\/wp-content\/uploads\/2025\/12\/Jornada-Rehabilitacion-Pergola-Flores-800x450.jpg 800w\" sizes=\"auto, (max-width: 960px) 100vw, 960px\" \/><\/figure>\n\n\n\n<p>As\u00ed lo explic\u00f3 la fonoaudi\u00f3loga del CCR San Vicente, Natalia Irrazabal, quien se\u00f1al\u00f3 que \u201ceste taller forma parte del proceso terap\u00e9utico de personas con secuelas de accidente vascular cerebral, enfermedad de Parkinson, artritis, artrosis y lesiones cr\u00f3nicas. El teatro permite trabajar habilidades motoras, cognitivas y comunicativas, adem\u00e1s de fortalecer la participaci\u00f3n social de nuestros usuarios\u201d.<\/p>\n\n\n\n<p>De esta forma, la I Jornada de Buenas Pr\u00e1cticas de Rehabilitaci\u00f3n F\u00edsica \u2013 Micro\u00e1rea Carretera de la Fruta se consolida como un espacio clave para el fortalecimiento de la red de rehabilitaci\u00f3n, reafirmando el compromiso de los equipos de salud con una atenci\u00f3n integral, continua y centrada en las personas.<\/p>\n","protected":false},"excerpt":{"rendered":"\u00b7La actividad fue organizada por el Departamento de Docencia e Investigaci\u00f3n, el Servicio de Rehabilitaci\u00f3n del Hospital de&hellip;\n","protected":false},"author":1,"featured_media":8598,"comment_status":"open","ping_status":"open","sticky":false,"template":"","format":"standard","meta":{"_monsterinsights_skip_tracking":false,"_monsterinsights_sitenote_active":false,"_monsterinsights_sitenote_note":"","_monsterinsights_sitenote_category":0,"footnotes":""},"categories":[8],"tags":[],"class_list":{"0":"post-8597","1":"post","2":"type-post","3":"status-publish","4":"format-standard","5":"has-post-thumbnail","7":"category-portada"},"aioseo_notices":[],"_links":{"self":[{"href":"https:\/\/www.rengoenlanoticia.cl\/prensa\/wp-json\/wp\/v2\/posts\/8597","targetHints":{"allow":["GET"]}}],"collection":[{"href":"https:\/\/www.rengoenlanoticia.cl\/prensa\/wp-json\/wp\/v2\/posts"}],"about":[{"href":"https:\/\/www.rengoenlanoticia.cl\/prensa\/wp-json\/wp\/v2\/types\/post"}],"author":[{"embeddable":true,"href":"https:\/\/www.rengoenlanoticia.cl\/prensa\/wp-json\/wp\/v2\/users\/1"}],"replies":[{"embeddable":true,"href":"https:\/\/www.rengoenlanoticia.cl\/prensa\/wp-json\/wp\/v2\/comments?post=8597"}],"version-history":[{"count":3,"href":"https:\/\/www.rengoenlanoticia.cl\/prensa\/wp-json\/wp\/v2\/posts\/8597\/revisions"}],"predecessor-version":[{"id":8613,"href":"https:\/\/www.rengoenlanoticia.cl\/prensa\/wp-json\/wp\/v2\/posts\/8597\/revisions\/8613"}],"wp:featuredmedia":[{"embeddable":true,"href":"https:\/\/www.rengoenlanoticia.cl\/prensa\/wp-json\/wp\/v2\/media\/8598"}],"wp:attachment":[{"href":"https:\/\/www.rengoenlanoticia.cl\/prensa\/wp-json\/wp\/v2\/media?parent=8597"}],"wp:term":[{"taxonomy":"category","embeddable":true,"href":"https:\/\/www.rengoenlanoticia.cl\/prensa\/wp-json\/wp\/v2\/categories?post=8597"},{"taxonomy":"post_tag","embeddable":true,"href":"https:\/\/www.rengoenlanoticia.cl\/prensa\/wp-json\/wp\/v2\/tags?post=8597"}],"curies":[{"name":"wp","href":"https:\/\/api.w.org\/{rel}","templated":true}]}}