{"id":8579,"date":"2025-12-24T09:45:27","date_gmt":"2025-12-24T09:45:27","guid":{"rendered":"https:\/\/www.rengoenlanoticia.cl\/prensa\/?p=8579"},"modified":"2025-12-24T09:45:32","modified_gmt":"2025-12-24T09:45:32","slug":"navidad-segura-prevencion-en-las-calles-de-rengo","status":"publish","type":"post","link":"https:\/\/www.rengoenlanoticia.cl\/prensa\/2025\/12\/24\/navidad-segura-prevencion-en-las-calles-de-rengo\/","title":{"rendered":"\u201cNavidad Segura: prevenci\u00f3n en las calles de Rengo\u201d"},"content":{"rendered":"\n<p><strong>Carabineros y organismos municipales refuerzan campa\u00f1as preventivas en Rengo por \u201cPlan Navidad Segura\u201d<\/strong><\/p>\n\n\n\n<p>En el marco de las Fiestas Navide\u00f1as y con el objetivo de resguardar la seguridad de la comunidad durante una de las \u00e9pocas de mayor concurrencia de personas en espacios p\u00fablicos y comerciales, personal MICC de la 4\u00aa Comisar\u00eda de Carabineros de Rengo, en conjunto con funcionarios de Seguridad P\u00fablica Municipal y el programa Senda Previene, se encuentran desarrollando diversas campa\u00f1as preventivas dirigidas a la ciudadan\u00eda.<\/p>\n\n\n\n<p>Estas acciones forman parte del <strong>\u201cPlan Navidad Segura\u201d<\/strong>, iniciativa que busca prevenir la ocurrencia de delitos como robos y hurtos a transe\u00fantes, especialmente en sectores de alta afluencia, tales como el centro de la comuna, ferias navide\u00f1as, locales comerciales y paraderos de transporte p\u00fablico.<\/p>\n\n\n\n<figure class=\"wp-block-image size-large\"><img loading=\"lazy\" decoding=\"async\" width=\"1024\" height=\"768\" src=\"https:\/\/www.rengoenlanoticia.cl\/prensa\/wp-content\/uploads\/2025\/12\/WhatsApp-Image-2025-12-23-at-13.04.22-1024x768.jpeg\" alt=\"\" class=\"wp-image-8580\" srcset=\"https:\/\/www.rengoenlanoticia.cl\/prensa\/wp-content\/uploads\/2025\/12\/WhatsApp-Image-2025-12-23-at-13.04.22-1024x768.jpeg 1024w, https:\/\/www.rengoenlanoticia.cl\/prensa\/wp-content\/uploads\/2025\/12\/WhatsApp-Image-2025-12-23-at-13.04.22-300x225.jpeg 300w, https:\/\/www.rengoenlanoticia.cl\/prensa\/wp-content\/uploads\/2025\/12\/WhatsApp-Image-2025-12-23-at-13.04.22-768x576.jpeg 768w, https:\/\/www.rengoenlanoticia.cl\/prensa\/wp-content\/uploads\/2025\/12\/WhatsApp-Image-2025-12-23-at-13.04.22-110x83.jpeg 110w, https:\/\/www.rengoenlanoticia.cl\/prensa\/wp-content\/uploads\/2025\/12\/WhatsApp-Image-2025-12-23-at-13.04.22-200x150.jpeg 200w, https:\/\/www.rengoenlanoticia.cl\/prensa\/wp-content\/uploads\/2025\/12\/WhatsApp-Image-2025-12-23-at-13.04.22-380x285.jpeg 380w, https:\/\/www.rengoenlanoticia.cl\/prensa\/wp-content\/uploads\/2025\/12\/WhatsApp-Image-2025-12-23-at-13.04.22-255x191.jpeg 255w, https:\/\/www.rengoenlanoticia.cl\/prensa\/wp-content\/uploads\/2025\/12\/WhatsApp-Image-2025-12-23-at-13.04.22-550x413.jpeg 550w, https:\/\/www.rengoenlanoticia.cl\/prensa\/wp-content\/uploads\/2025\/12\/WhatsApp-Image-2025-12-23-at-13.04.22-800x600.jpeg 800w, https:\/\/www.rengoenlanoticia.cl\/prensa\/wp-content\/uploads\/2025\/12\/WhatsApp-Image-2025-12-23-at-13.04.22-1160x870.jpeg 1160w, https:\/\/www.rengoenlanoticia.cl\/prensa\/wp-content\/uploads\/2025\/12\/WhatsApp-Image-2025-12-23-at-13.04.22.jpeg 1280w\" sizes=\"auto, (max-width: 1024px) 100vw, 1024px\" \/><\/figure>\n\n\n\n<p>Durante los operativos preventivos, los equipos desplegados han realizado patrullajes mixtos, contacto directo con vecinos y comerciantes, adem\u00e1s de la entrega de material informativo con recomendaciones pr\u00e1cticas para disminuir los factores de riesgo. Entre los principales consejos entregados se encuentran el resguardo de pertenencias personales, evitar exhibir objetos de valor, mantener bolsos y mochilas cerradas y a la vista, y denunciar oportunamente cualquier situaci\u00f3n sospechosa.<\/p>\n\n\n\n<p>Asimismo, se ha hecho un llamado a la comunidad a planificar sus compras con anticipaci\u00f3n, preferir horarios con mayor iluminaci\u00f3n y presencia de p\u00fablico, y utilizar medios de pago seguros. En el caso de quienes acuden con ni\u00f1os, se recomend\u00f3 mantenerlos siempre bajo supervisi\u00f3n y acordar puntos de encuentro en caso de extrav\u00edo.<\/p>\n\n\n\n<figure class=\"wp-block-image size-large\"><img loading=\"lazy\" decoding=\"async\" width=\"1024\" height=\"768\" src=\"https:\/\/www.rengoenlanoticia.cl\/prensa\/wp-content\/uploads\/2025\/12\/WhatsApp-Image-2025-12-23-at-13.09.27-1024x768.jpeg\" alt=\"\" class=\"wp-image-8584\" srcset=\"https:\/\/www.rengoenlanoticia.cl\/prensa\/wp-content\/uploads\/2025\/12\/WhatsApp-Image-2025-12-23-at-13.09.27-1024x768.jpeg 1024w, https:\/\/www.rengoenlanoticia.cl\/prensa\/wp-content\/uploads\/2025\/12\/WhatsApp-Image-2025-12-23-at-13.09.27-300x225.jpeg 300w, https:\/\/www.rengoenlanoticia.cl\/prensa\/wp-content\/uploads\/2025\/12\/WhatsApp-Image-2025-12-23-at-13.09.27-768x576.jpeg 768w, https:\/\/www.rengoenlanoticia.cl\/prensa\/wp-content\/uploads\/2025\/12\/WhatsApp-Image-2025-12-23-at-13.09.27-110x83.jpeg 110w, https:\/\/www.rengoenlanoticia.cl\/prensa\/wp-content\/uploads\/2025\/12\/WhatsApp-Image-2025-12-23-at-13.09.27-200x150.jpeg 200w, https:\/\/www.rengoenlanoticia.cl\/prensa\/wp-content\/uploads\/2025\/12\/WhatsApp-Image-2025-12-23-at-13.09.27-380x285.jpeg 380w, https:\/\/www.rengoenlanoticia.cl\/prensa\/wp-content\/uploads\/2025\/12\/WhatsApp-Image-2025-12-23-at-13.09.27-255x191.jpeg 255w, https:\/\/www.rengoenlanoticia.cl\/prensa\/wp-content\/uploads\/2025\/12\/WhatsApp-Image-2025-12-23-at-13.09.27-550x413.jpeg 550w, https:\/\/www.rengoenlanoticia.cl\/prensa\/wp-content\/uploads\/2025\/12\/WhatsApp-Image-2025-12-23-at-13.09.27-800x600.jpeg 800w, https:\/\/www.rengoenlanoticia.cl\/prensa\/wp-content\/uploads\/2025\/12\/WhatsApp-Image-2025-12-23-at-13.09.27-1160x870.jpeg 1160w, https:\/\/www.rengoenlanoticia.cl\/prensa\/wp-content\/uploads\/2025\/12\/WhatsApp-Image-2025-12-23-at-13.09.27.jpeg 1280w\" sizes=\"auto, (max-width: 1024px) 100vw, 1024px\" \/><\/figure>\n\n\n\n<p>El jefe de la Miccc , Suboficial, Marco P\u00e9rez C\u00e1ceres,  de la 4\u00aa Comisar\u00eda Carabineros de Rengo destacaron la importancia del trabajo colaborativo con el municipio y los programas preventivos, se\u00f1alando que la seguridad es una tarea compartida que requiere del compromiso tanto de las instituciones como de la propia ciudadan\u00eda. En tanto, Senda Previene reforz\u00f3 mensajes asociados al autocuidado, la prevenci\u00f3n del consumo de alcohol y drogas, y la promoci\u00f3n de entornos familiares y comunitarios seguros durante las celebraciones.<\/p>\n\n\n\n<p>Las autoridades reiteraron el llamado a denunciar cualquier delito o situaci\u00f3n de riesgo a trav\u00e9s de los canales oficiales, como el fono 133 de Carabineros, enfatizando que la prevenci\u00f3n y la denuncia oportuna son claves para disfrutar de unas fiestas tranquilas y seguras.<\/p>\n\n\n\n<figure class=\"wp-block-image size-large\"><img loading=\"lazy\" decoding=\"async\" width=\"1024\" height=\"768\" src=\"https:\/\/www.rengoenlanoticia.cl\/prensa\/wp-content\/uploads\/2025\/12\/WhatsApp-Image-2025-12-23-at-13.09.27-1-1024x768.jpeg\" alt=\"\" class=\"wp-image-8583\" srcset=\"https:\/\/www.rengoenlanoticia.cl\/prensa\/wp-content\/uploads\/2025\/12\/WhatsApp-Image-2025-12-23-at-13.09.27-1-1024x768.jpeg 1024w, https:\/\/www.rengoenlanoticia.cl\/prensa\/wp-content\/uploads\/2025\/12\/WhatsApp-Image-2025-12-23-at-13.09.27-1-300x225.jpeg 300w, https:\/\/www.rengoenlanoticia.cl\/prensa\/wp-content\/uploads\/2025\/12\/WhatsApp-Image-2025-12-23-at-13.09.27-1-768x576.jpeg 768w, https:\/\/www.rengoenlanoticia.cl\/prensa\/wp-content\/uploads\/2025\/12\/WhatsApp-Image-2025-12-23-at-13.09.27-1-110x83.jpeg 110w, https:\/\/www.rengoenlanoticia.cl\/prensa\/wp-content\/uploads\/2025\/12\/WhatsApp-Image-2025-12-23-at-13.09.27-1-200x150.jpeg 200w, https:\/\/www.rengoenlanoticia.cl\/prensa\/wp-content\/uploads\/2025\/12\/WhatsApp-Image-2025-12-23-at-13.09.27-1-380x285.jpeg 380w, https:\/\/www.rengoenlanoticia.cl\/prensa\/wp-content\/uploads\/2025\/12\/WhatsApp-Image-2025-12-23-at-13.09.27-1-255x191.jpeg 255w, https:\/\/www.rengoenlanoticia.cl\/prensa\/wp-content\/uploads\/2025\/12\/WhatsApp-Image-2025-12-23-at-13.09.27-1-550x413.jpeg 550w, https:\/\/www.rengoenlanoticia.cl\/prensa\/wp-content\/uploads\/2025\/12\/WhatsApp-Image-2025-12-23-at-13.09.27-1-800x600.jpeg 800w, https:\/\/www.rengoenlanoticia.cl\/prensa\/wp-content\/uploads\/2025\/12\/WhatsApp-Image-2025-12-23-at-13.09.27-1-1160x870.jpeg 1160w, https:\/\/www.rengoenlanoticia.cl\/prensa\/wp-content\/uploads\/2025\/12\/WhatsApp-Image-2025-12-23-at-13.09.27-1.jpeg 1280w\" sizes=\"auto, (max-width: 1024px) 100vw, 1024px\" \/><\/figure>\n\n\n\n<p>Con estas iniciativas, el <strong>Plan Navidad Segura<\/strong> busca fortalecer la percepci\u00f3n de seguridad en la comuna de Rengo, promoviendo una convivencia responsable y reduciendo las oportunidades para la comisi\u00f3n de delitos durante el periodo navide\u00f1o.<\/p>\n","protected":false},"excerpt":{"rendered":"Carabineros y organismos municipales refuerzan campa\u00f1as preventivas en Rengo por \u201cPlan Navidad Segura\u201d En el marco de las&hellip;\n","protected":false},"author":2,"featured_media":8581,"comment_status":"open","ping_status":"open","sticky":false,"template":"","format":"standard","meta":{"_monsterinsights_skip_tracking":false,"_monsterinsights_sitenote_active":false,"_monsterinsights_sitenote_note":"","_monsterinsights_sitenote_category":0,"footnotes":""},"categories":[5,8],"tags":[],"class_list":{"0":"post-8579","1":"post","2":"type-post","3":"status-publish","4":"format-standard","5":"has-post-thumbnail","7":"category-policial","8":"category-portada"},"aioseo_notices":[],"_links":{"self":[{"href":"https:\/\/www.rengoenlanoticia.cl\/prensa\/wp-json\/wp\/v2\/posts\/8579","targetHints":{"allow":["GET"]}}],"collection":[{"href":"https:\/\/www.rengoenlanoticia.cl\/prensa\/wp-json\/wp\/v2\/posts"}],"about":[{"href":"https:\/\/www.rengoenlanoticia.cl\/prensa\/wp-json\/wp\/v2\/types\/post"}],"author":[{"embeddable":true,"href":"https:\/\/www.rengoenlanoticia.cl\/prensa\/wp-json\/wp\/v2\/users\/2"}],"replies":[{"embeddable":true,"href":"https:\/\/www.rengoenlanoticia.cl\/prensa\/wp-json\/wp\/v2\/comments?post=8579"}],"version-history":[{"count":3,"href":"https:\/\/www.rengoenlanoticia.cl\/prensa\/wp-json\/wp\/v2\/posts\/8579\/revisions"}],"predecessor-version":[{"id":8587,"href":"https:\/\/www.rengoenlanoticia.cl\/prensa\/wp-json\/wp\/v2\/posts\/8579\/revisions\/8587"}],"wp:featuredmedia":[{"embeddable":true,"href":"https:\/\/www.rengoenlanoticia.cl\/prensa\/wp-json\/wp\/v2\/media\/8581"}],"wp:attachment":[{"href":"https:\/\/www.rengoenlanoticia.cl\/prensa\/wp-json\/wp\/v2\/media?parent=8579"}],"wp:term":[{"taxonomy":"category","embeddable":true,"href":"https:\/\/www.rengoenlanoticia.cl\/prensa\/wp-json\/wp\/v2\/categories?post=8579"},{"taxonomy":"post_tag","embeddable":true,"href":"https:\/\/www.rengoenlanoticia.cl\/prensa\/wp-json\/wp\/v2\/tags?post=8579"}],"curies":[{"name":"wp","href":"https:\/\/api.w.org\/{rel}","templated":true}]}}