{"id":8546,"date":"2025-12-24T09:11:01","date_gmt":"2025-12-24T09:11:01","guid":{"rendered":"https:\/\/www.rengoenlanoticia.cl\/prensa\/?p=8546"},"modified":"2025-12-24T09:11:05","modified_gmt":"2025-12-24T09:11:05","slug":"hospital-de-santa-cruz-acerca-su-gestion-a-la-microarea-con-jornada-participativa-en-litueche","status":"publish","type":"post","link":"https:\/\/www.rengoenlanoticia.cl\/prensa\/2025\/12\/24\/hospital-de-santa-cruz-acerca-su-gestion-a-la-microarea-con-jornada-participativa-en-litueche\/","title":{"rendered":"Hospital de Santa Cruz acerca su gesti\u00f3n a la micro\u00e1rea con jornada participativa en Litueche"},"content":{"rendered":"\n<p>Litueche, 23 de diciembre de 2025.- Con el objetivo de fortalecer el v\u00ednculo entre el Hospital de Santa Cruz y las comunidades de su micro\u00e1rea, se desarroll\u00f3 una jornada de participaci\u00f3n ciudadana en el Hospital de Litueche.<\/p>\n\n\n\n<p>La actividad, liderada por el director del Hospital de Santa Cruz,&nbsp;Dr. Sebasti\u00e1n Urz\u00faa,&nbsp;se enmarca en el Plan de Participaci\u00f3n Ciudadana que el hospital impulsa de manera permanente y busca&nbsp;acercar el quehacer hospitalario al territorio, promoviendo espacios de di\u00e1logo directo con la comunidad organizada, la escucha activa y el trabajo colaborativo para avanzar hacia una salud m\u00e1s cercana y centrada en las personas.<\/p>\n\n\n\n<p>En la jornada participaron representantes de la comunidad organizada, entre ellas&nbsp;Sandra D\u00edaz, presidenta del Consejo Consultivo del Hospital, y&nbsp;Ruth Solar, integrante del Consejo de la Sociedad Civil (COSOC) del Servicio de Salud O\u2019Higgins, quienes destacaron la importancia de estas instancias para fortalecer la participaci\u00f3n social y el trabajo conjunto entre la red de salud y la ciudadan\u00eda.<\/p>\n\n\n\n<p>Respecto a la actividad, el Dr. Sebasti\u00e1n Urz\u00faa, se\u00f1al\u00f3 que \u201cestas jornadas nos permiten estar presentes en el territorio, conocer de primera fuente las necesidades de nuestra micro\u00e1rea y construir soluciones junto a la comunidad, acercando el hospital a las personas y sus realidades\u201d.<\/p>\n\n\n\n<p>Asimismo, puntualiz\u00f3 que \u201ccon este tipo de encuentros, el Hospital de Santa Cruz reafirma su compromiso con una gesti\u00f3n participativa, territorial y cercana, fortaleciendo el trabajo con las comunidades de su micro\u00e1rea y promoviendo una salud p\u00fablica m\u00e1s humana y accesible\u201d.<\/p>\n\n\n\n<p>En la misma l\u00ednea, el director del hospital de Litueche, Edson Vivanco indic\u00f3 que \u201cestas instancias son muy valiosas, porque nos permiten trabajar de manera directa con la comunidad y fortalecer la coordinaci\u00f3n entre los distintos niveles de la red de salud. Escuchar a las personas en su propio territorio nos ayuda a tomar mejores decisiones y a avanzar en una atenci\u00f3n m\u00e1s cercana y acorde a la realidad local\u201d.<\/p>\n","protected":false},"excerpt":{"rendered":"Litueche, 23 de diciembre de 2025.- Con el objetivo de fortalecer el v\u00ednculo entre el Hospital de Santa&hellip;\n","protected":false},"author":1,"featured_media":8547,"comment_status":"open","ping_status":"open","sticky":false,"template":"","format":"standard","meta":{"_monsterinsights_skip_tracking":false,"_monsterinsights_sitenote_active":false,"_monsterinsights_sitenote_note":"","_monsterinsights_sitenote_category":0,"footnotes":""},"categories":[8],"tags":[],"class_list":{"0":"post-8546","1":"post","2":"type-post","3":"status-publish","4":"format-standard","5":"has-post-thumbnail","7":"category-portada"},"aioseo_notices":[],"_links":{"self":[{"href":"https:\/\/www.rengoenlanoticia.cl\/prensa\/wp-json\/wp\/v2\/posts\/8546","targetHints":{"allow":["GET"]}}],"collection":[{"href":"https:\/\/www.rengoenlanoticia.cl\/prensa\/wp-json\/wp\/v2\/posts"}],"about":[{"href":"https:\/\/www.rengoenlanoticia.cl\/prensa\/wp-json\/wp\/v2\/types\/post"}],"author":[{"embeddable":true,"href":"https:\/\/www.rengoenlanoticia.cl\/prensa\/wp-json\/wp\/v2\/users\/1"}],"replies":[{"embeddable":true,"href":"https:\/\/www.rengoenlanoticia.cl\/prensa\/wp-json\/wp\/v2\/comments?post=8546"}],"version-history":[{"count":3,"href":"https:\/\/www.rengoenlanoticia.cl\/prensa\/wp-json\/wp\/v2\/posts\/8546\/revisions"}],"predecessor-version":[{"id":8574,"href":"https:\/\/www.rengoenlanoticia.cl\/prensa\/wp-json\/wp\/v2\/posts\/8546\/revisions\/8574"}],"wp:featuredmedia":[{"embeddable":true,"href":"https:\/\/www.rengoenlanoticia.cl\/prensa\/wp-json\/wp\/v2\/media\/8547"}],"wp:attachment":[{"href":"https:\/\/www.rengoenlanoticia.cl\/prensa\/wp-json\/wp\/v2\/media?parent=8546"}],"wp:term":[{"taxonomy":"category","embeddable":true,"href":"https:\/\/www.rengoenlanoticia.cl\/prensa\/wp-json\/wp\/v2\/categories?post=8546"},{"taxonomy":"post_tag","embeddable":true,"href":"https:\/\/www.rengoenlanoticia.cl\/prensa\/wp-json\/wp\/v2\/tags?post=8546"}],"curies":[{"name":"wp","href":"https:\/\/api.w.org\/{rel}","templated":true}]}}