{"id":8536,"date":"2025-12-24T09:11:30","date_gmt":"2025-12-24T09:11:30","guid":{"rendered":"https:\/\/www.rengoenlanoticia.cl\/prensa\/?p=8536"},"modified":"2025-12-24T09:11:33","modified_gmt":"2025-12-24T09:11:33","slug":"carabineros-sorprende-en-redes-sociales-con-video-navideno-inspirado-en-mi-pobre-angelito","status":"publish","type":"post","link":"https:\/\/www.rengoenlanoticia.cl\/prensa\/2025\/12\/24\/carabineros-sorprende-en-redes-sociales-con-video-navideno-inspirado-en-mi-pobre-angelito\/","title":{"rendered":"Carabineros sorprende en redes sociales con video navide\u00f1o inspirado en Mi Pobre Angelito"},"content":{"rendered":"\n<p>En v\u00edsperas de Navidad, Carabineros de Chile volvi\u00f3 a captar la atenci\u00f3n de los usuarios en redes sociales con un creativo video preventivo difundido a trav\u00e9s de Instagram y TikTok.<\/p>\n\n\n\n<p>En esta ocasi\u00f3n, la instituci\u00f3n apost\u00f3 por la pel\u00edcula m\u00e1s vista en \u00e9poca navide\u00f1a, recreando escenas inspiradas en \u201cMi Pobre Angelito\u201d.<\/p>\n\n\n\n<p>El registro audiovisual tiene como protagonistas a los recordados \u201cbandidos mojados\u201d, personajes de la cinta que, en esta versi\u00f3n, intentan cometer delitos durante las celebraciones de fin de a\u00f1o. Sin embargo, antes de concretar sus acciones, son interceptados por personal de Carabineros, reforzando el mensaje preventivo de seguridad en esta \u00e9poca, todo bajo los ojos de un ni\u00f1o que entrega unas t\u00f3rtolas, las que, como en la pel\u00edcula, simbolizan la amistad y cari\u00f1o entre las personas que las comparten.<\/p>\n\n\n\n<p>La iniciativa busca concientizar a la ciudadan\u00eda sobre la importancia de la prevenci\u00f3n, especialmente durante las fiestas navide\u00f1as, cuando delincuentes buscan descuidos propios de las celebraciones.<\/p>\n\n\n\n<p>A trav\u00e9s de un formato cercano y entretenido, el video entrega una se\u00f1al clara: Carabineros se mantiene atento y desplegado para evitar hechos delictivos.<\/p>\n\n\n\n<p>La publicaci\u00f3n r\u00e1pidamente gener\u00f3 reacciones positivas entre los usuarios, quienes destacaron la creatividad y cercan\u00eda de la campa\u00f1a, valorando el uso de referencias cinematogr\u00e1ficas para transmitir mensajes de seguridad p\u00fablica.<\/p>\n","protected":false},"excerpt":{"rendered":"En v\u00edsperas de Navidad, Carabineros de Chile volvi\u00f3 a captar la atenci\u00f3n de los usuarios en redes sociales&hellip;\n","protected":false},"author":1,"featured_media":8559,"comment_status":"open","ping_status":"open","sticky":false,"template":"","format":"standard","meta":{"_monsterinsights_skip_tracking":false,"_monsterinsights_sitenote_active":false,"_monsterinsights_sitenote_note":"","_monsterinsights_sitenote_category":0,"footnotes":""},"categories":[5,8],"tags":[],"class_list":{"0":"post-8536","1":"post","2":"type-post","3":"status-publish","4":"format-standard","5":"has-post-thumbnail","7":"category-policial","8":"category-portada"},"aioseo_notices":[],"_links":{"self":[{"href":"https:\/\/www.rengoenlanoticia.cl\/prensa\/wp-json\/wp\/v2\/posts\/8536","targetHints":{"allow":["GET"]}}],"collection":[{"href":"https:\/\/www.rengoenlanoticia.cl\/prensa\/wp-json\/wp\/v2\/posts"}],"about":[{"href":"https:\/\/www.rengoenlanoticia.cl\/prensa\/wp-json\/wp\/v2\/types\/post"}],"author":[{"embeddable":true,"href":"https:\/\/www.rengoenlanoticia.cl\/prensa\/wp-json\/wp\/v2\/users\/1"}],"replies":[{"embeddable":true,"href":"https:\/\/www.rengoenlanoticia.cl\/prensa\/wp-json\/wp\/v2\/comments?post=8536"}],"version-history":[{"count":3,"href":"https:\/\/www.rengoenlanoticia.cl\/prensa\/wp-json\/wp\/v2\/posts\/8536\/revisions"}],"predecessor-version":[{"id":8578,"href":"https:\/\/www.rengoenlanoticia.cl\/prensa\/wp-json\/wp\/v2\/posts\/8536\/revisions\/8578"}],"wp:featuredmedia":[{"embeddable":true,"href":"https:\/\/www.rengoenlanoticia.cl\/prensa\/wp-json\/wp\/v2\/media\/8559"}],"wp:attachment":[{"href":"https:\/\/www.rengoenlanoticia.cl\/prensa\/wp-json\/wp\/v2\/media?parent=8536"}],"wp:term":[{"taxonomy":"category","embeddable":true,"href":"https:\/\/www.rengoenlanoticia.cl\/prensa\/wp-json\/wp\/v2\/categories?post=8536"},{"taxonomy":"post_tag","embeddable":true,"href":"https:\/\/www.rengoenlanoticia.cl\/prensa\/wp-json\/wp\/v2\/tags?post=8536"}],"curies":[{"name":"wp","href":"https:\/\/api.w.org\/{rel}","templated":true}]}}