{"id":8535,"date":"2025-12-24T09:11:22","date_gmt":"2025-12-24T09:11:22","guid":{"rendered":"https:\/\/www.rengoenlanoticia.cl\/prensa\/?p=8535"},"modified":"2025-12-24T09:11:24","modified_gmt":"2025-12-24T09:11:24","slug":"gobierno-regional-entrega-reconocimientos-a-mas-de-100-deportistas-destacados-de-ohiggins","status":"publish","type":"post","link":"https:\/\/www.rengoenlanoticia.cl\/prensa\/2025\/12\/24\/gobierno-regional-entrega-reconocimientos-a-mas-de-100-deportistas-destacados-de-ohiggins\/","title":{"rendered":"Gobierno Regional entrega reconocimientos a m\u00e1s de 100 deportistas destacados de O\u2019Higgins"},"content":{"rendered":"\n<p>\u2022 Los atletas, representantes de diferentes disciplinas, obtuvieron excelentes resultados en torneos Sudamericanos, Parapanamericanos, nacionales y Juegos Bolivarianos desarrollados durante el 2025.<\/p>\n\n\n\n<p>En una emotiva ceremonia, el Gobierno Regional de O\u00b4Higgins distingui\u00f3 a m\u00e1s de 100 deportistas destacados de la regi\u00f3n, esto como una forma de reconocer los logros y sus sobresalientes participaciones en competencias nacionales e internacionales.<\/p>\n\n\n\n<p>La actividad, encabezada por el Gobernador Regional Pablo Silva Amaya, se desarroll\u00f3 en uno de los salones de conferencias de Monticello, espacio que fue repletado por estas j\u00f3venes y prominentes promesas, sus padres y familiares, as\u00ed como por diversas autoridades.<\/p>\n\n\n\n<figure class=\"wp-block-image size-large\"><img loading=\"lazy\" decoding=\"async\" width=\"1024\" height=\"682\" src=\"https:\/\/www.rengoenlanoticia.cl\/prensa\/wp-content\/uploads\/2025\/12\/WhatsApp-Image-2025-12-23-at-18.41.42-1024x682.jpeg\" alt=\"\" class=\"wp-image-8555\" srcset=\"https:\/\/www.rengoenlanoticia.cl\/prensa\/wp-content\/uploads\/2025\/12\/WhatsApp-Image-2025-12-23-at-18.41.42-1024x682.jpeg 1024w, https:\/\/www.rengoenlanoticia.cl\/prensa\/wp-content\/uploads\/2025\/12\/WhatsApp-Image-2025-12-23-at-18.41.42-300x200.jpeg 300w, https:\/\/www.rengoenlanoticia.cl\/prensa\/wp-content\/uploads\/2025\/12\/WhatsApp-Image-2025-12-23-at-18.41.42-768x512.jpeg 768w, https:\/\/www.rengoenlanoticia.cl\/prensa\/wp-content\/uploads\/2025\/12\/WhatsApp-Image-2025-12-23-at-18.41.42-1536x1024.jpeg 1536w, https:\/\/www.rengoenlanoticia.cl\/prensa\/wp-content\/uploads\/2025\/12\/WhatsApp-Image-2025-12-23-at-18.41.42-2048x1365.jpeg 2048w, https:\/\/www.rengoenlanoticia.cl\/prensa\/wp-content\/uploads\/2025\/12\/WhatsApp-Image-2025-12-23-at-18.41.42-110x73.jpeg 110w, https:\/\/www.rengoenlanoticia.cl\/prensa\/wp-content\/uploads\/2025\/12\/WhatsApp-Image-2025-12-23-at-18.41.42-200x133.jpeg 200w, https:\/\/www.rengoenlanoticia.cl\/prensa\/wp-content\/uploads\/2025\/12\/WhatsApp-Image-2025-12-23-at-18.41.42-380x253.jpeg 380w, https:\/\/www.rengoenlanoticia.cl\/prensa\/wp-content\/uploads\/2025\/12\/WhatsApp-Image-2025-12-23-at-18.41.42-255x170.jpeg 255w, https:\/\/www.rengoenlanoticia.cl\/prensa\/wp-content\/uploads\/2025\/12\/WhatsApp-Image-2025-12-23-at-18.41.42-550x367.jpeg 550w, https:\/\/www.rengoenlanoticia.cl\/prensa\/wp-content\/uploads\/2025\/12\/WhatsApp-Image-2025-12-23-at-18.41.42-800x533.jpeg 800w, https:\/\/www.rengoenlanoticia.cl\/prensa\/wp-content\/uploads\/2025\/12\/WhatsApp-Image-2025-12-23-at-18.41.42-1160x773.jpeg 1160w, https:\/\/www.rengoenlanoticia.cl\/prensa\/wp-content\/uploads\/2025\/12\/WhatsApp-Image-2025-12-23-at-18.41.42.jpeg 2560w\" sizes=\"auto, (max-width: 1024px) 100vw, 1024px\" \/><\/figure>\n\n\n\n<p>\u201cEstamos muy contentos por lo que estamos avanzando y, por lo mismo, agradecerles a nuestros deportistas, a sus padres y sus t\u00e9cnicos, que hacen posible que nuestra regi\u00f3n este muy arriba en lo que es el deporte competitivo. Eso nos hace muy felices, m\u00e1s a\u00fan, cuando ellos se transforman en los referentes de muchos otros ni\u00f1os\u201d, asegur\u00f3 la primera autoridad regional, agregando que \u201cla regi\u00f3n de O\u00b4Higgins se caracteriza por el apoyo a sus deportistas, y esto cambia favorablemente la vida a las personas\u201d.<\/p>\n\n\n\n<p>El paratenismesista rancag\u00fcino Crist\u00f3bal Garc\u00eda, quien tuvo una brillante actuaci\u00f3n en los recientes Juegos Parapanamericanos, confes\u00f3 que \u201cme cuesta asimilar todo lo que pas\u00f3 este a\u00f1o, consegu\u00ed cinco medallas, cinco medallas para la regi\u00f3n, lo que ha sido muy emocionante, algo que me ha llenado mucho, por lo que quiero agradecer las gestiones de todo el Gobierno Regional, destacando que es un trabajo enorme lo que hace el Gobernador Regional, por tanto, lo que nosotros debemos hacer es solo cumplir con responsabilidad. Me siento super lleno, porque cerr\u00e9 el a\u00f1o en mi mejor posici\u00f3n en el ranking mundial, ya que estoy siete del mundo, lo que me tiene super contento\u201d.<\/p>\n\n\n\n<p>Por su parte, la seleccionada nacional de karate Antonella Navarro cont\u00f3 que \u201cel a\u00f1o pasado llegu\u00e9 a ser la n\u00famero dos del mundo, esto fue gracias a que pude asistir a campeonatos con recursos que me aport\u00f3 el Gobierno Regional\u201d.<\/p>\n\n\n\n<p>En tanto, Nicol\u00e1s Bisquertt, esquiador paral\u00edmpico que literalmente compiti\u00f3 en la Copa Mundial en Italia y viaj\u00f3 a Chile para participar de la ceremonia, detall\u00f3 que \u201cel \u00faltimo aporte que me hicieron del Gobierno Regional fue para financiar un cubrepie, el cual me ayuda a hacer mi esqu\u00ed m\u00e1s aerodin\u00e1mico y con esto ganar unas mil\u00e9simas de segundo, que son claves en la disciplina de velocidad que practico\u201d.<\/p>\n\n\n\n<figure class=\"wp-block-image size-large\"><img loading=\"lazy\" decoding=\"async\" width=\"1024\" height=\"682\" src=\"https:\/\/www.rengoenlanoticia.cl\/prensa\/wp-content\/uploads\/2025\/12\/WhatsApp-Image-2025-12-23-at-18.41.40-1024x682.jpeg\" alt=\"\" class=\"wp-image-8554\" srcset=\"https:\/\/www.rengoenlanoticia.cl\/prensa\/wp-content\/uploads\/2025\/12\/WhatsApp-Image-2025-12-23-at-18.41.40-1024x682.jpeg 1024w, https:\/\/www.rengoenlanoticia.cl\/prensa\/wp-content\/uploads\/2025\/12\/WhatsApp-Image-2025-12-23-at-18.41.40-300x200.jpeg 300w, https:\/\/www.rengoenlanoticia.cl\/prensa\/wp-content\/uploads\/2025\/12\/WhatsApp-Image-2025-12-23-at-18.41.40-768x512.jpeg 768w, https:\/\/www.rengoenlanoticia.cl\/prensa\/wp-content\/uploads\/2025\/12\/WhatsApp-Image-2025-12-23-at-18.41.40-1536x1024.jpeg 1536w, https:\/\/www.rengoenlanoticia.cl\/prensa\/wp-content\/uploads\/2025\/12\/WhatsApp-Image-2025-12-23-at-18.41.40-2048x1365.jpeg 2048w, https:\/\/www.rengoenlanoticia.cl\/prensa\/wp-content\/uploads\/2025\/12\/WhatsApp-Image-2025-12-23-at-18.41.40-110x73.jpeg 110w, https:\/\/www.rengoenlanoticia.cl\/prensa\/wp-content\/uploads\/2025\/12\/WhatsApp-Image-2025-12-23-at-18.41.40-200x133.jpeg 200w, https:\/\/www.rengoenlanoticia.cl\/prensa\/wp-content\/uploads\/2025\/12\/WhatsApp-Image-2025-12-23-at-18.41.40-380x253.jpeg 380w, https:\/\/www.rengoenlanoticia.cl\/prensa\/wp-content\/uploads\/2025\/12\/WhatsApp-Image-2025-12-23-at-18.41.40-255x170.jpeg 255w, https:\/\/www.rengoenlanoticia.cl\/prensa\/wp-content\/uploads\/2025\/12\/WhatsApp-Image-2025-12-23-at-18.41.40-550x367.jpeg 550w, https:\/\/www.rengoenlanoticia.cl\/prensa\/wp-content\/uploads\/2025\/12\/WhatsApp-Image-2025-12-23-at-18.41.40-800x533.jpeg 800w, https:\/\/www.rengoenlanoticia.cl\/prensa\/wp-content\/uploads\/2025\/12\/WhatsApp-Image-2025-12-23-at-18.41.40-1160x773.jpeg 1160w, https:\/\/www.rengoenlanoticia.cl\/prensa\/wp-content\/uploads\/2025\/12\/WhatsApp-Image-2025-12-23-at-18.41.40.jpeg 2560w\" sizes=\"auto, (max-width: 1024px) 100vw, 1024px\" \/><\/figure>\n\n\n\n<p>Paratenis de mesa, karate, esgrima, atletismo, surf, v\u00f3leibol, ciclismo, nataci\u00f3n, rito al blanco, powerlifting, entre otras actividades deportivas destacaron en la ceremonia organizada por el Gobierno Regional de O\u2019Higgins, en tanto, uno de los cert\u00e1menes que se valoraron fue el desarrollo de los Juegos Juveniles Parapanamericanos Chile 2025, disputados en Rengo, Machal\u00ed y Santa Cruz.<\/p>\n\n\n\n<p>Para el presidente del Comit\u00e9 Paral\u00edmpico de Chile, Sebasti\u00e1n Villavicencio, \u201csomos muy malos para decir las cosas buenas y creo que este reconocimiento a los deportistas de la regi\u00f3n es una oportunidad para hablar del buen trabajo que ha hecho el Gobierno Regional de O\u00b4Higgins fomentando en deporte en todas sus l\u00edneas, lo que lo ha posicionado como un referente a nivel nacional\u201d.<\/p>\n","protected":false},"excerpt":{"rendered":"\u2022 Los atletas, representantes de diferentes disciplinas, obtuvieron excelentes resultados en torneos Sudamericanos, Parapanamericanos, nacionales y Juegos Bolivarianos&hellip;\n","protected":false},"author":1,"featured_media":8556,"comment_status":"open","ping_status":"open","sticky":false,"template":"","format":"standard","meta":{"_monsterinsights_skip_tracking":false,"_monsterinsights_sitenote_active":false,"_monsterinsights_sitenote_note":"","_monsterinsights_sitenote_category":0,"footnotes":""},"categories":[8],"tags":[],"class_list":{"0":"post-8535","1":"post","2":"type-post","3":"status-publish","4":"format-standard","5":"has-post-thumbnail","7":"category-portada"},"aioseo_notices":[],"_links":{"self":[{"href":"https:\/\/www.rengoenlanoticia.cl\/prensa\/wp-json\/wp\/v2\/posts\/8535","targetHints":{"allow":["GET"]}}],"collection":[{"href":"https:\/\/www.rengoenlanoticia.cl\/prensa\/wp-json\/wp\/v2\/posts"}],"about":[{"href":"https:\/\/www.rengoenlanoticia.cl\/prensa\/wp-json\/wp\/v2\/types\/post"}],"author":[{"embeddable":true,"href":"https:\/\/www.rengoenlanoticia.cl\/prensa\/wp-json\/wp\/v2\/users\/1"}],"replies":[{"embeddable":true,"href":"https:\/\/www.rengoenlanoticia.cl\/prensa\/wp-json\/wp\/v2\/comments?post=8535"}],"version-history":[{"count":3,"href":"https:\/\/www.rengoenlanoticia.cl\/prensa\/wp-json\/wp\/v2\/posts\/8535\/revisions"}],"predecessor-version":[{"id":8577,"href":"https:\/\/www.rengoenlanoticia.cl\/prensa\/wp-json\/wp\/v2\/posts\/8535\/revisions\/8577"}],"wp:featuredmedia":[{"embeddable":true,"href":"https:\/\/www.rengoenlanoticia.cl\/prensa\/wp-json\/wp\/v2\/media\/8556"}],"wp:attachment":[{"href":"https:\/\/www.rengoenlanoticia.cl\/prensa\/wp-json\/wp\/v2\/media?parent=8535"}],"wp:term":[{"taxonomy":"category","embeddable":true,"href":"https:\/\/www.rengoenlanoticia.cl\/prensa\/wp-json\/wp\/v2\/categories?post=8535"},{"taxonomy":"post_tag","embeddable":true,"href":"https:\/\/www.rengoenlanoticia.cl\/prensa\/wp-json\/wp\/v2\/tags?post=8535"}],"curies":[{"name":"wp","href":"https:\/\/api.w.org\/{rel}","templated":true}]}}