{"id":8531,"date":"2025-12-24T09:10:42","date_gmt":"2025-12-24T09:10:42","guid":{"rendered":"https:\/\/www.rengoenlanoticia.cl\/prensa\/?p=8531"},"modified":"2025-12-24T09:10:47","modified_gmt":"2025-12-24T09:10:47","slug":"recorrido-por-la-red-regional-fortalece-la-relacion-asistencial-docente-en-el-hospital-de-pichilemu","status":"publish","type":"post","link":"https:\/\/www.rengoenlanoticia.cl\/prensa\/2025\/12\/24\/recorrido-por-la-red-regional-fortalece-la-relacion-asistencial-docente-en-el-hospital-de-pichilemu\/","title":{"rendered":"Recorrido por la red regional fortalece la Relaci\u00f3n Asistencial Docente en el Hospital de Pichilemu"},"content":{"rendered":"\n<p>\u00a0\u00a0La visita del Departamento de Relaci\u00f3n Asistencial Docente (RAD) del Servicio de Salud O\u2019Higgins permiti\u00f3 identificar brechas, compartir experiencias y proyectar mejoras en los procesos docentes de los hospitales de baja y mediana complejidad.<\/p>\n\n\n\n<p>\u00a0En el marco del recorrido por la red asistencial regional, el jefe del Departamento de Relaci\u00f3n Asistencial Docente (RAD) del Servicio de Salud O\u2019Higgins, Dr. Luis Salavarr\u00eda, junto a su equipo, sostuvo una reuni\u00f3n de trabajo con la jefatura de Asistencia Docente del Hospital de Pichilemu.<\/p>\n\n\n\n<p>El encuentro tuvo como objetivo analizar y avanzar en la identificaci\u00f3n de brechas que enfrentan los hospitales de baja y mediana complejidad, poniendo el foco en el fortalecimiento de las necesidades y procesos vinculados a la asistencia docente. Asimismo, la instancia permiti\u00f3 observar el desempe\u00f1o de la relaci\u00f3n asistencial docente en el Hospital de Pichilemu, establecimiento de base comunitaria que cumple un rol clave como hospital ancla de la provincia de Cardenal Caro.<\/p>\n\n\n\n<p>La jornada fue valorada como provechosa, ya que se abordaron de manera integral las brechas existentes, los requerimientos asistenciales docentes del hospital, as\u00ed como tambi\u00e9n sus experiencias, fortalezas y debilidades, generando un espacio de di\u00e1logo abierto y constructivo entre los equipos.<\/p>\n\n\n\n<p>Al respecto, el Dr. Luis Salavarr\u00eda se\u00f1al\u00f3 que la visita en terreno tuvo como objetivo \u201cescuchar de primera fuente las necesidades, los problemas, los trabajos y las proyecciones del departamento encargado de la relaci\u00f3n asistencial docente\u201d<\/p>\n\n\n\n<figure class=\"wp-block-image size-large\"><img loading=\"lazy\" decoding=\"async\" width=\"1024\" height=\"768\" src=\"https:\/\/www.rengoenlanoticia.cl\/prensa\/wp-content\/uploads\/2025\/12\/RAD2-1024x768.jpeg\" alt=\"\" class=\"wp-image-8539\" srcset=\"https:\/\/www.rengoenlanoticia.cl\/prensa\/wp-content\/uploads\/2025\/12\/RAD2-1024x768.jpeg 1024w, https:\/\/www.rengoenlanoticia.cl\/prensa\/wp-content\/uploads\/2025\/12\/RAD2-300x225.jpeg 300w, https:\/\/www.rengoenlanoticia.cl\/prensa\/wp-content\/uploads\/2025\/12\/RAD2-768x576.jpeg 768w, https:\/\/www.rengoenlanoticia.cl\/prensa\/wp-content\/uploads\/2025\/12\/RAD2-110x83.jpeg 110w, https:\/\/www.rengoenlanoticia.cl\/prensa\/wp-content\/uploads\/2025\/12\/RAD2-200x150.jpeg 200w, https:\/\/www.rengoenlanoticia.cl\/prensa\/wp-content\/uploads\/2025\/12\/RAD2-380x285.jpeg 380w, https:\/\/www.rengoenlanoticia.cl\/prensa\/wp-content\/uploads\/2025\/12\/RAD2-255x191.jpeg 255w, https:\/\/www.rengoenlanoticia.cl\/prensa\/wp-content\/uploads\/2025\/12\/RAD2-550x413.jpeg 550w, https:\/\/www.rengoenlanoticia.cl\/prensa\/wp-content\/uploads\/2025\/12\/RAD2-800x600.jpeg 800w, https:\/\/www.rengoenlanoticia.cl\/prensa\/wp-content\/uploads\/2025\/12\/RAD2-1160x870.jpeg 1160w, https:\/\/www.rengoenlanoticia.cl\/prensa\/wp-content\/uploads\/2025\/12\/RAD2.jpeg 1280w\" sizes=\"auto, (max-width: 1024px) 100vw, 1024px\" \/><\/figure>\n\n\n\n<p>Por su parte, la coordinadora de Hospitales de Base Comunitaria del Servicio de Salud O\u2019Higgins, Dra. Alejandra Reyes, expres\u00f3 su satisfacci\u00f3n con los resultados de la visita, indicando que \u201cestamos muy contentos y satisfechos por el trabajo que se ha realizado, con grandes proyecciones para el trabajo que desarrollaremos durante el a\u00f1o 2026\u201d.<\/p>\n\n\n\n<p>Finalmente, para la enfermera y encargada de la RAD del Hospital de Pichilemu, Dra. Andrea Pi\u00f1a, coment\u00f3 que desde el establecimiento del secano costero, cuentan con \u201cmuchas ganas de poder fortalecer la RAD, de poder cada vez recibir m\u00e1s internos y entregarle una buena experiencia docente\u201d.<\/p>\n\n\n\n<p>Este tipo de encuentros en terreno refuerza el trabajo colaborativo entre el Servicio de Salud O\u2019Higgins y los establecimientos de la red, promoviendo una relaci\u00f3n asistencial docente m\u00e1s s\u00f3lida, alineada con las realidades locales y orientada a la formaci\u00f3n de futuros profesionales de la salud con enfoque comunitario.<\/p>\n","protected":false},"excerpt":{"rendered":"\u00a0\u00a0La visita del Departamento de Relaci\u00f3n Asistencial Docente (RAD) del Servicio de Salud O\u2019Higgins permiti\u00f3 identificar brechas, compartir&hellip;\n","protected":false},"author":1,"featured_media":8540,"comment_status":"open","ping_status":"open","sticky":false,"template":"","format":"standard","meta":{"_monsterinsights_skip_tracking":false,"_monsterinsights_sitenote_active":false,"_monsterinsights_sitenote_note":"","_monsterinsights_sitenote_category":0,"footnotes":""},"categories":[8],"tags":[],"class_list":{"0":"post-8531","1":"post","2":"type-post","3":"status-publish","4":"format-standard","5":"has-post-thumbnail","7":"category-portada"},"aioseo_notices":[],"_links":{"self":[{"href":"https:\/\/www.rengoenlanoticia.cl\/prensa\/wp-json\/wp\/v2\/posts\/8531","targetHints":{"allow":["GET"]}}],"collection":[{"href":"https:\/\/www.rengoenlanoticia.cl\/prensa\/wp-json\/wp\/v2\/posts"}],"about":[{"href":"https:\/\/www.rengoenlanoticia.cl\/prensa\/wp-json\/wp\/v2\/types\/post"}],"author":[{"embeddable":true,"href":"https:\/\/www.rengoenlanoticia.cl\/prensa\/wp-json\/wp\/v2\/users\/1"}],"replies":[{"embeddable":true,"href":"https:\/\/www.rengoenlanoticia.cl\/prensa\/wp-json\/wp\/v2\/comments?post=8531"}],"version-history":[{"count":3,"href":"https:\/\/www.rengoenlanoticia.cl\/prensa\/wp-json\/wp\/v2\/posts\/8531\/revisions"}],"predecessor-version":[{"id":8569,"href":"https:\/\/www.rengoenlanoticia.cl\/prensa\/wp-json\/wp\/v2\/posts\/8531\/revisions\/8569"}],"wp:featuredmedia":[{"embeddable":true,"href":"https:\/\/www.rengoenlanoticia.cl\/prensa\/wp-json\/wp\/v2\/media\/8540"}],"wp:attachment":[{"href":"https:\/\/www.rengoenlanoticia.cl\/prensa\/wp-json\/wp\/v2\/media?parent=8531"}],"wp:term":[{"taxonomy":"category","embeddable":true,"href":"https:\/\/www.rengoenlanoticia.cl\/prensa\/wp-json\/wp\/v2\/categories?post=8531"},{"taxonomy":"post_tag","embeddable":true,"href":"https:\/\/www.rengoenlanoticia.cl\/prensa\/wp-json\/wp\/v2\/tags?post=8531"}],"curies":[{"name":"wp","href":"https:\/\/api.w.org\/{rel}","templated":true}]}}