{"id":8523,"date":"2025-12-23T02:58:08","date_gmt":"2025-12-23T02:58:08","guid":{"rendered":"https:\/\/www.rengoenlanoticia.cl\/prensa\/?p=8523"},"modified":"2025-12-23T03:01:14","modified_gmt":"2025-12-23T03:01:14","slug":"carabineros-micc-de-rengo-acompanan-a-vecinos-con-campanas-preventivas-por-plan-navidad-segura","status":"publish","type":"post","link":"https:\/\/www.rengoenlanoticia.cl\/prensa\/2025\/12\/23\/carabineros-micc-de-rengo-acompanan-a-vecinos-con-campanas-preventivas-por-plan-navidad-segura\/","title":{"rendered":"Carabineros MICC de Rengo acompa\u00f1an a vecinos con campa\u00f1as preventivas por Plan Navidad Segura"},"content":{"rendered":"\n<p>En su permanente compromiso con la seguridad y el bienestar de la comunidad, personal de la <strong>Oficina MICC de la 4\u00aa Comisar\u00eda de Rengo<\/strong> realiz\u00f3 durante la tarde de este lunes una <strong>campa\u00f1a preventiva<\/strong> dirigida a los vecinos y vecinas que efectuaban compras en el sector central de la comuna.<\/p>\n\n\n\n<p>La iniciativa se enmarca en el <strong>\u201cPlan Navidad Segura\u201d<\/strong>, estrategia impulsada por Carabineros de Chile con el objetivo de <strong>prevenir delitos<\/strong>, especialmente aquellos asociados al aumento del flujo de personas y transacciones comerciales propias de las fiestas de fin de a\u00f1o.<\/p>\n\n\n\n<p>Durante el recorrido, el personal policial entreg\u00f3 <strong>recomendaciones de autocuidado y seguridad<\/strong>, orientadas a evitar robos, hurtos y estafas, tales como mantener resguardadas las pertenencias personales, no exhibir grandes sumas de dinero, estar atentos al entorno y denunciar oportunamente cualquier situaci\u00f3n sospechosa.<\/p>\n\n\n\n<figure class=\"wp-block-image size-large\"><img loading=\"lazy\" decoding=\"async\" width=\"1024\" height=\"883\" src=\"https:\/\/www.rengoenlanoticia.cl\/prensa\/wp-content\/uploads\/2025\/12\/WhatsApp-Image-2025-12-22-at-18.47.57-1024x883.jpeg\" alt=\"\" class=\"wp-image-8527\" srcset=\"https:\/\/www.rengoenlanoticia.cl\/prensa\/wp-content\/uploads\/2025\/12\/WhatsApp-Image-2025-12-22-at-18.47.57-1024x883.jpeg 1024w, https:\/\/www.rengoenlanoticia.cl\/prensa\/wp-content\/uploads\/2025\/12\/WhatsApp-Image-2025-12-22-at-18.47.57-300x259.jpeg 300w, https:\/\/www.rengoenlanoticia.cl\/prensa\/wp-content\/uploads\/2025\/12\/WhatsApp-Image-2025-12-22-at-18.47.57-768x662.jpeg 768w, https:\/\/www.rengoenlanoticia.cl\/prensa\/wp-content\/uploads\/2025\/12\/WhatsApp-Image-2025-12-22-at-18.47.57-110x95.jpeg 110w, https:\/\/www.rengoenlanoticia.cl\/prensa\/wp-content\/uploads\/2025\/12\/WhatsApp-Image-2025-12-22-at-18.47.57-200x172.jpeg 200w, https:\/\/www.rengoenlanoticia.cl\/prensa\/wp-content\/uploads\/2025\/12\/WhatsApp-Image-2025-12-22-at-18.47.57-380x327.jpeg 380w, https:\/\/www.rengoenlanoticia.cl\/prensa\/wp-content\/uploads\/2025\/12\/WhatsApp-Image-2025-12-22-at-18.47.57-255x220.jpeg 255w, https:\/\/www.rengoenlanoticia.cl\/prensa\/wp-content\/uploads\/2025\/12\/WhatsApp-Image-2025-12-22-at-18.47.57-550x474.jpeg 550w, https:\/\/www.rengoenlanoticia.cl\/prensa\/wp-content\/uploads\/2025\/12\/WhatsApp-Image-2025-12-22-at-18.47.57-800x689.jpeg 800w, https:\/\/www.rengoenlanoticia.cl\/prensa\/wp-content\/uploads\/2025\/12\/WhatsApp-Image-2025-12-22-at-18.47.57.jpeg 1100w\" sizes=\"auto, (max-width: 1024px) 100vw, 1024px\" \/><\/figure>\n\n\n\n<p>El Suboficial , Marco P\u00e9rez C\u00e1ceres, indic\u00f3, que asimismo, se reforz\u00f3 el llamado a la comunidad a <strong>planificar sus compras<\/strong>, preferir lugares autorizados, resguardar documentos y coordinar medidas de seguridad en el hogar, especialmente al ausentarse por per\u00edodos prolongados.<\/p>\n\n\n\n<p>Desde la 4\u00aa Comisar\u00eda de Rengo destacaron la <strong>positiva recepci\u00f3n de los vecinos<\/strong>, reafirmando que este tipo de acciones preventivas buscan fortalecer el v\u00ednculo con la ciudadan\u00eda y promover una <strong>Navidad m\u00e1s segura y tranquila para todos<\/strong>.<\/p>\n\n\n\n<p>Carabineros reiter\u00f3 su compromiso de mantener <strong>servicios preventivos permanentes<\/strong> en distintos puntos de la comuna durante las festividades, invitando a la comunidad a colaborar y a comunicarse oportunamente a trav\u00e9s de los canales oficiales ante cualquier emergencia.<\/p>\n\n\n\n<figure class=\"wp-block-image size-full\"><img loading=\"lazy\" decoding=\"async\" width=\"927\" height=\"615\" src=\"https:\/\/www.rengoenlanoticia.cl\/prensa\/wp-content\/uploads\/2025\/12\/WhatsApp-Image-2025-12-22-at-18.47.56-2.jpeg\" alt=\"\" class=\"wp-image-8525\" srcset=\"https:\/\/www.rengoenlanoticia.cl\/prensa\/wp-content\/uploads\/2025\/12\/WhatsApp-Image-2025-12-22-at-18.47.56-2.jpeg 927w, https:\/\/www.rengoenlanoticia.cl\/prensa\/wp-content\/uploads\/2025\/12\/WhatsApp-Image-2025-12-22-at-18.47.56-2-300x199.jpeg 300w, https:\/\/www.rengoenlanoticia.cl\/prensa\/wp-content\/uploads\/2025\/12\/WhatsApp-Image-2025-12-22-at-18.47.56-2-768x510.jpeg 768w, https:\/\/www.rengoenlanoticia.cl\/prensa\/wp-content\/uploads\/2025\/12\/WhatsApp-Image-2025-12-22-at-18.47.56-2-110x73.jpeg 110w, https:\/\/www.rengoenlanoticia.cl\/prensa\/wp-content\/uploads\/2025\/12\/WhatsApp-Image-2025-12-22-at-18.47.56-2-200x133.jpeg 200w, https:\/\/www.rengoenlanoticia.cl\/prensa\/wp-content\/uploads\/2025\/12\/WhatsApp-Image-2025-12-22-at-18.47.56-2-380x252.jpeg 380w, https:\/\/www.rengoenlanoticia.cl\/prensa\/wp-content\/uploads\/2025\/12\/WhatsApp-Image-2025-12-22-at-18.47.56-2-255x169.jpeg 255w, https:\/\/www.rengoenlanoticia.cl\/prensa\/wp-content\/uploads\/2025\/12\/WhatsApp-Image-2025-12-22-at-18.47.56-2-550x365.jpeg 550w, https:\/\/www.rengoenlanoticia.cl\/prensa\/wp-content\/uploads\/2025\/12\/WhatsApp-Image-2025-12-22-at-18.47.56-2-800x531.jpeg 800w\" sizes=\"auto, (max-width: 927px) 100vw, 927px\" \/><\/figure>\n\n\n\n<figure class=\"wp-block-image size-large\"><img loading=\"lazy\" decoding=\"async\" width=\"1024\" height=\"835\" src=\"https:\/\/www.rengoenlanoticia.cl\/prensa\/wp-content\/uploads\/2025\/12\/WhatsApp-Image-2025-12-22-at-18.47.56-1-1024x835.jpeg\" alt=\"\" class=\"wp-image-8524\" srcset=\"https:\/\/www.rengoenlanoticia.cl\/prensa\/wp-content\/uploads\/2025\/12\/WhatsApp-Image-2025-12-22-at-18.47.56-1-1024x835.jpeg 1024w, https:\/\/www.rengoenlanoticia.cl\/prensa\/wp-content\/uploads\/2025\/12\/WhatsApp-Image-2025-12-22-at-18.47.56-1-300x245.jpeg 300w, https:\/\/www.rengoenlanoticia.cl\/prensa\/wp-content\/uploads\/2025\/12\/WhatsApp-Image-2025-12-22-at-18.47.56-1-768x626.jpeg 768w, https:\/\/www.rengoenlanoticia.cl\/prensa\/wp-content\/uploads\/2025\/12\/WhatsApp-Image-2025-12-22-at-18.47.56-1-110x90.jpeg 110w, https:\/\/www.rengoenlanoticia.cl\/prensa\/wp-content\/uploads\/2025\/12\/WhatsApp-Image-2025-12-22-at-18.47.56-1-200x163.jpeg 200w, https:\/\/www.rengoenlanoticia.cl\/prensa\/wp-content\/uploads\/2025\/12\/WhatsApp-Image-2025-12-22-at-18.47.56-1-380x310.jpeg 380w, https:\/\/www.rengoenlanoticia.cl\/prensa\/wp-content\/uploads\/2025\/12\/WhatsApp-Image-2025-12-22-at-18.47.56-1-255x208.jpeg 255w, https:\/\/www.rengoenlanoticia.cl\/prensa\/wp-content\/uploads\/2025\/12\/WhatsApp-Image-2025-12-22-at-18.47.56-1-550x449.jpeg 550w, https:\/\/www.rengoenlanoticia.cl\/prensa\/wp-content\/uploads\/2025\/12\/WhatsApp-Image-2025-12-22-at-18.47.56-1-800x652.jpeg 800w, https:\/\/www.rengoenlanoticia.cl\/prensa\/wp-content\/uploads\/2025\/12\/WhatsApp-Image-2025-12-22-at-18.47.56-1.jpeg 1100w\" sizes=\"auto, (max-width: 1024px) 100vw, 1024px\" \/><\/figure>\n","protected":false},"excerpt":{"rendered":"En su permanente compromiso con la seguridad y el bienestar de la comunidad, personal de la Oficina MICC&hellip;\n","protected":false},"author":2,"featured_media":8526,"comment_status":"open","ping_status":"open","sticky":false,"template":"","format":"standard","meta":{"_monsterinsights_skip_tracking":false,"_monsterinsights_sitenote_active":false,"_monsterinsights_sitenote_note":"","_monsterinsights_sitenote_category":0,"footnotes":""},"categories":[5,8],"tags":[],"class_list":{"0":"post-8523","1":"post","2":"type-post","3":"status-publish","4":"format-standard","5":"has-post-thumbnail","7":"category-policial","8":"category-portada"},"aioseo_notices":[],"_links":{"self":[{"href":"https:\/\/www.rengoenlanoticia.cl\/prensa\/wp-json\/wp\/v2\/posts\/8523","targetHints":{"allow":["GET"]}}],"collection":[{"href":"https:\/\/www.rengoenlanoticia.cl\/prensa\/wp-json\/wp\/v2\/posts"}],"about":[{"href":"https:\/\/www.rengoenlanoticia.cl\/prensa\/wp-json\/wp\/v2\/types\/post"}],"author":[{"embeddable":true,"href":"https:\/\/www.rengoenlanoticia.cl\/prensa\/wp-json\/wp\/v2\/users\/2"}],"replies":[{"embeddable":true,"href":"https:\/\/www.rengoenlanoticia.cl\/prensa\/wp-json\/wp\/v2\/comments?post=8523"}],"version-history":[{"count":3,"href":"https:\/\/www.rengoenlanoticia.cl\/prensa\/wp-json\/wp\/v2\/posts\/8523\/revisions"}],"predecessor-version":[{"id":8530,"href":"https:\/\/www.rengoenlanoticia.cl\/prensa\/wp-json\/wp\/v2\/posts\/8523\/revisions\/8530"}],"wp:featuredmedia":[{"embeddable":true,"href":"https:\/\/www.rengoenlanoticia.cl\/prensa\/wp-json\/wp\/v2\/media\/8526"}],"wp:attachment":[{"href":"https:\/\/www.rengoenlanoticia.cl\/prensa\/wp-json\/wp\/v2\/media?parent=8523"}],"wp:term":[{"taxonomy":"category","embeddable":true,"href":"https:\/\/www.rengoenlanoticia.cl\/prensa\/wp-json\/wp\/v2\/categories?post=8523"},{"taxonomy":"post_tag","embeddable":true,"href":"https:\/\/www.rengoenlanoticia.cl\/prensa\/wp-json\/wp\/v2\/tags?post=8523"}],"curies":[{"name":"wp","href":"https:\/\/api.w.org\/{rel}","templated":true}]}}