{"id":8516,"date":"2025-12-23T02:29:46","date_gmt":"2025-12-23T02:29:46","guid":{"rendered":"https:\/\/www.rengoenlanoticia.cl\/prensa\/?p=8516"},"modified":"2025-12-23T02:29:48","modified_gmt":"2025-12-23T02:29:48","slug":"regalos-que-sanan-el-alma-damas-de-rojo-iluminan-el-hospital-de-rengo","status":"publish","type":"post","link":"https:\/\/www.rengoenlanoticia.cl\/prensa\/2025\/12\/23\/regalos-que-sanan-el-alma-damas-de-rojo-iluminan-el-hospital-de-rengo\/","title":{"rendered":"\u201cRegalos que sanan el alma: Damas de Rojo iluminan el Hospital de Rengo\u201d"},"content":{"rendered":"\n<p>Durante la ma\u00f1ana, el hospital de Rengo, se llen\u00f3 de emoci\u00f3n y alegr\u00eda gracias a la visita de las <strong>Damas de Rojo<\/strong>, quienes realizaron una significativa entrega de <strong>104 regalos<\/strong> a pacientes hospitalizados en las \u00e1reas de <strong>UPC, Maternidad, Pediatr\u00eda, Neonatolog\u00eda y M\u00e9dico Quir\u00fargico<\/strong>.<\/p>\n\n\n\n<figure class=\"wp-block-image size-large\"><img loading=\"lazy\" decoding=\"async\" width=\"1024\" height=\"576\" src=\"https:\/\/www.rengoenlanoticia.cl\/prensa\/wp-content\/uploads\/2025\/12\/602427368_1199151825740655_6278897875459472310_n-1024x576.jpg\" alt=\"\" class=\"wp-image-8517\" srcset=\"https:\/\/www.rengoenlanoticia.cl\/prensa\/wp-content\/uploads\/2025\/12\/602427368_1199151825740655_6278897875459472310_n-1024x576.jpg 1024w, https:\/\/www.rengoenlanoticia.cl\/prensa\/wp-content\/uploads\/2025\/12\/602427368_1199151825740655_6278897875459472310_n-300x169.jpg 300w, https:\/\/www.rengoenlanoticia.cl\/prensa\/wp-content\/uploads\/2025\/12\/602427368_1199151825740655_6278897875459472310_n-768x432.jpg 768w, https:\/\/www.rengoenlanoticia.cl\/prensa\/wp-content\/uploads\/2025\/12\/602427368_1199151825740655_6278897875459472310_n-1536x864.jpg 1536w, https:\/\/www.rengoenlanoticia.cl\/prensa\/wp-content\/uploads\/2025\/12\/602427368_1199151825740655_6278897875459472310_n-110x62.jpg 110w, https:\/\/www.rengoenlanoticia.cl\/prensa\/wp-content\/uploads\/2025\/12\/602427368_1199151825740655_6278897875459472310_n-200x113.jpg 200w, https:\/\/www.rengoenlanoticia.cl\/prensa\/wp-content\/uploads\/2025\/12\/602427368_1199151825740655_6278897875459472310_n-380x214.jpg 380w, https:\/\/www.rengoenlanoticia.cl\/prensa\/wp-content\/uploads\/2025\/12\/602427368_1199151825740655_6278897875459472310_n-255x143.jpg 255w, https:\/\/www.rengoenlanoticia.cl\/prensa\/wp-content\/uploads\/2025\/12\/602427368_1199151825740655_6278897875459472310_n-550x309.jpg 550w, https:\/\/www.rengoenlanoticia.cl\/prensa\/wp-content\/uploads\/2025\/12\/602427368_1199151825740655_6278897875459472310_n-800x450.jpg 800w, https:\/\/www.rengoenlanoticia.cl\/prensa\/wp-content\/uploads\/2025\/12\/602427368_1199151825740655_6278897875459472310_n-1160x653.jpg 1160w, https:\/\/www.rengoenlanoticia.cl\/prensa\/wp-content\/uploads\/2025\/12\/602427368_1199151825740655_6278897875459472310_n.jpg 2048w\" sizes=\"auto, (max-width: 1024px) 100vw, 1024px\" \/><\/figure>\n\n\n\n<p>Acompa\u00f1adas por el c\u00e1lido sonido de una cantante acompa\u00f1a de su guitarra, Jessica Laras, recorrieron los pasillos entonando bellos villancicos, creando un ambiente lleno de esperanza, sonrisas y cari\u00f1o en la antesala de la Navidad. Cada gesto fue un abrazo al coraz\u00f3n para pacientes, familias y funcionarios.<\/p>\n\n\n\n<figure class=\"wp-block-image size-large\"><img loading=\"lazy\" decoding=\"async\" width=\"1024\" height=\"576\" src=\"https:\/\/www.rengoenlanoticia.cl\/prensa\/wp-content\/uploads\/2025\/12\/602390403_1199151675740670_8825527180747957244_n-1024x576.jpg\" alt=\"\" class=\"wp-image-8520\" srcset=\"https:\/\/www.rengoenlanoticia.cl\/prensa\/wp-content\/uploads\/2025\/12\/602390403_1199151675740670_8825527180747957244_n-1024x576.jpg 1024w, https:\/\/www.rengoenlanoticia.cl\/prensa\/wp-content\/uploads\/2025\/12\/602390403_1199151675740670_8825527180747957244_n-300x169.jpg 300w, https:\/\/www.rengoenlanoticia.cl\/prensa\/wp-content\/uploads\/2025\/12\/602390403_1199151675740670_8825527180747957244_n-768x432.jpg 768w, https:\/\/www.rengoenlanoticia.cl\/prensa\/wp-content\/uploads\/2025\/12\/602390403_1199151675740670_8825527180747957244_n-1536x864.jpg 1536w, https:\/\/www.rengoenlanoticia.cl\/prensa\/wp-content\/uploads\/2025\/12\/602390403_1199151675740670_8825527180747957244_n-110x62.jpg 110w, https:\/\/www.rengoenlanoticia.cl\/prensa\/wp-content\/uploads\/2025\/12\/602390403_1199151675740670_8825527180747957244_n-200x113.jpg 200w, https:\/\/www.rengoenlanoticia.cl\/prensa\/wp-content\/uploads\/2025\/12\/602390403_1199151675740670_8825527180747957244_n-380x214.jpg 380w, https:\/\/www.rengoenlanoticia.cl\/prensa\/wp-content\/uploads\/2025\/12\/602390403_1199151675740670_8825527180747957244_n-255x143.jpg 255w, https:\/\/www.rengoenlanoticia.cl\/prensa\/wp-content\/uploads\/2025\/12\/602390403_1199151675740670_8825527180747957244_n-550x309.jpg 550w, https:\/\/www.rengoenlanoticia.cl\/prensa\/wp-content\/uploads\/2025\/12\/602390403_1199151675740670_8825527180747957244_n-800x450.jpg 800w, https:\/\/www.rengoenlanoticia.cl\/prensa\/wp-content\/uploads\/2025\/12\/602390403_1199151675740670_8825527180747957244_n-1160x653.jpg 1160w, https:\/\/www.rengoenlanoticia.cl\/prensa\/wp-content\/uploads\/2025\/12\/602390403_1199151675740670_8825527180747957244_n.jpg 2048w\" sizes=\"auto, (max-width: 1024px) 100vw, 1024px\" \/><\/figure>\n\n\n\n<p>Se agradece profundamente esta noble labor y el compromiso de acompa\u00f1ar con amor y solidaridad a quienes m\u00e1s lo necesitan.<br><strong>\u00a1Gracias por regalar alegr\u00eda y por estar siempre presentes<\/strong><\/p>\n\n\n\n<p class=\"has-text-align-center\"><strong>\u201cGracias Damas de Rojo Rengo\u201d<\/strong><\/p>\n\n\n\n<p><\/p>\n","protected":false},"excerpt":{"rendered":"Durante la ma\u00f1ana, el hospital de Rengo, se llen\u00f3 de emoci\u00f3n y alegr\u00eda gracias a la visita de&hellip;\n","protected":false},"author":2,"featured_media":8518,"comment_status":"open","ping_status":"open","sticky":false,"template":"","format":"standard","meta":{"_monsterinsights_skip_tracking":false,"_monsterinsights_sitenote_active":false,"_monsterinsights_sitenote_note":"","_monsterinsights_sitenote_category":0,"footnotes":""},"categories":[8],"tags":[],"class_list":{"0":"post-8516","1":"post","2":"type-post","3":"status-publish","4":"format-standard","5":"has-post-thumbnail","7":"category-portada"},"aioseo_notices":[],"_links":{"self":[{"href":"https:\/\/www.rengoenlanoticia.cl\/prensa\/wp-json\/wp\/v2\/posts\/8516","targetHints":{"allow":["GET"]}}],"collection":[{"href":"https:\/\/www.rengoenlanoticia.cl\/prensa\/wp-json\/wp\/v2\/posts"}],"about":[{"href":"https:\/\/www.rengoenlanoticia.cl\/prensa\/wp-json\/wp\/v2\/types\/post"}],"author":[{"embeddable":true,"href":"https:\/\/www.rengoenlanoticia.cl\/prensa\/wp-json\/wp\/v2\/users\/2"}],"replies":[{"embeddable":true,"href":"https:\/\/www.rengoenlanoticia.cl\/prensa\/wp-json\/wp\/v2\/comments?post=8516"}],"version-history":[{"count":3,"href":"https:\/\/www.rengoenlanoticia.cl\/prensa\/wp-json\/wp\/v2\/posts\/8516\/revisions"}],"predecessor-version":[{"id":8522,"href":"https:\/\/www.rengoenlanoticia.cl\/prensa\/wp-json\/wp\/v2\/posts\/8516\/revisions\/8522"}],"wp:featuredmedia":[{"embeddable":true,"href":"https:\/\/www.rengoenlanoticia.cl\/prensa\/wp-json\/wp\/v2\/media\/8518"}],"wp:attachment":[{"href":"https:\/\/www.rengoenlanoticia.cl\/prensa\/wp-json\/wp\/v2\/media?parent=8516"}],"wp:term":[{"taxonomy":"category","embeddable":true,"href":"https:\/\/www.rengoenlanoticia.cl\/prensa\/wp-json\/wp\/v2\/categories?post=8516"},{"taxonomy":"post_tag","embeddable":true,"href":"https:\/\/www.rengoenlanoticia.cl\/prensa\/wp-json\/wp\/v2\/tags?post=8516"}],"curies":[{"name":"wp","href":"https:\/\/api.w.org\/{rel}","templated":true}]}}