{"id":8508,"date":"2025-12-23T01:54:44","date_gmt":"2025-12-23T01:54:44","guid":{"rendered":"https:\/\/www.rengoenlanoticia.cl\/prensa\/?p=8508"},"modified":"2025-12-23T03:00:06","modified_gmt":"2025-12-23T03:00:06","slug":"el-valiente-camino-de-una-madre-lidia-marcha-a-la-moneda-por-la-lucha-contra-el-cancer-de-su-hija-amanda","status":"publish","type":"post","link":"https:\/\/www.rengoenlanoticia.cl\/prensa\/2025\/12\/23\/el-valiente-camino-de-una-madre-lidia-marcha-a-la-moneda-por-la-lucha-contra-el-cancer-de-su-hija-amanda\/","title":{"rendered":"\u201cEl valiente camino de una madre: Lidia marcha a La Moneda por la lucha contra el c\u00e1ncer de su hija Amanda\u201d"},"content":{"rendered":"\n<h3 id=\"personal-micc-de-la-4a-comisaria-de-rengo-brindo-apoyo-comunitario-y-seguridad-vial-en-ruta-5-sur\" class=\"wp-block-heading\">Personal MICC de la 4\u00aa Comisar\u00eda de Rengo brind\u00f3 apoyo comunitario y seguridad vial en Ruta 5 Sur<\/h3>\n\n\n\n<p>Durante el fin de semana, personal de la <strong>MICC de la 4\u00aa Comisar\u00eda de Rengo<\/strong>, en conjunto con funcionarios de la <strong>MICC de la Subcomisar\u00eda de Requ\u00ednoa<\/strong>, realiz\u00f3 una destacada labor comunitaria entregando <strong>seguridad vial y acompa\u00f1amiento preventivo<\/strong> a la se\u00f1ora <strong>Lidia Monroy<\/strong>, quien se encuentra realizando un recorrido a pie por la <strong>Ruta 5 Sur<\/strong> con destino a la <strong>Regi\u00f3n Metropolitana<\/strong>.<\/p>\n\n\n\n<figure class=\"wp-block-image size-large\"><img loading=\"lazy\" decoding=\"async\" width=\"1024\" height=\"462\" src=\"https:\/\/www.rengoenlanoticia.cl\/prensa\/wp-content\/uploads\/2025\/12\/WhatsApp-Image-2025-12-21-at-11.06.04-1024x462.jpeg\" alt=\"\" class=\"wp-image-8509\" srcset=\"https:\/\/www.rengoenlanoticia.cl\/prensa\/wp-content\/uploads\/2025\/12\/WhatsApp-Image-2025-12-21-at-11.06.04-1024x462.jpeg 1024w, https:\/\/www.rengoenlanoticia.cl\/prensa\/wp-content\/uploads\/2025\/12\/WhatsApp-Image-2025-12-21-at-11.06.04-300x135.jpeg 300w, https:\/\/www.rengoenlanoticia.cl\/prensa\/wp-content\/uploads\/2025\/12\/WhatsApp-Image-2025-12-21-at-11.06.04-768x346.jpeg 768w, https:\/\/www.rengoenlanoticia.cl\/prensa\/wp-content\/uploads\/2025\/12\/WhatsApp-Image-2025-12-21-at-11.06.04-110x50.jpeg 110w, https:\/\/www.rengoenlanoticia.cl\/prensa\/wp-content\/uploads\/2025\/12\/WhatsApp-Image-2025-12-21-at-11.06.04-200x90.jpeg 200w, https:\/\/www.rengoenlanoticia.cl\/prensa\/wp-content\/uploads\/2025\/12\/WhatsApp-Image-2025-12-21-at-11.06.04-380x171.jpeg 380w, https:\/\/www.rengoenlanoticia.cl\/prensa\/wp-content\/uploads\/2025\/12\/WhatsApp-Image-2025-12-21-at-11.06.04-255x115.jpeg 255w, https:\/\/www.rengoenlanoticia.cl\/prensa\/wp-content\/uploads\/2025\/12\/WhatsApp-Image-2025-12-21-at-11.06.04-550x248.jpeg 550w, https:\/\/www.rengoenlanoticia.cl\/prensa\/wp-content\/uploads\/2025\/12\/WhatsApp-Image-2025-12-21-at-11.06.04-800x361.jpeg 800w, https:\/\/www.rengoenlanoticia.cl\/prensa\/wp-content\/uploads\/2025\/12\/WhatsApp-Image-2025-12-21-at-11.06.04-1160x523.jpeg 1160w, https:\/\/www.rengoenlanoticia.cl\/prensa\/wp-content\/uploads\/2025\/12\/WhatsApp-Image-2025-12-21-at-11.06.04.jpeg 1280w\" sizes=\"auto, (max-width: 1024px) 100vw, 1024px\" \/><\/figure>\n\n\n\n<p>La se\u00f1ora Lidia Monroy es madre de la peque\u00f1a <strong>Amanda Leiva Monroy<\/strong>, y su desplazamiento tiene como finalidad <strong>dar a conocer a las autoridades de Gobierno la compleja situaci\u00f3n de salud que afecta a su hija<\/strong>, buscando apoyo y mayor visibilizaci\u00f3n de su caso.<\/p>\n\n\n\n<p>El personal policial brind\u00f3 acompa\u00f1amiento permanente durante el trayecto, velando por la seguridad vial, orientando a conductores y resguardando la integridad f\u00edsica de la se\u00f1ora Monroy, en una acci\u00f3n que refleja el compromiso de Carabineros de Chile con la comunidad y el apoyo a causas sociales de alto impacto humano.<\/p>\n\n\n\n<figure class=\"wp-block-image size-large\"><img loading=\"lazy\" decoding=\"async\" width=\"1024\" height=\"768\" src=\"https:\/\/www.rengoenlanoticia.cl\/prensa\/wp-content\/uploads\/2025\/12\/WhatsApp-Image-2025-12-22-at-09.54.41-1-1024x768.jpeg\" alt=\"\" class=\"wp-image-8510\" srcset=\"https:\/\/www.rengoenlanoticia.cl\/prensa\/wp-content\/uploads\/2025\/12\/WhatsApp-Image-2025-12-22-at-09.54.41-1-1024x768.jpeg 1024w, https:\/\/www.rengoenlanoticia.cl\/prensa\/wp-content\/uploads\/2025\/12\/WhatsApp-Image-2025-12-22-at-09.54.41-1-300x225.jpeg 300w, https:\/\/www.rengoenlanoticia.cl\/prensa\/wp-content\/uploads\/2025\/12\/WhatsApp-Image-2025-12-22-at-09.54.41-1-768x576.jpeg 768w, https:\/\/www.rengoenlanoticia.cl\/prensa\/wp-content\/uploads\/2025\/12\/WhatsApp-Image-2025-12-22-at-09.54.41-1-1536x1152.jpeg 1536w, https:\/\/www.rengoenlanoticia.cl\/prensa\/wp-content\/uploads\/2025\/12\/WhatsApp-Image-2025-12-22-at-09.54.41-1-110x83.jpeg 110w, https:\/\/www.rengoenlanoticia.cl\/prensa\/wp-content\/uploads\/2025\/12\/WhatsApp-Image-2025-12-22-at-09.54.41-1-200x150.jpeg 200w, https:\/\/www.rengoenlanoticia.cl\/prensa\/wp-content\/uploads\/2025\/12\/WhatsApp-Image-2025-12-22-at-09.54.41-1-380x285.jpeg 380w, https:\/\/www.rengoenlanoticia.cl\/prensa\/wp-content\/uploads\/2025\/12\/WhatsApp-Image-2025-12-22-at-09.54.41-1-255x191.jpeg 255w, https:\/\/www.rengoenlanoticia.cl\/prensa\/wp-content\/uploads\/2025\/12\/WhatsApp-Image-2025-12-22-at-09.54.41-1-550x413.jpeg 550w, https:\/\/www.rengoenlanoticia.cl\/prensa\/wp-content\/uploads\/2025\/12\/WhatsApp-Image-2025-12-22-at-09.54.41-1-800x600.jpeg 800w, https:\/\/www.rengoenlanoticia.cl\/prensa\/wp-content\/uploads\/2025\/12\/WhatsApp-Image-2025-12-22-at-09.54.41-1-1160x870.jpeg 1160w, https:\/\/www.rengoenlanoticia.cl\/prensa\/wp-content\/uploads\/2025\/12\/WhatsApp-Image-2025-12-22-at-09.54.41-1.jpeg 1600w\" sizes=\"auto, (max-width: 1024px) 100vw, 1024px\" \/><\/figure>\n\n\n\n<p>Este valiente recorrido tiene como destino final el <strong>Palacio de La Moneda<\/strong>, donde la madre busca representar la <strong>incansable lucha contra el c\u00e1ncer que enfrenta su hija Amanda<\/strong>, generando conciencia y solicitando respaldo para las familias que atraviesan situaciones similares.<\/p>\n\n\n\n<p>Carabineros reafirma, a trav\u00e9s de estas acciones, su rol preventivo y comunitario, acompa\u00f1ando y protegiendo a quienes, con esfuerzo y esperanza, buscan ser escuchados.<\/p>\n\n\n\n<figure class=\"wp-block-image size-large\"><img loading=\"lazy\" decoding=\"async\" width=\"1024\" height=\"768\" src=\"https:\/\/www.rengoenlanoticia.cl\/prensa\/wp-content\/uploads\/2025\/12\/WhatsApp-Image-2025-12-22-at-09.54.41-2-1024x768.jpeg\" alt=\"\" class=\"wp-image-8511\" srcset=\"https:\/\/www.rengoenlanoticia.cl\/prensa\/wp-content\/uploads\/2025\/12\/WhatsApp-Image-2025-12-22-at-09.54.41-2-1024x768.jpeg 1024w, https:\/\/www.rengoenlanoticia.cl\/prensa\/wp-content\/uploads\/2025\/12\/WhatsApp-Image-2025-12-22-at-09.54.41-2-300x225.jpeg 300w, https:\/\/www.rengoenlanoticia.cl\/prensa\/wp-content\/uploads\/2025\/12\/WhatsApp-Image-2025-12-22-at-09.54.41-2-768x576.jpeg 768w, https:\/\/www.rengoenlanoticia.cl\/prensa\/wp-content\/uploads\/2025\/12\/WhatsApp-Image-2025-12-22-at-09.54.41-2-1536x1152.jpeg 1536w, https:\/\/www.rengoenlanoticia.cl\/prensa\/wp-content\/uploads\/2025\/12\/WhatsApp-Image-2025-12-22-at-09.54.41-2-110x83.jpeg 110w, https:\/\/www.rengoenlanoticia.cl\/prensa\/wp-content\/uploads\/2025\/12\/WhatsApp-Image-2025-12-22-at-09.54.41-2-200x150.jpeg 200w, https:\/\/www.rengoenlanoticia.cl\/prensa\/wp-content\/uploads\/2025\/12\/WhatsApp-Image-2025-12-22-at-09.54.41-2-380x285.jpeg 380w, https:\/\/www.rengoenlanoticia.cl\/prensa\/wp-content\/uploads\/2025\/12\/WhatsApp-Image-2025-12-22-at-09.54.41-2-255x191.jpeg 255w, https:\/\/www.rengoenlanoticia.cl\/prensa\/wp-content\/uploads\/2025\/12\/WhatsApp-Image-2025-12-22-at-09.54.41-2-550x413.jpeg 550w, https:\/\/www.rengoenlanoticia.cl\/prensa\/wp-content\/uploads\/2025\/12\/WhatsApp-Image-2025-12-22-at-09.54.41-2-800x600.jpeg 800w, https:\/\/www.rengoenlanoticia.cl\/prensa\/wp-content\/uploads\/2025\/12\/WhatsApp-Image-2025-12-22-at-09.54.41-2-1160x870.jpeg 1160w, https:\/\/www.rengoenlanoticia.cl\/prensa\/wp-content\/uploads\/2025\/12\/WhatsApp-Image-2025-12-22-at-09.54.41-2.jpeg 1600w\" sizes=\"auto, (max-width: 1024px) 100vw, 1024px\" \/><\/figure>\n","protected":false},"excerpt":{"rendered":"Personal MICC de la 4\u00aa Comisar\u00eda de Rengo brind\u00f3 apoyo comunitario y seguridad vial en Ruta 5 Sur&hellip;\n","protected":false},"author":2,"featured_media":8512,"comment_status":"open","ping_status":"open","sticky":false,"template":"","format":"standard","meta":{"_monsterinsights_skip_tracking":false,"_monsterinsights_sitenote_active":false,"_monsterinsights_sitenote_note":"","_monsterinsights_sitenote_category":0,"footnotes":""},"categories":[5,8],"tags":[],"class_list":{"0":"post-8508","1":"post","2":"type-post","3":"status-publish","4":"format-standard","5":"has-post-thumbnail","7":"category-policial","8":"category-portada"},"aioseo_notices":[],"_links":{"self":[{"href":"https:\/\/www.rengoenlanoticia.cl\/prensa\/wp-json\/wp\/v2\/posts\/8508","targetHints":{"allow":["GET"]}}],"collection":[{"href":"https:\/\/www.rengoenlanoticia.cl\/prensa\/wp-json\/wp\/v2\/posts"}],"about":[{"href":"https:\/\/www.rengoenlanoticia.cl\/prensa\/wp-json\/wp\/v2\/types\/post"}],"author":[{"embeddable":true,"href":"https:\/\/www.rengoenlanoticia.cl\/prensa\/wp-json\/wp\/v2\/users\/2"}],"replies":[{"embeddable":true,"href":"https:\/\/www.rengoenlanoticia.cl\/prensa\/wp-json\/wp\/v2\/comments?post=8508"}],"version-history":[{"count":3,"href":"https:\/\/www.rengoenlanoticia.cl\/prensa\/wp-json\/wp\/v2\/posts\/8508\/revisions"}],"predecessor-version":[{"id":8515,"href":"https:\/\/www.rengoenlanoticia.cl\/prensa\/wp-json\/wp\/v2\/posts\/8508\/revisions\/8515"}],"wp:featuredmedia":[{"embeddable":true,"href":"https:\/\/www.rengoenlanoticia.cl\/prensa\/wp-json\/wp\/v2\/media\/8512"}],"wp:attachment":[{"href":"https:\/\/www.rengoenlanoticia.cl\/prensa\/wp-json\/wp\/v2\/media?parent=8508"}],"wp:term":[{"taxonomy":"category","embeddable":true,"href":"https:\/\/www.rengoenlanoticia.cl\/prensa\/wp-json\/wp\/v2\/categories?post=8508"},{"taxonomy":"post_tag","embeddable":true,"href":"https:\/\/www.rengoenlanoticia.cl\/prensa\/wp-json\/wp\/v2\/tags?post=8508"}],"curies":[{"name":"wp","href":"https:\/\/api.w.org\/{rel}","templated":true}]}}