{"id":8487,"date":"2025-12-23T01:38:47","date_gmt":"2025-12-23T01:38:47","guid":{"rendered":"https:\/\/www.rengoenlanoticia.cl\/prensa\/?p=8487"},"modified":"2025-12-23T01:38:49","modified_gmt":"2025-12-23T01:38:49","slug":"hospital-de-graneros-finaliza-talleres-de-bienestar-emocional","status":"publish","type":"post","link":"https:\/\/www.rengoenlanoticia.cl\/prensa\/2025\/12\/23\/hospital-de-graneros-finaliza-talleres-de-bienestar-emocional\/","title":{"rendered":"Hospital de Graneros finaliza talleres de bienestar emocional"},"content":{"rendered":"\n<p>Con enfoque integral y humano, y a trav\u00e9s de la conexi\u00f3n con la naturaleza y la activaci\u00f3n de los sentidos, el establecimiento ofreci\u00f3 un espacio de contenci\u00f3n, autocuidado y encuentro para la comunidad usuaria<\/p>\n\n\n\n<p>\u00a0Con una emotiva jornada de cierre, el Hospital de Graneros concluy\u00f3 los Talleres de Bienestar Natural Integral, iniciativa desarrollada por la Unidad de Salud Mental junto al Programa Demencias, dirigida a personas de distintas edades del ciclo vital y realizada durante el mes de noviembre y las primeras semanas de diciembre.<\/p>\n\n\n\n<figure class=\"wp-block-image size-large\"><img loading=\"lazy\" decoding=\"async\" width=\"1024\" height=\"734\" src=\"https:\/\/www.rengoenlanoticia.cl\/prensa\/wp-content\/uploads\/2025\/12\/WhatsApp-Image-2025-12-22-at-11.31.48-1024x734.jpeg\" alt=\"\" class=\"wp-image-8498\" srcset=\"https:\/\/www.rengoenlanoticia.cl\/prensa\/wp-content\/uploads\/2025\/12\/WhatsApp-Image-2025-12-22-at-11.31.48-1024x734.jpeg 1024w, https:\/\/www.rengoenlanoticia.cl\/prensa\/wp-content\/uploads\/2025\/12\/WhatsApp-Image-2025-12-22-at-11.31.48-300x215.jpeg 300w, https:\/\/www.rengoenlanoticia.cl\/prensa\/wp-content\/uploads\/2025\/12\/WhatsApp-Image-2025-12-22-at-11.31.48-768x550.jpeg 768w, https:\/\/www.rengoenlanoticia.cl\/prensa\/wp-content\/uploads\/2025\/12\/WhatsApp-Image-2025-12-22-at-11.31.48-110x79.jpeg 110w, https:\/\/www.rengoenlanoticia.cl\/prensa\/wp-content\/uploads\/2025\/12\/WhatsApp-Image-2025-12-22-at-11.31.48-200x143.jpeg 200w, https:\/\/www.rengoenlanoticia.cl\/prensa\/wp-content\/uploads\/2025\/12\/WhatsApp-Image-2025-12-22-at-11.31.48-380x272.jpeg 380w, https:\/\/www.rengoenlanoticia.cl\/prensa\/wp-content\/uploads\/2025\/12\/WhatsApp-Image-2025-12-22-at-11.31.48-255x183.jpeg 255w, https:\/\/www.rengoenlanoticia.cl\/prensa\/wp-content\/uploads\/2025\/12\/WhatsApp-Image-2025-12-22-at-11.31.48-550x394.jpeg 550w, https:\/\/www.rengoenlanoticia.cl\/prensa\/wp-content\/uploads\/2025\/12\/WhatsApp-Image-2025-12-22-at-11.31.48-800x573.jpeg 800w, https:\/\/www.rengoenlanoticia.cl\/prensa\/wp-content\/uploads\/2025\/12\/WhatsApp-Image-2025-12-22-at-11.31.48-1160x831.jpeg 1160w, https:\/\/www.rengoenlanoticia.cl\/prensa\/wp-content\/uploads\/2025\/12\/WhatsApp-Image-2025-12-22-at-11.31.48.jpeg 1423w\" sizes=\"auto, (max-width: 1024px) 100vw, 1024px\" \/><\/figure>\n\n\n\n<p>El espacio tuvo como principal objetivo acompa\u00f1ar y fortalecer el bienestar emocional de los usuarios en control, promoviendo el autocuidado, la conexi\u00f3n con la naturaleza y la activaci\u00f3n de los sentidos como herramientas terap\u00e9uticas complementarias para la salud mental.<\/p>\n\n\n\n<p><\/p>\n\n\n\n<p>Al respecto, el director del Hospital de Graneros, Dr. Mauricio Aedo, destac\u00f3 la importancia de este tipo de iniciativas se\u00f1alando que \u201ccomo hospital p\u00fablico, tenemos el compromiso de ir m\u00e1s all\u00e1 de la atenci\u00f3n cl\u00ednica tradicional. Estos talleres reflejan una forma m\u00e1s humana, cercana e integral de cuidar la salud mental, fortaleciendo v\u00ednculos, promoviendo el autocuidado y entregando herramientas concretas que impactan positivamente en la calidad de vida de nuestros usuarios y sus familias\u201d.<\/p>\n\n\n\n<p>El taller fue guiado por el natur\u00f3pata Karino Nilo, junto al equipo de profesionales de la Unidad de Salud Mental, quienes acompa\u00f1aron a los participantes en diversas actividades enfocadas en la integraci\u00f3n sensorial y el bienestar natural. A trav\u00e9s de aromas, texturas, semillas y plantas medicinales, los usuarios exploraron formas simples y accesibles de reconectar con su cuerpo y emociones.<\/p>\n\n\n\n<figure class=\"wp-block-image size-large\"><img loading=\"lazy\" decoding=\"async\" width=\"768\" height=\"1024\" src=\"https:\/\/www.rengoenlanoticia.cl\/prensa\/wp-content\/uploads\/2025\/12\/WhatsApp-Image-2025-12-22-at-11.31.48-1-768x1024.jpeg\" alt=\"\" class=\"wp-image-8495\" srcset=\"https:\/\/www.rengoenlanoticia.cl\/prensa\/wp-content\/uploads\/2025\/12\/WhatsApp-Image-2025-12-22-at-11.31.48-1-768x1024.jpeg 768w, https:\/\/www.rengoenlanoticia.cl\/prensa\/wp-content\/uploads\/2025\/12\/WhatsApp-Image-2025-12-22-at-11.31.48-1-225x300.jpeg 225w, https:\/\/www.rengoenlanoticia.cl\/prensa\/wp-content\/uploads\/2025\/12\/WhatsApp-Image-2025-12-22-at-11.31.48-1-1152x1536.jpeg 1152w, https:\/\/www.rengoenlanoticia.cl\/prensa\/wp-content\/uploads\/2025\/12\/WhatsApp-Image-2025-12-22-at-11.31.48-1-110x147.jpeg 110w, https:\/\/www.rengoenlanoticia.cl\/prensa\/wp-content\/uploads\/2025\/12\/WhatsApp-Image-2025-12-22-at-11.31.48-1-200x267.jpeg 200w, https:\/\/www.rengoenlanoticia.cl\/prensa\/wp-content\/uploads\/2025\/12\/WhatsApp-Image-2025-12-22-at-11.31.48-1-380x507.jpeg 380w, https:\/\/www.rengoenlanoticia.cl\/prensa\/wp-content\/uploads\/2025\/12\/WhatsApp-Image-2025-12-22-at-11.31.48-1-255x340.jpeg 255w, https:\/\/www.rengoenlanoticia.cl\/prensa\/wp-content\/uploads\/2025\/12\/WhatsApp-Image-2025-12-22-at-11.31.48-1-300x400.jpeg 300w, https:\/\/www.rengoenlanoticia.cl\/prensa\/wp-content\/uploads\/2025\/12\/WhatsApp-Image-2025-12-22-at-11.31.48-1-550x733.jpeg 550w, https:\/\/www.rengoenlanoticia.cl\/prensa\/wp-content\/uploads\/2025\/12\/WhatsApp-Image-2025-12-22-at-11.31.48-1-800x1067.jpeg 800w, https:\/\/www.rengoenlanoticia.cl\/prensa\/wp-content\/uploads\/2025\/12\/WhatsApp-Image-2025-12-22-at-11.31.48-1-1160x1547.jpeg 1160w, https:\/\/www.rengoenlanoticia.cl\/prensa\/wp-content\/uploads\/2025\/12\/WhatsApp-Image-2025-12-22-at-11.31.48-1.jpeg 1200w\" sizes=\"auto, (max-width: 768px) 100vw, 768px\" \/><\/figure>\n\n\n\n<p>Durante las sesiones, se desarrollaron experiencias como la elaboraci\u00f3n de guateros de semillas, el reconocimiento de plantas medicinales y la creaci\u00f3n de peque\u00f1os huertos, promoviendo espacios de calma, escucha activa y contenci\u00f3n emocional. Los participantes valoraron especialmente la posibilidad de detenerse, compartir y encontrar un entorno seguro para el descanso y la renovaci\u00f3n personal.<\/p>\n\n\n\n<p>Desde la Unidad de Salud Mental del Hospital de Graneros, la terapeuta ocupacional Valentina Gallardo,destac\u00f3 que este tipo de talleres no solo entregan conocimientos pr\u00e1cticos, sino que tambi\u00e9n generan un impacto emocional significativo, fortaleciendo la autonom\u00eda, la autoestima y el sentido de comunidad entre los usuarios.<\/p>\n\n\n\n<figure class=\"wp-block-image size-large\"><img loading=\"lazy\" decoding=\"async\" width=\"1024\" height=\"826\" src=\"https:\/\/www.rengoenlanoticia.cl\/prensa\/wp-content\/uploads\/2025\/12\/WhatsApp-Image-2025-12-22-at-11.31.48-2-1024x826.jpeg\" alt=\"\" class=\"wp-image-8496\" srcset=\"https:\/\/www.rengoenlanoticia.cl\/prensa\/wp-content\/uploads\/2025\/12\/WhatsApp-Image-2025-12-22-at-11.31.48-2-1024x826.jpeg 1024w, https:\/\/www.rengoenlanoticia.cl\/prensa\/wp-content\/uploads\/2025\/12\/WhatsApp-Image-2025-12-22-at-11.31.48-2-300x242.jpeg 300w, https:\/\/www.rengoenlanoticia.cl\/prensa\/wp-content\/uploads\/2025\/12\/WhatsApp-Image-2025-12-22-at-11.31.48-2-768x619.jpeg 768w, https:\/\/www.rengoenlanoticia.cl\/prensa\/wp-content\/uploads\/2025\/12\/WhatsApp-Image-2025-12-22-at-11.31.48-2-110x89.jpeg 110w, https:\/\/www.rengoenlanoticia.cl\/prensa\/wp-content\/uploads\/2025\/12\/WhatsApp-Image-2025-12-22-at-11.31.48-2-200x161.jpeg 200w, https:\/\/www.rengoenlanoticia.cl\/prensa\/wp-content\/uploads\/2025\/12\/WhatsApp-Image-2025-12-22-at-11.31.48-2-380x306.jpeg 380w, https:\/\/www.rengoenlanoticia.cl\/prensa\/wp-content\/uploads\/2025\/12\/WhatsApp-Image-2025-12-22-at-11.31.48-2-255x206.jpeg 255w, https:\/\/www.rengoenlanoticia.cl\/prensa\/wp-content\/uploads\/2025\/12\/WhatsApp-Image-2025-12-22-at-11.31.48-2-550x444.jpeg 550w, https:\/\/www.rengoenlanoticia.cl\/prensa\/wp-content\/uploads\/2025\/12\/WhatsApp-Image-2025-12-22-at-11.31.48-2-800x645.jpeg 800w, https:\/\/www.rengoenlanoticia.cl\/prensa\/wp-content\/uploads\/2025\/12\/WhatsApp-Image-2025-12-22-at-11.31.48-2-1160x935.jpeg 1160w, https:\/\/www.rengoenlanoticia.cl\/prensa\/wp-content\/uploads\/2025\/12\/WhatsApp-Image-2025-12-22-at-11.31.48-2.jpeg 1488w\" sizes=\"auto, (max-width: 1024px) 100vw, 1024px\" \/><\/figure>\n\n\n\n<p>Finalmente, el director Mauricio Aedo recalc\u00f3 que, a trav\u00e9s de iniciativas como \u00e9sta, \u201cnuestro Hospital reafirma d\u00eda a d\u00eda su compromiso con una atenci\u00f3n integral y centrada en las personas, cuidando la mente, el cuerpo y el coraz\u00f3n de la comunidad\u201d.<\/p>\n","protected":false},"excerpt":{"rendered":"Con enfoque integral y humano, y a trav\u00e9s de la conexi\u00f3n con la naturaleza y la activaci\u00f3n de&hellip;\n","protected":false},"author":1,"featured_media":8494,"comment_status":"open","ping_status":"open","sticky":false,"template":"","format":"standard","meta":{"_monsterinsights_skip_tracking":false,"_monsterinsights_sitenote_active":false,"_monsterinsights_sitenote_note":"","_monsterinsights_sitenote_category":0,"footnotes":""},"categories":[8],"tags":[],"class_list":{"0":"post-8487","1":"post","2":"type-post","3":"status-publish","4":"format-standard","5":"has-post-thumbnail","7":"category-portada"},"aioseo_notices":[],"_links":{"self":[{"href":"https:\/\/www.rengoenlanoticia.cl\/prensa\/wp-json\/wp\/v2\/posts\/8487","targetHints":{"allow":["GET"]}}],"collection":[{"href":"https:\/\/www.rengoenlanoticia.cl\/prensa\/wp-json\/wp\/v2\/posts"}],"about":[{"href":"https:\/\/www.rengoenlanoticia.cl\/prensa\/wp-json\/wp\/v2\/types\/post"}],"author":[{"embeddable":true,"href":"https:\/\/www.rengoenlanoticia.cl\/prensa\/wp-json\/wp\/v2\/users\/1"}],"replies":[{"embeddable":true,"href":"https:\/\/www.rengoenlanoticia.cl\/prensa\/wp-json\/wp\/v2\/comments?post=8487"}],"version-history":[{"count":2,"href":"https:\/\/www.rengoenlanoticia.cl\/prensa\/wp-json\/wp\/v2\/posts\/8487\/revisions"}],"predecessor-version":[{"id":8505,"href":"https:\/\/www.rengoenlanoticia.cl\/prensa\/wp-json\/wp\/v2\/posts\/8487\/revisions\/8505"}],"wp:featuredmedia":[{"embeddable":true,"href":"https:\/\/www.rengoenlanoticia.cl\/prensa\/wp-json\/wp\/v2\/media\/8494"}],"wp:attachment":[{"href":"https:\/\/www.rengoenlanoticia.cl\/prensa\/wp-json\/wp\/v2\/media?parent=8487"}],"wp:term":[{"taxonomy":"category","embeddable":true,"href":"https:\/\/www.rengoenlanoticia.cl\/prensa\/wp-json\/wp\/v2\/categories?post=8487"},{"taxonomy":"post_tag","embeddable":true,"href":"https:\/\/www.rengoenlanoticia.cl\/prensa\/wp-json\/wp\/v2\/tags?post=8487"}],"curies":[{"name":"wp","href":"https:\/\/api.w.org\/{rel}","templated":true}]}}