{"id":8483,"date":"2025-12-23T01:30:40","date_gmt":"2025-12-23T01:30:40","guid":{"rendered":"https:\/\/www.rengoenlanoticia.cl\/prensa\/?p=8483"},"modified":"2025-12-23T01:38:38","modified_gmt":"2025-12-23T01:38:38","slug":"la-magia-del-viejito-pascuero-tambien-es-un-derecho","status":"publish","type":"post","link":"https:\/\/www.rengoenlanoticia.cl\/prensa\/2025\/12\/23\/la-magia-del-viejito-pascuero-tambien-es-un-derecho\/","title":{"rendered":"La magia del Viejito Pascuero tambi\u00e9n es un derecho"},"content":{"rendered":"\n<p>Diciembre es uno de los meses m\u00e1s esperados por ni\u00f1as y ni\u00f1os: <strong>salen de vacaciones<\/strong> y <strong>llega el Viejito Pascuero<\/strong>. Mientras lo esperan, es probable que ellas y ellos realicen, al menos, una de estas preguntas: \u00bfEl Viejito Pascuero existe?, \u00bfC\u00f3mo entrega los regalos en una sola noche?, \u00bfC\u00f3mo sabe lo que ped\u00ed?, \u00bfPor qu\u00e9 hay ni\u00f1as y ni\u00f1os que no reciben regalos?<\/p>\n\n\n\n<p>Sin duda, estas y otras dudas relacionadas con el Viejito Pascuero pueden ser una puerta de entrada a su mundo interior. Nos recuerdan que <strong>la ni\u00f1ez es una etapa curiosa e inocente<\/strong> en la que buscan comprender y sentirse seguras\/os en el mundo que habitan, por lo que deben ser acompa\u00f1adas y acompa\u00f1ados amorosamente por las adultas\/os que les rodean.<\/p>\n\n\n\n<p>Estas preguntas tambi\u00e9n nos recuerdan que ni\u00f1as y ni\u00f1os no solo necesitan respuestas que les den seguridad y sentido, sino que buscan ser escuchadas\/os con <strong>respeto, paciencia y cari\u00f1o<\/strong>. En ese sentido, responder estas interrogantes pueden ser una oportunidad para <strong>tocar ciertos temas que no siempre hablamos con ellas y ellos<\/strong>: por ejemplo, el respecto de los valores, v\u00ednculos y derechos, mirando siempre la Navidad desde los ojos de la ni\u00f1ez.<\/p>\n\n\n\n<p>El Viejito Pascuero <strong>se relaciona con el poder de la fantas\u00eda<\/strong>, de ese lenguaje simb\u00f3lico que permite imaginar, crear, esperar y construir v\u00ednculos. A trav\u00e9s de ella, ni\u00f1as y ni\u00f1os pueden <strong>aprender sobre la bondad, la generosidad y la posibilidad de que algo bueno ocurra<\/strong>.<\/p>\n\n\n\n<p>Ahora bien, las preguntas sobre \u201cPap\u00e1 Noel\u201d \u2013como tambi\u00e9n se le conoce\u2013 no requieren de respuestas cerradas o \u00fanicas; <strong>necesitan respuestas amorosas<\/strong>. Una opci\u00f3n es devolver la pregunta diciendo \u201cy t\u00fa, \u00bfqu\u00e9 crees?\u201d. Esto, seg\u00fan su respuesta y la etapa del desarrollo en la que est\u00e9n, permitir\u00e1 acompa\u00f1arles para que <strong>encuentren un sentido propio<\/strong> desde su mundo interno, sus creencias y lo que viven en familia.<\/p>\n\n\n\n<p>Tambi\u00e9n podemos reforzar que el Viejito Pascuero <strong>existe en el coraz\u00f3n de las personas que creen<\/strong>, en los gestos que hacemos para compartir y en el amor que entregamos sin esperar nada a cambio. As\u00ed, la magia se mantiene viva y los valores que la sustentan se vuelven reales en el d\u00eda a d\u00eda.<\/p>\n\n\n\n<p>Sin embargo, hay preguntas m\u00e1s complejas: \u201c\u00bfPor qu\u00e9 algunas ni\u00f1as y ni\u00f1os no reciben regalos?\u201d. Esta interrogante nos recuerda que la Navidad <strong>no se vive igual en todos los hogares<\/strong> y que <strong>no hay una explicaci\u00f3n m\u00e1gica<\/strong> capaz de ocultar las desigualdades. Desde el enfoque de derechos, es una invitaci\u00f3n a reflexionar sobre la <strong>equidad<\/strong>, inclusi\u00f3n y el rol de las adultas y adultos para <strong>construir entornos m\u00e1s justos<\/strong>, donde las ni\u00f1as y ni\u00f1os puedan disfrutar, jugar y sentirse parte.<\/p>\n\n\n\n<p>Escribir la tradicional \u201ccarta al Viejito\u201d puede ser la oportunidad para conversar <strong>sobre el verdadero sentido de la Navidad<\/strong>. M\u00e1s que una lista de regalos, es una invitaci\u00f3n a pensar en lo que realmente deseamos y queremos ofrecer: <strong>un abrazo, un dibujo, recordar a alguien que ya no est\u00e1, tiempo compartido o palabras de cari\u00f1o<\/strong>. As\u00ed, la carta deja de ser un pedido material y se transforma en un <strong>acto de amor y participaci\u00f3n<\/strong>.<\/p>\n\n\n\n<p>Tambi\u00e9n es clave poner atenci\u00f3n a los mensajes que transmitimos a las ni\u00f1as y ni\u00f1os. Frases como \u201c<strong>si te portas bien, el Viejito te traer\u00e1 regalos<\/strong>\u201d pueden ser inofensivas, pero refuerzan la idea de que <strong>el afecto o el reconocimiento se merecen seg\u00fan la conducta<\/strong>. Desde la mirada de derechos, sabemos que cada ni\u00f1a y ni\u00f1o tiene derecho a la protecci\u00f3n, al cari\u00f1o y al respeto sin condiciones. <strong>Su valor no depende de c\u00f3mo se comporten, sino de qui\u00e9nes son<\/strong>.<\/p>\n\n\n\n<p>La Navidad, vivida desde los ojos de ni\u00f1as y ni\u00f1os, nos devuelve a lo esencial. Nos invita a escuchar con atenci\u00f3n y <strong>creer otra vez en la magia de lo simple<\/strong>. Nos recuerda que ni\u00f1as y ni\u00f1os <strong>no necesitan una Navidad perfecta<\/strong>, sino que necesitan una Navidad en que adultas y adultos estemos presentes, con disposici\u00f3n para mirar, acompa\u00f1ar y sostener su ilusi\u00f3n.<\/p>\n\n\n\n<p><strong>El Viejito Pascuero, entonces, s\u00ed existe<\/strong>: en cada gesto de afecto, presencia y cari\u00f1o. Tal vez el mejor regalo para esta Navidad sea recordar que la ilusi\u00f3n de ni\u00f1as y ni\u00f1os merece ser acompa\u00f1ada y respetada, <strong>porque la magia tambi\u00e9n es un derecho<\/strong>.<\/p>\n\n\n\n<p>Si tienes dudas respecto a este tema o a alg\u00fan otro relacionado con crianza respetuosa, puedes contactar a <strong>Fonoinfancia<\/strong>, de lunes a viernes de 8:30 a 19:00 horas. Llamando al 800 200 818 o ingresando a\u202f<a href=\"http:\/\/www.fonoinfancia.cl\">www.fonoinfancia.cl<\/a>. Un equipo de psic\u00f3logas y psic\u00f3logos expertos est\u00e1 disponible para acompa\u00f1arte.<\/p>\n\n\n\n<p><strong>Carolina Diez Pastene, psic\u00f3loga supervisora del Programa Fonoinfancia<\/strong><\/p>\n\n\n\n<p><strong>Fundaci\u00f3n Integra<\/strong><\/p>\n","protected":false},"excerpt":{"rendered":"Diciembre es uno de los meses m\u00e1s esperados por ni\u00f1as y ni\u00f1os: salen de vacaciones y llega el&hellip;\n","protected":false},"author":1,"featured_media":8490,"comment_status":"open","ping_status":"open","sticky":false,"template":"","format":"standard","meta":{"_monsterinsights_skip_tracking":false,"_monsterinsights_sitenote_active":false,"_monsterinsights_sitenote_note":"","_monsterinsights_sitenote_category":0,"footnotes":""},"categories":[8],"tags":[],"class_list":{"0":"post-8483","1":"post","2":"type-post","3":"status-publish","4":"format-standard","5":"has-post-thumbnail","7":"category-portada"},"aioseo_notices":[],"_links":{"self":[{"href":"https:\/\/www.rengoenlanoticia.cl\/prensa\/wp-json\/wp\/v2\/posts\/8483","targetHints":{"allow":["GET"]}}],"collection":[{"href":"https:\/\/www.rengoenlanoticia.cl\/prensa\/wp-json\/wp\/v2\/posts"}],"about":[{"href":"https:\/\/www.rengoenlanoticia.cl\/prensa\/wp-json\/wp\/v2\/types\/post"}],"author":[{"embeddable":true,"href":"https:\/\/www.rengoenlanoticia.cl\/prensa\/wp-json\/wp\/v2\/users\/1"}],"replies":[{"embeddable":true,"href":"https:\/\/www.rengoenlanoticia.cl\/prensa\/wp-json\/wp\/v2\/comments?post=8483"}],"version-history":[{"count":3,"href":"https:\/\/www.rengoenlanoticia.cl\/prensa\/wp-json\/wp\/v2\/posts\/8483\/revisions"}],"predecessor-version":[{"id":8507,"href":"https:\/\/www.rengoenlanoticia.cl\/prensa\/wp-json\/wp\/v2\/posts\/8483\/revisions\/8507"}],"wp:featuredmedia":[{"embeddable":true,"href":"https:\/\/www.rengoenlanoticia.cl\/prensa\/wp-json\/wp\/v2\/media\/8490"}],"wp:attachment":[{"href":"https:\/\/www.rengoenlanoticia.cl\/prensa\/wp-json\/wp\/v2\/media?parent=8483"}],"wp:term":[{"taxonomy":"category","embeddable":true,"href":"https:\/\/www.rengoenlanoticia.cl\/prensa\/wp-json\/wp\/v2\/categories?post=8483"},{"taxonomy":"post_tag","embeddable":true,"href":"https:\/\/www.rengoenlanoticia.cl\/prensa\/wp-json\/wp\/v2\/tags?post=8483"}],"curies":[{"name":"wp","href":"https:\/\/api.w.org\/{rel}","templated":true}]}}