{"id":8477,"date":"2025-12-23T01:38:09","date_gmt":"2025-12-23T01:38:09","guid":{"rendered":"https:\/\/www.rengoenlanoticia.cl\/prensa\/?p=8477"},"modified":"2025-12-23T01:38:13","modified_gmt":"2025-12-23T01:38:13","slug":"en-ohiggins-se-constituye-comite-estrategico-regional-por-escazu","status":"publish","type":"post","link":"https:\/\/www.rengoenlanoticia.cl\/prensa\/2025\/12\/23\/en-ohiggins-se-constituye-comite-estrategico-regional-por-escazu\/","title":{"rendered":"En O\u00b4Higgins se constituye Comit\u00e9 Estrat\u00e9gico Regional por Escaz\u00fa"},"content":{"rendered":"\n<p><strong><em>Esta instancia, ser\u00e1 el espacio formal y representativo de participaci\u00f3n de los distintos sectores de la sociedad y cuyo principal objetivo es dar seguimiento de la implementaci\u00f3n del Plan Nacional de Implementaci\u00f3n Participativa del Acuerdo de Escaz\u00fa a nivel regional y local.<\/em><\/strong><\/p>\n\n\n\n<p>El Seremi del Medio Ambiente de la Regi\u00f3n de O\u00b4Higgins Diego Pe\u00f1aloza, encabez\u00f3 la primera sesi\u00f3n para la constituci\u00f3n del Comit\u00e9 Estrat\u00e9gico Regional por Escaz\u00fa.<\/p>\n\n\n\n<p>En este hito clave, participaron los miembros del Consejo Consultivo Regional del Medio Ambiente (CCR), funcionarios de la Delegaci\u00f3n Presidencial, Gobierno Regional, Servicio de Evaluaci\u00f3n Ambiental (SEA), de la Seremi de Justicia y Derechos Humanos, la Seremi de Desarrollo Social y Familia de la regi\u00f3n de O\u00b4Higgins, y funcionarios municipales de las Ilustres Municipalidades de Rancagua y Pichilemu.<\/p>\n\n\n\n<p>Cabe destacar que el Acuerdo de Escaz\u00fa busca que los ciudadanos tengan la posibilidad de proteger los derechos ambientales para corregir da\u00f1os y resolver conflictos que afectan el ambiente, para esto el Ministerio del Medio Ambiente, elabor\u00f3 un robusto Plan Nacional de Implementaci\u00f3n Participativa del Acuerdo de Escaz\u00fa (PIPE) 2024-2030, el que establece los objetivos, estrategias y prioridades y que ser\u00e1n monitoreadas por el Comit\u00e9 Estrat\u00e9gico Regional por Escaz\u00fa.<\/p>\n\n\n\n<p>Por su parte, la Secretar\u00eda Regional Ministerial del Medio Ambiente Regi\u00f3n del O\u00b4Higgins, tendr\u00e1 un doble rol al presidir y ser Secretar\u00eda T\u00e9cnica de esta instancia, realizando labores de coordinaci\u00f3n y elaboraci\u00f3n de las actas, gesti\u00f3n de materiales y apoyo en seguimiento del plan que se debe implementar en la regi\u00f3n.<\/p>\n\n\n\n<p>En este contexto, el Seremi del Medio Ambiente O\u00b4Higgins, Diego Pe\u00f1aloza, sostuvo que \u201cfirmar el Tratado de Escaz\u00fa fue una de las primeras acciones que realiz\u00f3 el Presidente Gabriel Boric al asumir el gobierno, poniendo el foco en un compromiso muy serio y concreto por la democracia ambiental. La conformaci\u00f3n del Comit\u00e9 Regional del Tratado de Escaz\u00fa, es un hito muy relevante para nuestro Ministerio del Medio Ambiente.\u201d<\/p>\n\n\n\n<p>A\u00f1adiendo que&nbsp;\u201cesta instancia, no solo se fortalece el trabajo colaborativo entre instituciones, comunidades, academia y sociedad civil, sino que adem\u00e1s, nos permite avanzar decididamente en torno al acceso a la informaci\u00f3n, la participaci\u00f3n en la toma de decisiones ambientales y la justicia ambiental, generando lineamientos que puedan proteger de manera particular a quienes defienden el medio ambiente en sus diversos territorios\u201d, concluy\u00f3 el jefe de la cartera ambiental en la Regi\u00f3n de O\u00b4Higgins.<\/p>\n\n\n\n<p>Entre los pilares del Acuerdo de Escaz\u00fa, se encuentra la mejora el acceso a la justicia ambiental; m\u00e1s participaci\u00f3n p\u00fablica; la elevaci\u00f3n de los est\u00e1ndares de la generaci\u00f3n y entrega de informaci\u00f3n ambiental y la protecci\u00f3n de las defensoras y defensores de Derechos Humanos en materia ambiental.<\/p>\n","protected":false},"excerpt":{"rendered":"Esta instancia, ser\u00e1 el espacio formal y representativo de participaci\u00f3n de los distintos sectores de la sociedad y&hellip;\n","protected":false},"author":1,"featured_media":8479,"comment_status":"open","ping_status":"open","sticky":false,"template":"","format":"standard","meta":{"_monsterinsights_skip_tracking":false,"_monsterinsights_sitenote_active":false,"_monsterinsights_sitenote_note":"","_monsterinsights_sitenote_category":0,"footnotes":""},"categories":[8],"tags":[],"class_list":{"0":"post-8477","1":"post","2":"type-post","3":"status-publish","4":"format-standard","5":"has-post-thumbnail","7":"category-portada"},"aioseo_notices":[],"_links":{"self":[{"href":"https:\/\/www.rengoenlanoticia.cl\/prensa\/wp-json\/wp\/v2\/posts\/8477","targetHints":{"allow":["GET"]}}],"collection":[{"href":"https:\/\/www.rengoenlanoticia.cl\/prensa\/wp-json\/wp\/v2\/posts"}],"about":[{"href":"https:\/\/www.rengoenlanoticia.cl\/prensa\/wp-json\/wp\/v2\/types\/post"}],"author":[{"embeddable":true,"href":"https:\/\/www.rengoenlanoticia.cl\/prensa\/wp-json\/wp\/v2\/users\/1"}],"replies":[{"embeddable":true,"href":"https:\/\/www.rengoenlanoticia.cl\/prensa\/wp-json\/wp\/v2\/comments?post=8477"}],"version-history":[{"count":3,"href":"https:\/\/www.rengoenlanoticia.cl\/prensa\/wp-json\/wp\/v2\/posts\/8477\/revisions"}],"predecessor-version":[{"id":8502,"href":"https:\/\/www.rengoenlanoticia.cl\/prensa\/wp-json\/wp\/v2\/posts\/8477\/revisions\/8502"}],"wp:featuredmedia":[{"embeddable":true,"href":"https:\/\/www.rengoenlanoticia.cl\/prensa\/wp-json\/wp\/v2\/media\/8479"}],"wp:attachment":[{"href":"https:\/\/www.rengoenlanoticia.cl\/prensa\/wp-json\/wp\/v2\/media?parent=8477"}],"wp:term":[{"taxonomy":"category","embeddable":true,"href":"https:\/\/www.rengoenlanoticia.cl\/prensa\/wp-json\/wp\/v2\/categories?post=8477"},{"taxonomy":"post_tag","embeddable":true,"href":"https:\/\/www.rengoenlanoticia.cl\/prensa\/wp-json\/wp\/v2\/tags?post=8477"}],"curies":[{"name":"wp","href":"https:\/\/api.w.org\/{rel}","templated":true}]}}