{"id":8471,"date":"2025-12-23T01:38:15","date_gmt":"2025-12-23T01:38:15","guid":{"rendered":"https:\/\/www.rengoenlanoticia.cl\/prensa\/?p=8471"},"modified":"2025-12-23T01:38:20","modified_gmt":"2025-12-23T01:38:20","slug":"hospital-de-graneros-inicia-campana-local-de-buen-trato-junto-a-mutual-de-seguridad","status":"publish","type":"post","link":"https:\/\/www.rengoenlanoticia.cl\/prensa\/2025\/12\/23\/hospital-de-graneros-inicia-campana-local-de-buen-trato-junto-a-mutual-de-seguridad\/","title":{"rendered":"Hospital de Graneros inicia campa\u00f1a local de buen trato junto a Mutual de Seguridad"},"content":{"rendered":"\n<p>En el marco de iniciativa regional impulsada por el Servicio de Salud O\u2019Higgins.<strong><\/strong><\/p>\n\n\n\n<p> Con el objetivo de fortalecer las relaciones laborales basadas en el respeto, la empat\u00eda y el cuidado mutuo, el Hospital de Graneros dio inicio a su campa\u00f1a local de Buen Trato y Respeto en Salud, una acci\u00f3n impulsada por el establecimiento y desarrollada en conjunto con la Mutual de Seguridad CChC, en el marco de la campa\u00f1a regional \u201cUnidos por el Respeto y el Buen Trato en Salud\u201d.<\/p>\n\n\n\n<p>La actividad de lanzamiento se realiz\u00f3 en dependencias del hospital y congreg\u00f3 a funcionarios de distintos estamentos y dirigentes de la comunidad organizada, quienes participaron en una jornada de reflexi\u00f3n y compromiso, dando inicio formal a un trabajo local orientado a promover ambientes laborales sanos y una atenci\u00f3n m\u00e1s humana hacia la comunidad usuaria.<\/p>\n\n\n\n<p>Si bien la campa\u00f1a se enmarca en una estrategia impulsada por el Servicio de Salud O\u2019Higgins en alianza con la Mutual de Seguridad CChC, el Hospital de Graneros asumi\u00f3 este desaf\u00edo desde su propia realidad institucional, definiendo acciones concretas que permitan fortalecer la convivencia, la comunicaci\u00f3n positiva y la prevenci\u00f3n de situaciones de maltrato en el quehacer diario.<\/p>\n\n\n\n<figure class=\"wp-block-image size-full\"><img loading=\"lazy\" decoding=\"async\" width=\"899\" height=\"904\" src=\"https:\/\/www.rengoenlanoticia.cl\/prensa\/wp-content\/uploads\/2025\/12\/unidos-3-1.jpeg\" alt=\"\" class=\"wp-image-8475\" srcset=\"https:\/\/www.rengoenlanoticia.cl\/prensa\/wp-content\/uploads\/2025\/12\/unidos-3-1.jpeg 899w, https:\/\/www.rengoenlanoticia.cl\/prensa\/wp-content\/uploads\/2025\/12\/unidos-3-1-298x300.jpeg 298w, https:\/\/www.rengoenlanoticia.cl\/prensa\/wp-content\/uploads\/2025\/12\/unidos-3-1-150x150.jpeg 150w, https:\/\/www.rengoenlanoticia.cl\/prensa\/wp-content\/uploads\/2025\/12\/unidos-3-1-768x772.jpeg 768w, https:\/\/www.rengoenlanoticia.cl\/prensa\/wp-content\/uploads\/2025\/12\/unidos-3-1-80x80.jpeg 80w, https:\/\/www.rengoenlanoticia.cl\/prensa\/wp-content\/uploads\/2025\/12\/unidos-3-1-110x110.jpeg 110w, https:\/\/www.rengoenlanoticia.cl\/prensa\/wp-content\/uploads\/2025\/12\/unidos-3-1-200x200.jpeg 200w, https:\/\/www.rengoenlanoticia.cl\/prensa\/wp-content\/uploads\/2025\/12\/unidos-3-1-380x382.jpeg 380w, https:\/\/www.rengoenlanoticia.cl\/prensa\/wp-content\/uploads\/2025\/12\/unidos-3-1-255x255.jpeg 255w, https:\/\/www.rengoenlanoticia.cl\/prensa\/wp-content\/uploads\/2025\/12\/unidos-3-1-300x302.jpeg 300w, https:\/\/www.rengoenlanoticia.cl\/prensa\/wp-content\/uploads\/2025\/12\/unidos-3-1-550x553.jpeg 550w, https:\/\/www.rengoenlanoticia.cl\/prensa\/wp-content\/uploads\/2025\/12\/unidos-3-1-800x804.jpeg 800w\" sizes=\"auto, (max-width: 899px) 100vw, 899px\" \/><\/figure>\n\n\n\n<p>El director del Hospital de Graneros, Dr. Mauricio Aedo, destac\u00f3 el valor de este trabajo colaborativo, se\u00f1alando que \u201cesta campa\u00f1a nos permite abordar el buen trato desde una mirada cercana y concreta, construida junto a nuestros equipos y con el apoyo de la Mutual de Seguridad. El respeto no es solo un principio, es una pr\u00e1ctica diaria que impacta directamente en el bienestar de quienes trabajan aqu\u00ed y en la atenci\u00f3n que entregamos a nuestros usuarios\u201d.<\/p>\n\n\n\n<figure class=\"wp-block-image size-full\"><img loading=\"lazy\" decoding=\"async\" width=\"860\" height=\"780\" src=\"https:\/\/www.rengoenlanoticia.cl\/prensa\/wp-content\/uploads\/2025\/12\/unidos-2-1.jpeg\" alt=\"\" class=\"wp-image-8474\" srcset=\"https:\/\/www.rengoenlanoticia.cl\/prensa\/wp-content\/uploads\/2025\/12\/unidos-2-1.jpeg 860w, https:\/\/www.rengoenlanoticia.cl\/prensa\/wp-content\/uploads\/2025\/12\/unidos-2-1-300x272.jpeg 300w, https:\/\/www.rengoenlanoticia.cl\/prensa\/wp-content\/uploads\/2025\/12\/unidos-2-1-768x697.jpeg 768w, https:\/\/www.rengoenlanoticia.cl\/prensa\/wp-content\/uploads\/2025\/12\/unidos-2-1-110x100.jpeg 110w, https:\/\/www.rengoenlanoticia.cl\/prensa\/wp-content\/uploads\/2025\/12\/unidos-2-1-200x181.jpeg 200w, https:\/\/www.rengoenlanoticia.cl\/prensa\/wp-content\/uploads\/2025\/12\/unidos-2-1-380x345.jpeg 380w, https:\/\/www.rengoenlanoticia.cl\/prensa\/wp-content\/uploads\/2025\/12\/unidos-2-1-255x231.jpeg 255w, https:\/\/www.rengoenlanoticia.cl\/prensa\/wp-content\/uploads\/2025\/12\/unidos-2-1-550x499.jpeg 550w, https:\/\/www.rengoenlanoticia.cl\/prensa\/wp-content\/uploads\/2025\/12\/unidos-2-1-800x726.jpeg 800w\" sizes=\"auto, (max-width: 860px) 100vw, 860px\" \/><\/figure>\n\n\n\n<p>Desde la Mutual de Seguridad CChC valoraron el compromiso del hospital, destacando que el trabajo conjunto permitir\u00e1 acompa\u00f1ar a los equipos en materias de salud mental, prevenci\u00f3n y promoci\u00f3n de entornos laborales seguros, fortaleciendo una cultura organizacional centrada en las personas.<\/p>\n\n\n\n<p>La campa\u00f1a local del Hospital de Graneros contempla el desarrollo de actividades participativas, espacios de sensibilizaci\u00f3n y difusi\u00f3n de mensajes preventivos, con el objetivo de consolidar una cultura de respeto y buen trato como sello del establecimiento, en coherencia con la estrategia regional del Servicio de Salud O\u2019Higgins.<strong><\/strong><\/p>\n","protected":false},"excerpt":{"rendered":"En el marco de iniciativa regional impulsada por el Servicio de Salud O\u2019Higgins. Con el objetivo de fortalecer&hellip;\n","protected":false},"author":1,"featured_media":8473,"comment_status":"open","ping_status":"open","sticky":false,"template":"","format":"standard","meta":{"_monsterinsights_skip_tracking":false,"_monsterinsights_sitenote_active":false,"_monsterinsights_sitenote_note":"","_monsterinsights_sitenote_category":0,"footnotes":""},"categories":[8],"tags":[],"class_list":{"0":"post-8471","1":"post","2":"type-post","3":"status-publish","4":"format-standard","5":"has-post-thumbnail","7":"category-portada"},"aioseo_notices":[],"_links":{"self":[{"href":"https:\/\/www.rengoenlanoticia.cl\/prensa\/wp-json\/wp\/v2\/posts\/8471","targetHints":{"allow":["GET"]}}],"collection":[{"href":"https:\/\/www.rengoenlanoticia.cl\/prensa\/wp-json\/wp\/v2\/posts"}],"about":[{"href":"https:\/\/www.rengoenlanoticia.cl\/prensa\/wp-json\/wp\/v2\/types\/post"}],"author":[{"embeddable":true,"href":"https:\/\/www.rengoenlanoticia.cl\/prensa\/wp-json\/wp\/v2\/users\/1"}],"replies":[{"embeddable":true,"href":"https:\/\/www.rengoenlanoticia.cl\/prensa\/wp-json\/wp\/v2\/comments?post=8471"}],"version-history":[{"count":3,"href":"https:\/\/www.rengoenlanoticia.cl\/prensa\/wp-json\/wp\/v2\/posts\/8471\/revisions"}],"predecessor-version":[{"id":8503,"href":"https:\/\/www.rengoenlanoticia.cl\/prensa\/wp-json\/wp\/v2\/posts\/8471\/revisions\/8503"}],"wp:featuredmedia":[{"embeddable":true,"href":"https:\/\/www.rengoenlanoticia.cl\/prensa\/wp-json\/wp\/v2\/media\/8473"}],"wp:attachment":[{"href":"https:\/\/www.rengoenlanoticia.cl\/prensa\/wp-json\/wp\/v2\/media?parent=8471"}],"wp:term":[{"taxonomy":"category","embeddable":true,"href":"https:\/\/www.rengoenlanoticia.cl\/prensa\/wp-json\/wp\/v2\/categories?post=8471"},{"taxonomy":"post_tag","embeddable":true,"href":"https:\/\/www.rengoenlanoticia.cl\/prensa\/wp-json\/wp\/v2\/tags?post=8471"}],"curies":[{"name":"wp","href":"https:\/\/api.w.org\/{rel}","templated":true}]}}