{"id":8459,"date":"2025-12-20T14:04:20","date_gmt":"2025-12-20T14:04:20","guid":{"rendered":"https:\/\/www.rengoenlanoticia.cl\/prensa\/?p=8459"},"modified":"2025-12-20T14:04:22","modified_gmt":"2025-12-20T14:04:22","slug":"embalse-bollenar-da-un-paso-decisivo-arranca-la-ingenieria-que-definira-su-diseno-final","status":"publish","type":"post","link":"https:\/\/www.rengoenlanoticia.cl\/prensa\/2025\/12\/20\/embalse-bollenar-da-un-paso-decisivo-arranca-la-ingenieria-que-definira-su-diseno-final\/","title":{"rendered":"Embalse Bollenar da un paso decisivo: arranca la ingenier\u00eda que definir\u00e1 su dise\u00f1o final"},"content":{"rendered":"\n<p><strong>Empresa adjudicataria del estudio se re\u00fane con organizaci\u00f3n de regantes de Rengo<\/strong><\/p>\n\n\n\n<p>En las oficinas de la Junta de Vigilancia de la Primera Secci\u00f3n del r\u00edo Claro de Rengo se desarroll\u00f3 la primera reuni\u00f3n t\u00e9cnica entre la Consultora TYPSA, recientemente adjudicataria de la licitaci\u00f3n para la Ingenier\u00eda de Detalles del proyecto <strong>\u201cEmbalse Bollenar Rengo, regi\u00f3n de O\u2019Higgins\u201d<\/strong>, y representantes de la organizaci\u00f3n de regantes. En el encuentro participaron adem\u00e1s profesionales del Ministerio de Obras P\u00fablicas (MOP) y de la Direcci\u00f3n de Obras Hidr\u00e1ulicas (DOH).<\/p>\n\n\n\n<p>Durante la jornada, el inspector fiscal del MOP, <strong>Jimmy Jorquera<\/strong>, destac\u00f3 el rol que ha cumplido la Junta de Vigilancia del r\u00edo Claro a lo largo del desarrollo del proyecto, subrayando su profesionalismo, capacidad de articulaci\u00f3n y disposici\u00f3n para facilitar los procesos t\u00e9cnicos. Estas cualidades, se\u00f1al\u00f3, han permitido avanzar sostenidamente en las distintas etapas de esta iniciativa estrat\u00e9gica, que hoy ingresa a una fase decisiva. Asimismo, inform\u00f3 que durante el a\u00f1o <strong>2026<\/strong> se dar\u00e1 inicio al <strong>Estudio de An\u00e1lisis Ambiental<\/strong>, el cual complementar\u00e1 el <strong>Estudio de Impacto Ambiental<\/strong> programado para <strong>2027<\/strong>.<\/p>\n\n\n\n<figure class=\"wp-block-image size-large\"><img loading=\"lazy\" decoding=\"async\" width=\"1024\" height=\"461\" src=\"https:\/\/www.rengoenlanoticia.cl\/prensa\/wp-content\/uploads\/2025\/12\/600212707_1460179952778923_8881685118542669817_n-1024x461.jpg\" alt=\"\" class=\"wp-image-8461\" srcset=\"https:\/\/www.rengoenlanoticia.cl\/prensa\/wp-content\/uploads\/2025\/12\/600212707_1460179952778923_8881685118542669817_n-1024x461.jpg 1024w, https:\/\/www.rengoenlanoticia.cl\/prensa\/wp-content\/uploads\/2025\/12\/600212707_1460179952778923_8881685118542669817_n-300x135.jpg 300w, https:\/\/www.rengoenlanoticia.cl\/prensa\/wp-content\/uploads\/2025\/12\/600212707_1460179952778923_8881685118542669817_n-768x345.jpg 768w, https:\/\/www.rengoenlanoticia.cl\/prensa\/wp-content\/uploads\/2025\/12\/600212707_1460179952778923_8881685118542669817_n-1536x691.jpg 1536w, https:\/\/www.rengoenlanoticia.cl\/prensa\/wp-content\/uploads\/2025\/12\/600212707_1460179952778923_8881685118542669817_n-2048x921.jpg 2048w, https:\/\/www.rengoenlanoticia.cl\/prensa\/wp-content\/uploads\/2025\/12\/600212707_1460179952778923_8881685118542669817_n-110x49.jpg 110w, https:\/\/www.rengoenlanoticia.cl\/prensa\/wp-content\/uploads\/2025\/12\/600212707_1460179952778923_8881685118542669817_n-200x90.jpg 200w, https:\/\/www.rengoenlanoticia.cl\/prensa\/wp-content\/uploads\/2025\/12\/600212707_1460179952778923_8881685118542669817_n-380x171.jpg 380w, https:\/\/www.rengoenlanoticia.cl\/prensa\/wp-content\/uploads\/2025\/12\/600212707_1460179952778923_8881685118542669817_n-255x115.jpg 255w, https:\/\/www.rengoenlanoticia.cl\/prensa\/wp-content\/uploads\/2025\/12\/600212707_1460179952778923_8881685118542669817_n-550x247.jpg 550w, https:\/\/www.rengoenlanoticia.cl\/prensa\/wp-content\/uploads\/2025\/12\/600212707_1460179952778923_8881685118542669817_n-800x360.jpg 800w, https:\/\/www.rengoenlanoticia.cl\/prensa\/wp-content\/uploads\/2025\/12\/600212707_1460179952778923_8881685118542669817_n-1160x522.jpg 1160w, https:\/\/www.rengoenlanoticia.cl\/prensa\/wp-content\/uploads\/2025\/12\/600212707_1460179952778923_8881685118542669817_n-scaled.jpg 2560w\" sizes=\"auto, (max-width: 1024px) 100vw, 1024px\" \/><\/figure>\n\n\n\n<p>Por su parte, el presidente de la Junta de Vigilancia del r\u00edo Claro, <strong>\u00c1lvaro Paredes<\/strong>, valor\u00f3 el compromiso asumido por la ministra de Obras P\u00fablicas, <strong>Jessica L\u00f3pez<\/strong>, quien hace cerca de un a\u00f1o recibi\u00f3 a los agricultores de Rengo y comprometi\u00f3 su gesti\u00f3n para avanzar en el dise\u00f1o final del proyecto y en los estudios ambientales, procesos que hoy ya se encuentran oficialmente en marcha. En la ocasi\u00f3n, Paredes manifest\u00f3 a la Consultora TYPSA su expectativa de un trabajo colaborativo y de alto est\u00e1ndar profesional durante los aproximadamente dos a\u00f1os que se extender\u00e1 esta etapa.<\/p>\n\n\n\n<figure class=\"wp-block-image size-large\"><img loading=\"lazy\" decoding=\"async\" width=\"1024\" height=\"461\" src=\"https:\/\/www.rengoenlanoticia.cl\/prensa\/wp-content\/uploads\/2025\/12\/600432372_1460180079445577_8722797588756894516_n-1024x461.jpg\" alt=\"\" class=\"wp-image-8464\" srcset=\"https:\/\/www.rengoenlanoticia.cl\/prensa\/wp-content\/uploads\/2025\/12\/600432372_1460180079445577_8722797588756894516_n-1024x461.jpg 1024w, https:\/\/www.rengoenlanoticia.cl\/prensa\/wp-content\/uploads\/2025\/12\/600432372_1460180079445577_8722797588756894516_n-300x135.jpg 300w, https:\/\/www.rengoenlanoticia.cl\/prensa\/wp-content\/uploads\/2025\/12\/600432372_1460180079445577_8722797588756894516_n-768x346.jpg 768w, https:\/\/www.rengoenlanoticia.cl\/prensa\/wp-content\/uploads\/2025\/12\/600432372_1460180079445577_8722797588756894516_n-1536x691.jpg 1536w, https:\/\/www.rengoenlanoticia.cl\/prensa\/wp-content\/uploads\/2025\/12\/600432372_1460180079445577_8722797588756894516_n-2048x922.jpg 2048w, https:\/\/www.rengoenlanoticia.cl\/prensa\/wp-content\/uploads\/2025\/12\/600432372_1460180079445577_8722797588756894516_n-110x50.jpg 110w, https:\/\/www.rengoenlanoticia.cl\/prensa\/wp-content\/uploads\/2025\/12\/600432372_1460180079445577_8722797588756894516_n-200x90.jpg 200w, https:\/\/www.rengoenlanoticia.cl\/prensa\/wp-content\/uploads\/2025\/12\/600432372_1460180079445577_8722797588756894516_n-380x171.jpg 380w, https:\/\/www.rengoenlanoticia.cl\/prensa\/wp-content\/uploads\/2025\/12\/600432372_1460180079445577_8722797588756894516_n-255x115.jpg 255w, https:\/\/www.rengoenlanoticia.cl\/prensa\/wp-content\/uploads\/2025\/12\/600432372_1460180079445577_8722797588756894516_n-550x248.jpg 550w, https:\/\/www.rengoenlanoticia.cl\/prensa\/wp-content\/uploads\/2025\/12\/600432372_1460180079445577_8722797588756894516_n-800x360.jpg 800w, https:\/\/www.rengoenlanoticia.cl\/prensa\/wp-content\/uploads\/2025\/12\/600432372_1460180079445577_8722797588756894516_n-1160x522.jpg 1160w, https:\/\/www.rengoenlanoticia.cl\/prensa\/wp-content\/uploads\/2025\/12\/600432372_1460180079445577_8722797588756894516_n-scaled.jpg 2560w\" sizes=\"auto, (max-width: 1024px) 100vw, 1024px\" \/><\/figure>\n\n\n\n<p>Desde la empresa consultora, el director de la Divisi\u00f3n Aguas de TYPSA, <strong>Pablo Z\u00fa\u00f1iga<\/strong>, explic\u00f3 que el principal desaf\u00edo del proyecto es desarrollar el dise\u00f1o con la mayor cantidad de informaci\u00f3n t\u00e9cnica disponible. \u201cEs fundamental complementar los an\u00e1lisis de mec\u00e1nica de suelos para asegurar adecuadamente los procesos de permeabilidad del futuro embalse. En los pr\u00f3ximos meses realizaremos investigaciones de subsuelo que permitir\u00e1n optimizar tanto el dise\u00f1o de la presa como de la zona de inundaci\u00f3n\u201d, indic\u00f3. Agreg\u00f3 que el trabajo contar\u00e1 con un equipo cercano a <strong>40 profesionales<\/strong>, distribuidos en <strong>15 especialidades<\/strong>.<\/p>\n\n\n\n<figure class=\"wp-block-image size-large\"><img loading=\"lazy\" decoding=\"async\" width=\"1024\" height=\"461\" src=\"https:\/\/www.rengoenlanoticia.cl\/prensa\/wp-content\/uploads\/2025\/12\/600259137_1460180022778916_8641732691040349010_n-1024x461.jpg\" alt=\"\" class=\"wp-image-8462\" srcset=\"https:\/\/www.rengoenlanoticia.cl\/prensa\/wp-content\/uploads\/2025\/12\/600259137_1460180022778916_8641732691040349010_n-1024x461.jpg 1024w, https:\/\/www.rengoenlanoticia.cl\/prensa\/wp-content\/uploads\/2025\/12\/600259137_1460180022778916_8641732691040349010_n-300x135.jpg 300w, https:\/\/www.rengoenlanoticia.cl\/prensa\/wp-content\/uploads\/2025\/12\/600259137_1460180022778916_8641732691040349010_n-768x345.jpg 768w, https:\/\/www.rengoenlanoticia.cl\/prensa\/wp-content\/uploads\/2025\/12\/600259137_1460180022778916_8641732691040349010_n-1536x691.jpg 1536w, https:\/\/www.rengoenlanoticia.cl\/prensa\/wp-content\/uploads\/2025\/12\/600259137_1460180022778916_8641732691040349010_n-2048x921.jpg 2048w, https:\/\/www.rengoenlanoticia.cl\/prensa\/wp-content\/uploads\/2025\/12\/600259137_1460180022778916_8641732691040349010_n-110x49.jpg 110w, https:\/\/www.rengoenlanoticia.cl\/prensa\/wp-content\/uploads\/2025\/12\/600259137_1460180022778916_8641732691040349010_n-200x90.jpg 200w, https:\/\/www.rengoenlanoticia.cl\/prensa\/wp-content\/uploads\/2025\/12\/600259137_1460180022778916_8641732691040349010_n-380x171.jpg 380w, https:\/\/www.rengoenlanoticia.cl\/prensa\/wp-content\/uploads\/2025\/12\/600259137_1460180022778916_8641732691040349010_n-255x115.jpg 255w, https:\/\/www.rengoenlanoticia.cl\/prensa\/wp-content\/uploads\/2025\/12\/600259137_1460180022778916_8641732691040349010_n-550x247.jpg 550w, https:\/\/www.rengoenlanoticia.cl\/prensa\/wp-content\/uploads\/2025\/12\/600259137_1460180022778916_8641732691040349010_n-800x360.jpg 800w, https:\/\/www.rengoenlanoticia.cl\/prensa\/wp-content\/uploads\/2025\/12\/600259137_1460180022778916_8641732691040349010_n-1160x522.jpg 1160w, https:\/\/www.rengoenlanoticia.cl\/prensa\/wp-content\/uploads\/2025\/12\/600259137_1460180022778916_8641732691040349010_n-scaled.jpg 2560w\" sizes=\"auto, (max-width: 1024px) 100vw, 1024px\" \/><\/figure>\n\n\n\n<p>La actividad concluy\u00f3 con una visita a terreno al sector <strong>El Bollenar<\/strong>, donde los asistentes intercambiaron visiones y se explic\u00f3 el proceso previamente establecido para el desarrollo del proyecto, el cual contempla <strong>seis etapas<\/strong> diferenciadas para su ejecuci\u00f3n.<\/p>\n\n\n\n<p><\/p>\n","protected":false},"excerpt":{"rendered":"Empresa adjudicataria del estudio se re\u00fane con organizaci\u00f3n de regantes de Rengo En las oficinas de la Junta&hellip;\n","protected":false},"author":2,"featured_media":8463,"comment_status":"open","ping_status":"open","sticky":false,"template":"","format":"standard","meta":{"_monsterinsights_skip_tracking":false,"_monsterinsights_sitenote_active":false,"_monsterinsights_sitenote_note":"","_monsterinsights_sitenote_category":0,"footnotes":""},"categories":[8],"tags":[],"class_list":{"0":"post-8459","1":"post","2":"type-post","3":"status-publish","4":"format-standard","5":"has-post-thumbnail","7":"category-portada"},"aioseo_notices":[],"_links":{"self":[{"href":"https:\/\/www.rengoenlanoticia.cl\/prensa\/wp-json\/wp\/v2\/posts\/8459","targetHints":{"allow":["GET"]}}],"collection":[{"href":"https:\/\/www.rengoenlanoticia.cl\/prensa\/wp-json\/wp\/v2\/posts"}],"about":[{"href":"https:\/\/www.rengoenlanoticia.cl\/prensa\/wp-json\/wp\/v2\/types\/post"}],"author":[{"embeddable":true,"href":"https:\/\/www.rengoenlanoticia.cl\/prensa\/wp-json\/wp\/v2\/users\/2"}],"replies":[{"embeddable":true,"href":"https:\/\/www.rengoenlanoticia.cl\/prensa\/wp-json\/wp\/v2\/comments?post=8459"}],"version-history":[{"count":3,"href":"https:\/\/www.rengoenlanoticia.cl\/prensa\/wp-json\/wp\/v2\/posts\/8459\/revisions"}],"predecessor-version":[{"id":8468,"href":"https:\/\/www.rengoenlanoticia.cl\/prensa\/wp-json\/wp\/v2\/posts\/8459\/revisions\/8468"}],"wp:featuredmedia":[{"embeddable":true,"href":"https:\/\/www.rengoenlanoticia.cl\/prensa\/wp-json\/wp\/v2\/media\/8463"}],"wp:attachment":[{"href":"https:\/\/www.rengoenlanoticia.cl\/prensa\/wp-json\/wp\/v2\/media?parent=8459"}],"wp:term":[{"taxonomy":"category","embeddable":true,"href":"https:\/\/www.rengoenlanoticia.cl\/prensa\/wp-json\/wp\/v2\/categories?post=8459"},{"taxonomy":"post_tag","embeddable":true,"href":"https:\/\/www.rengoenlanoticia.cl\/prensa\/wp-json\/wp\/v2\/tags?post=8459"}],"curies":[{"name":"wp","href":"https:\/\/api.w.org\/{rel}","templated":true}]}}