{"id":8456,"date":"2025-12-20T14:04:13","date_gmt":"2025-12-20T14:04:13","guid":{"rendered":"https:\/\/www.rengoenlanoticia.cl\/prensa\/?p=8456"},"modified":"2025-12-20T14:04:16","modified_gmt":"2025-12-20T14:04:16","slug":"senador-castro-llama-a-vacunarse-ante-presencia-en-chile-de-nueva-variante-de-influenza-h3n2","status":"publish","type":"post","link":"https:\/\/www.rengoenlanoticia.cl\/prensa\/2025\/12\/20\/senador-castro-llama-a-vacunarse-ante-presencia-en-chile-de-nueva-variante-de-influenza-h3n2\/","title":{"rendered":"Senador Castro llama a vacunarse ante presencia en Chile de nueva variante de influenza H3N2"},"content":{"rendered":"\n<p><em>El tambi\u00e9n m\u00e9dico, advirti\u00f3 que afecta con mayor severidad a adultos mayores y enfermos cr\u00f3nicos, e inst\u00f3 a consultar oportunamente ante s\u00edntomas.<\/em><\/p>\n\n\n\n<p><br>El Ministerio de Salud confirm\u00f3 la detecci\u00f3n en Chile del subclado K de influenza A(H3N2), una variante que actualmente circula con fuerza en el hemisferio norte y que, si bien no ha mostrado mayor gravedad poblacional ni aumento de hospitalizaciones en el pa\u00eds, s\u00ed representa un riesgo m\u00e1s elevado para adultos mayores y personas con enfermedades cr\u00f3nicas, seg\u00fan advirti\u00f3 el senador por la regi\u00f3n de O\u2019Higgins, Juan Luis Castro.<\/p>\n\n\n\n<p>De acuerdo al Minsal y al Instituto de Salud P\u00fablica (ISP), la identificaci\u00f3n de esta variante se realiz\u00f3 a trav\u00e9s del fortalecimiento de la vigilancia gen\u00f3mica. La informaci\u00f3n epidemiol\u00f3gica indica que la actividad de influenza en Chile se mantiene en descenso, pero la detecci\u00f3n del subclado K obliga a reforzar las medidas preventivas, especialmente la vacunaci\u00f3n.<\/p>\n\n\n\n<p>El senador Juan Luis Castro, m\u00e9dico y miembro de la comisi\u00f3n de Salud, explic\u00f3 que esta variante corresponde a una influenza tipo A ya conocida, pero con caracter\u00edsticas que requieren mayor cautela. \u201cLa nueva cepa de influenza tipo A, que es un grupo de influenza que conocemos, pero que sin embargo esta variante que est\u00e1 azotando el hemisferio norte ya lleg\u00f3 a Chile. \u00bfQu\u00e9 es lo peligroso? Que ataca con m\u00e1s virulencia a adultos mayores y enfermos cr\u00f3nicos a cualquier edad.\u201d<\/p>\n\n\n\n<p>El parlamentario recalc\u00f3 que quienes se vacunaron este a\u00f1o mantienen protecci\u00f3n, pero llam\u00f3 a no descuidar los s\u00edntomas. \u201cLa recomendaci\u00f3n es muy simple. La gente que se vacun\u00f3 este a\u00f1o, en marzo y junio, obviamente tiene una protecci\u00f3n. Pero si hay s\u00edntomas, esos s\u00edntomas deben motivar una consulta m\u00e9dica, porque de lo contrario, esa cepa en particular puede llevar a neumon\u00edas o incluso a desenlaces fatales.\u201d<\/p>\n\n\n\n<p>Tambi\u00e9n subray\u00f3 que quienes no se inmunizaron a\u00fan est\u00e1n a tiempo, y que deben hacerlo cuanto antes. \u201cLa gente no vacunada todav\u00eda tiene opci\u00f3n de hacerlo, y lo puede hacer en cualquier centro de salud, porque ha quedado desprotegida durante todo el periodo de este a\u00f1o, pero ahora la cosa viene m\u00e1s seria.\u201d<\/p>\n\n\n\n<p><strong>Nueva vacuna 2026 llegar\u00e1 antes y ser\u00e1 m\u00e1s espec\u00edfica<\/strong><\/p>\n\n\n\n<p>El Minsal inform\u00f3 que la vacuna contra la influenza correspondiente a la temporada 2026 se adelantar\u00e1 para febrero, y su formulaci\u00f3n est\u00e1 dirigida espec\u00edficamente a combatir la variante H3N2, lo que fue valorado por el senador Castro: \u201cEs una buena noticia del Ministerio de Salud, una vacunaci\u00f3n m\u00e1s universal, m\u00e1s temprana y con una vacuna m\u00e1s dirigida a contraatacar esta nueva variante que tiene m\u00e1s peligrosidad. Aunque no hay que alarmar, es m\u00e1s seria en el da\u00f1o que puede provocar en personas vulnerables.\u201d<\/p>\n\n\n\n<p>El senador reiter\u00f3 que la mayor precauci\u00f3n debe concentrarse en grupos de riesgo, adultos mayores, personas inmunodeprimidas, pacientes oncol\u00f3gicos, personas con enfermedad renal cr\u00f3nica, diabetes, hipertensi\u00f3n, asma u otras condiciones que disminuyen las defensas.<\/p>\n","protected":false},"excerpt":{"rendered":"El tambi\u00e9n m\u00e9dico, advirti\u00f3 que afecta con mayor severidad a adultos mayores y enfermos cr\u00f3nicos, e inst\u00f3 a&hellip;\n","protected":false},"author":1,"featured_media":8457,"comment_status":"open","ping_status":"open","sticky":false,"template":"","format":"standard","meta":{"_monsterinsights_skip_tracking":false,"_monsterinsights_sitenote_active":false,"_monsterinsights_sitenote_note":"","_monsterinsights_sitenote_category":0,"footnotes":""},"categories":[11,8],"tags":[],"class_list":{"0":"post-8456","1":"post","2":"type-post","3":"status-publish","4":"format-standard","5":"has-post-thumbnail","7":"category-politica","8":"category-portada"},"aioseo_notices":[],"_links":{"self":[{"href":"https:\/\/www.rengoenlanoticia.cl\/prensa\/wp-json\/wp\/v2\/posts\/8456","targetHints":{"allow":["GET"]}}],"collection":[{"href":"https:\/\/www.rengoenlanoticia.cl\/prensa\/wp-json\/wp\/v2\/posts"}],"about":[{"href":"https:\/\/www.rengoenlanoticia.cl\/prensa\/wp-json\/wp\/v2\/types\/post"}],"author":[{"embeddable":true,"href":"https:\/\/www.rengoenlanoticia.cl\/prensa\/wp-json\/wp\/v2\/users\/1"}],"replies":[{"embeddable":true,"href":"https:\/\/www.rengoenlanoticia.cl\/prensa\/wp-json\/wp\/v2\/comments?post=8456"}],"version-history":[{"count":3,"href":"https:\/\/www.rengoenlanoticia.cl\/prensa\/wp-json\/wp\/v2\/posts\/8456\/revisions"}],"predecessor-version":[{"id":8469,"href":"https:\/\/www.rengoenlanoticia.cl\/prensa\/wp-json\/wp\/v2\/posts\/8456\/revisions\/8469"}],"wp:featuredmedia":[{"embeddable":true,"href":"https:\/\/www.rengoenlanoticia.cl\/prensa\/wp-json\/wp\/v2\/media\/8457"}],"wp:attachment":[{"href":"https:\/\/www.rengoenlanoticia.cl\/prensa\/wp-json\/wp\/v2\/media?parent=8456"}],"wp:term":[{"taxonomy":"category","embeddable":true,"href":"https:\/\/www.rengoenlanoticia.cl\/prensa\/wp-json\/wp\/v2\/categories?post=8456"},{"taxonomy":"post_tag","embeddable":true,"href":"https:\/\/www.rengoenlanoticia.cl\/prensa\/wp-json\/wp\/v2\/tags?post=8456"}],"curies":[{"name":"wp","href":"https:\/\/api.w.org\/{rel}","templated":true}]}}